{"id":110661,"date":"2025-05-08T23:36:06","date_gmt":"2025-05-08T23:36:06","guid":{"rendered":"https:\/\/kamucalisani.net\/?p=110661"},"modified":"2025-05-08T23:36:06","modified_gmt":"2025-05-08T23:36:06","slug":"samsung-iki-galaxy-z-fold-7-modeli-uzerinde-calisiyor-uce-katlanabilir-model-gelebilir","status":"publish","type":"post","link":"https:\/\/kamucalisani.net\/index.php\/2025\/05\/08\/samsung-iki-galaxy-z-fold-7-modeli-uzerinde-calisiyor-uce-katlanabilir-model-gelebilir\/","title":{"rendered":"Samsung, iki Galaxy Z Fold 7 modeli \u00fczerinde \u00e7al\u0131\u015f\u0131yor: \u00dc\u00e7e katlanabilir model gelebilir"},"content":{"rendered":"<p><figure> <span> <img decoding=\"async\" src=\"https:\/\/kamucalisani.net\/wp-content\/uploads\/2025\/05\/samsung-iki-galaxy-z-fold-7-modeli-uzerinde-calisiyor-uce-katlanabilir-model-gelebilir-0-W75Lb2Dq.jpg\"\/> <\/span> Samsung, yeni nesil katlanabilir telefonu <strong>Galaxy Z Fold 7<\/strong> \u00fczerinde \u00e7al\u0131\u015fmalar\u0131n\u0131 s\u00fcrd\u00fcr\u00fcyor.\u00a0Ancak \u015firketin bu sefer iki model \u00fczerinde \u00e7al\u0131\u015ft\u0131\u011f\u0131 belirtiliyor. Bu modellerden biri <strong>\u00fc\u00e7e katlanabilir<\/strong> bir telefon olabilir. <\/figure>\n<p>\u015eirket yak\u0131n zamanda Galaxy Z Fold Special Edition&#8217;\u0131 yaln\u0131zca G\u00fcney Kore&#8217;de piyasaya s\u00fcrd\u00fc. Galaxy Z Fold 6&#8217;n\u0131n daha b\u00fcy\u00fck ve daha ince bir versiyonu olan bu model, 200 MP kameraya sahip ancak S Pen deste\u011finden yoksun.<\/p>\n<p><b>Farkl\u0131 iki kod ad\u0131na sahip telefon ortaya \u00e7\u0131kt\u0131<\/b><\/p>\n<p>Galaxy Club&#8217;dan gelen bir rapora g\u00f6re Samsung,<strong> &#8220;Q7&#8221;<\/strong> ve<strong> &#8220;Q7M&#8221;<\/strong> kod adlar\u0131yla bilinen iki yeni Galaxy Z Fold 7 modeli \u00fczerinde \u00e7al\u0131\u015f\u0131yor. Q7M modeli \u00f6zellikle ilgi \u00e7ekici, \u00e7\u00fcnk\u00fc bu modelin \u00fc\u00e7e katlanabilir bir model olabilece\u011fi y\u00f6n\u00fcnde iddialar var.<\/p>\n<p>Ge\u00e7ti\u011fimiz ay<strong> Huawei,<\/strong> sekt\u00f6r\u00fcn ilk \u00fc\u00e7e katlan\u0131r telefonu <strong>Mate XT Ultimate<\/strong>&#8216;i tan\u0131tm\u0131\u015f ve b\u00fcy\u00fck ilgi toplam\u0131\u015ft\u0131. Daha sonra <strong>Xiaomi<\/strong> ve <strong>Samsung<\/strong>&#8216;un da benzer bir model \u00fczerinde \u00e7al\u0131\u015ft\u0131klar\u0131na dair haberler ortaya \u00e7\u0131km\u0131\u015ft\u0131. Bu nedenle iddialar do\u011fru \u00e7\u0131kabilir ve \u00f6n\u00fcm\u00fczdeki sene \u00fc\u00e7e katlan\u0131r bir Galaxy Z Fold modelini piyasada g\u00f6rebiliriz.<\/p>\n<p>Galaxy\u00a0Z Fold 7&#8217;nin \u00f6zellikleriyle ilgili ortada \u00e7ok fazla bilgi olmasa da,\u00a0Qualcomm&#8217;un yeni amiral gemisi i\u015flemcisi <strong>Snapdragon 8 Elite<\/strong>&#8216;den g\u00fc\u00e7 almas\u0131 muhtemel. Kamera taraf\u0131nda ise\u00a0Special Edition modelinde yer alan 200 MP sens\u00f6r\u00fcn kullan\u0131lmas\u0131n\u0131 bekleyebiliriz.<\/p>\n\n<p>Kaynak\u00a0 :\u00a0<span style=\"background-color: rgb(255, 249, 236); color: rgb(55, 58, 60); font-size: 14px;\">https:\/\/www.donanimhaber.com\/samsung-iki-galaxy-z-fold-7-modeli-uzerinde-calisiyor&#8211;183530<\/span><\/p>\n","protected":false},"excerpt":{"rendered":"<p>Samsung, yeni nesil katlanabilir telefonu Galaxy Z Fold 7 \u00fczerinde \u00e7al\u0131\u015fmalar\u0131n\u0131 s\u00fcrd\u00fcr\u00fcyor.\u00a0Ancak \u015firketin bu sefer iki model \u00fczerinde \u00e7al\u0131\u015ft\u0131\u011f\u0131 belirtiliyor. Bu modellerden biri \u00fc\u00e7e katlanabilir bir telefon olabilir. \u015eirket yak\u0131n zamanda &#8230;<\/p>\n","protected":false},"author":1,"featured_media":110662,"comment_status":"open","ping_status":"open","sticky":false,"template":"","format":"standard","meta":{"footnotes":""},"categories":[8],"tags":[2977,449],"class_list":["post-110661","post","type-post","status-publish","format-standard","has-post-thumbnail","hentry","category-teknoloji","tag-galaxy-z-fold","tag-model"],"_links":{"self":[{"href":"https:\/\/kamucalisani.net\/index.php\/wp-json\/wp\/v2\/posts\/110661","targetHints":{"allow":["GET"]}}],"collection":[{"href":"https:\/\/kamucalisani.net\/index.php\/wp-json\/wp\/v2\/posts"}],"about":[{"href":"https:\/\/kamucalisani.net\/index.php\/wp-json\/wp\/v2\/types\/post"}],"author":[{"embeddable":true,"href":"https:\/\/kamucalisani.net\/index.php\/wp-json\/wp\/v2\/users\/1"}],"replies":[{"embeddable":true,"href":"https:\/\/kamucalisani.net\/index.php\/wp-json\/wp\/v2\/comments?post=110661"}],"version-history":[{"count":1,"href":"https:\/\/kamucalisani.net\/index.php\/wp-json\/wp\/v2\/posts\/110661\/revisions"}],"predecessor-version":[{"id":110664,"href":"https:\/\/kamucalisani.net\/index.php\/wp-json\/wp\/v2\/posts\/110661\/revisions\/110664"}],"wp:featuredmedia":[{"embeddable":true,"href":"https:\/\/kamucalisani.net\/index.php\/wp-json\/wp\/v2\/media\/110662"}],"wp:attachment":[{"href":"https:\/\/kamucalisani.net\/index.php\/wp-json\/wp\/v2\/media?parent=110661"}],"wp:term":[{"taxonomy":"category","embeddable":true,"href":"https:\/\/kamucalisani.net\/index.php\/wp-json\/wp\/v2\/categories?post=110661"},{"taxonomy":"post_tag","embeddable":true,"href":"https:\/\/kamucalisani.net\/index.php\/wp-json\/wp\/v2\/tags?post=110661"}],"curies":[{"name":"wp","href":"https:\/\/api.w.org\/{rel}","templated":true}]}}