{"id":110749,"date":"2025-05-09T03:24:05","date_gmt":"2025-05-09T03:24:05","guid":{"rendered":"https:\/\/kamucalisani.net\/?p=110749"},"modified":"2025-05-09T03:24:05","modified_gmt":"2025-05-09T03:24:05","slug":"ozel-chp-katliam-yasasina-karsi-kirmizi-alarmdadir","status":"publish","type":"post","link":"https:\/\/kamucalisani.net\/index.php\/2025\/05\/09\/ozel-chp-katliam-yasasina-karsi-kirmizi-alarmdadir\/","title":{"rendered":"\u00d6zel: CHP katliam yasas\u0131na kar\u015f\u0131 k\u0131rm\u0131z\u0131 alarmdad\u0131r"},"content":{"rendered":"<p><p>CHP, e\u011fitim alan\u0131nda ya\u015fanan sorunlara dikkat \u00e7ekmek amac\u0131yla Ankara&#8217;n\u0131n \u00c7ankaya il\u00e7esindeki An\u0131tpark\u2019ta halka a\u00e7\u0131k &#8216;E\u011fitim Maratonu&#8217; etkinli\u011fi ger\u00e7ekle\u015ftirdi. 24 saat s\u00fcrecek E\u011fitim Maratonu&#8217;nun a\u00e7\u0131l\u0131\u015f\u0131n\u0131 CHP Genel Ba\u015fkan\u0131 \u00d6zg\u00fcr \u00d6zel ger\u00e7ekle\u015ftirdi. \u00d6zel, &#8220;Cumhuriyet tarihinin en sorunlu Milli E\u011fitim Bakan\u0131n\u0131n sorunlara nas\u0131l sorun katt\u0131\u011f\u0131n\u0131 ve hepimizin evlatlar\u0131n\u0131n, \u00e7ocuklar\u0131n\u0131n ortak gelece\u011fi, dolay\u0131s\u0131yla \u00fclkenin ortak gelece\u011fini nas\u0131l heba edildi\u011fini, nas\u0131l risklerin bar\u0131nd\u0131r\u0131ld\u0131\u011f\u0131n\u0131, konu\u015faca\u011f\u0131m\u0131z bir s\u00fcreci ba\u015flatmak \u00fczere buraday\u0131z. Bu k\u00fcrs\u00fc Meclisin yan\u0131 ba\u015f\u0131na kurulabilecekken d\u00fcn ak\u015fam saatlerinde \u0130\u00e7i\u015fleri Bakan\u0131n\u0131n ve Ankara Valisinin talimatlar\u0131yla park\u0131n etraf\u0131n\u0131 bariyerlerle \u00e7evirdiler. Milli Egemenlik Park\u0131&#8217;na kurulacak bu k\u00fcrs\u00fcy\u00fc geldik An\u0131tpark&#8217;a kurduk ve 24 saat boyunca buradan e\u011fitim politikalar\u0131yla ilgili s\u00f6ylenmesi gereken ne varsa her \u015fey buradan s\u00f6ylenecek&#8221; dedi.<\/p>\n<p><strong>&#8216;KAR\u015eIMIZDAK\u0130 Z\u0130HN\u0130YET S\u00d6ZDEN KORKMAKTADIR&#8217;<\/strong><\/p>\n<p>\u00d6zel, bar\u0131\u015f\u00e7\u0131l, bilimsel, \u00e7\u00f6z\u00fcm \u00f6neren bir eylemlili\u011fi, bir etkinli\u011fi dahi devletin polisine, kanunsuz emirler vererek, anayasaya ayk\u0131r\u0131 emirler vererek engellemeye \u00e7al\u0131\u015fan bir zihniyetle kar\u015f\u0131 kar\u015f\u0131ya olduklar\u0131n\u0131 s\u00f6yleyerek, &#8220;Dertleri bahaneleri; &#8216;Oraya hayvanseverler geldi. Buray\u0131 ele ge\u00e7irecekler. Buray\u0131 b\u0131rakmayacaklar. Sizin i\u00e7in a\u00e7arsak onlar da kal\u0131r.&#8217; Kals\u0131n zaten. Sen Meclis&#8217;e hayvanlar\u0131 katledecek, \u00f6ld\u00fcrecek, zehirleyecek bir d\u00fczenlemeyi getir, buna isyan edenler, sesini duyurmaya \u00e7al\u0131\u015fanlar ko\u015fsun Ankara&#8217;ya gelsinler; &#8216;efendim Milli Egemenlik Park\u0131&#8217;n\u0131 hayvanseverler ele ge\u00e7irmesin.&#8217; &#8216;Milli egemenlik&#8217; demek milletin dedi\u011finin olmas\u0131 demektir. Bir ki\u015finin, bir z\u00fcmrenin, bir partinin s\u00f6ylenilmemesini istedi\u011fi, konu\u015fulmas\u0131n\u0131 istemedi\u011finin konu\u015fulmas\u0131n\u0131n engellenmesine zaten &#8216;milli egemenlik&#8217; demiyoruz. Ona diktat\u00f6rl\u00fck diyoruz, ona keyfi y\u00f6netim diyoruz, ona tek adam rejimi diyoruz. Bu kurtulunmas\u0131 gereken bir zihniyetken, bunu yerle\u015ftirmeye ve buna anlay\u0131\u015f g\u00f6stermemizi bekliyorlar. &#8216;\u0130\u00e7eride havyan haklar\u0131 konu\u015fuluyor, hayvanseverler gelip eylem yapmas\u0131n.&#8217; CHP olarak kim hakk\u0131n\u0131 ar\u0131yorsa ki hayvanseverlerin orada tek ba\u015f\u0131na y\u00fcr\u00fctt\u00fckleri bir m\u00fccadele de\u011fil; hepimiz hayvanseveriz, hepimiz o canlar\u0131n \u00f6n\u00fcnde kendimizi siper etmeye haz\u0131r\u0131z. CHP grubu hem &#8216;hayvan haklar\u0131 yasas\u0131&#8217; ad\u0131n\u0131 ta\u015f\u0131yan katliam yasas\u0131na kar\u015f\u0131, hem de kad\u0131n\u0131n soyad\u0131n\u0131 istedi\u011fi gibi belirlemesi ve kullanmas\u0131n\u0131n \u00f6n\u00fcndeki zorba dayatmaya kar\u015f\u0131 k\u0131rm\u0131z\u0131 alarmdad\u0131r. Meclis&#8217;te de m\u00fccadele vermekte, sokakta da m\u00fccadele vermektedir. Kar\u015f\u0131m\u0131zdaki zihniyet s\u00f6zden korkmaktad\u0131r, m\u00fczakereden korkmaktad\u0131r, kar\u015f\u0131m\u0131zdaki zihniyetin bildi\u011fi \u015fey s\u00f6z\u00fcn kar\u015f\u0131s\u0131na bariyer koymakt\u0131r, d\u00fc\u015f\u00fcncenin kar\u015f\u0131s\u0131na polis dikmektir. Tart\u0131\u015fman\u0131n yerine tartaklamay\u0131 tercih eden bu zihniyeti CHP, akl\u0131yla, y\u00fcre\u011fiyle, zihniyle ve bedeniyle dize getirecektir&#8221; diye konu\u015ftu.<\/p>\n<p><strong>&#8216;T\u00dcRK\u0130YE&#8217;N\u0130N D\u00d6RT B\u0130R YANINDAN E\u011e\u0130T\u0130MC\u0130LER GELECEK&#8217;<\/strong><\/p>\n<p>\u00d6zel, program\u0131n, yar\u0131n saat 10.00\u2019a kadar devam edece\u011fini belirterek, &#8220;Buradaki k\u00fcrs\u00fcye her dakika, her saniye birileri \u00e7\u0131kacak. Milli e\u011fitimin sorunlar\u0131n\u0131, e\u011fitim politikalar\u0131n\u0131n sorunlar\u0131n\u0131 konu\u015facak. Sendikalar gelecek. Sendikalar\u0131n say\u0131n genel ba\u015fkanlar\u0131 gelecek. E\u011fitim emeklilerinin haklar\u0131 ve milli e\u011fitim politikalar\u0131na y\u00f6nelik kurumsal g\u00f6r\u00fc\u015flerini dile getirecekler. T\u00fcrkiye&#8217;nin d\u00f6rt bir yan\u0131ndan e\u011fitimciler gelecek. 10 dakika ayr\u0131lan s\u00fcrede \u00f6mr\u00fc boyunca verdi\u011fi emek, m\u00fccadele, yapt\u0131\u011f\u0131 bilimsel \u00e7al\u0131\u015fmalar\u0131 bu k\u00fcrs\u00fcden kayda ge\u00e7irmek \u00fczere buraya gelecekler. Onlar konu\u015facaklar. Veliler konu\u015facak. E\u011fitim alan\u0131nda \u00f6rg\u00fctl\u00fc dernekler konu\u015facak, sivil toplum kurulu\u015flar\u0131 konu\u015facak ve her saat ba\u015f\u0131nda yine bu Milli E\u011fitim Maratonu&#8217;nu hayata ge\u00e7irilmesi i\u00e7in b\u00fcy\u00fck emek veren Fuat \u00d6z\u00e7a\u011fda\u015f, yard\u0131mc\u0131lar\u0131 ve bu konuda birlikte \u00e7al\u0131\u015ft\u0131klar\u0131 geni\u015f ekibi katk\u0131lar\u0131yla bu k\u00fcrs\u00fcde olacaklar&#8221; dedi.<\/p>\n<p>\u00d6zel, tarikatlar ve cemaatler kavgas\u0131 oldu\u011funu s\u00f6yleyerek, &#8220;Her k\u00f6\u015fe ba\u015f\u0131n\u0131 hangimiz tutal\u0131m, bunlar\u0131 nas\u0131l yapal\u0131m, m\u00fcfredata kendi zihnimizdeki zehri nas\u0131l ak\u0131tal\u0131m? O kitaplar \u00fczerinden bu zehri Anadolu&#8217;ya, Trakya&#8217;ya nas\u0131l yayal\u0131m? B\u00f6yle olunca maalesef \u00e7ocuk AK Parti&#8217;linin \u00e7ocu\u011fu da olsa, CHP&#8217;linin de, MHP&#8217;linin de, \u0130Y\u0130 Partilinin de, DEM&#8217;linin de, hangi g\u00f6r\u00fc\u015ften olursa olsun P\u0130SA s\u0131nav\u0131na girdi\u011finde ortalamam\u0131z sondan 2&#8217;nci d\u00fcnyada. T\u00fcm yeteneklerde, t\u00fcm yetkinliklerde, bu co\u011frafyan\u0131n zeki evlatlar\u0131 d\u00fcnyada normalde a\u015f\u0131k atamayacak akranlar\u0131n\u0131n her alanda gerisinde. Sebebi ne? Sebebi o \u00e7ocuklar de\u011fil, do\u011fru imkanlar yarat\u0131ld\u0131\u011f\u0131nda o \u00e7ocuklar\u0131n neler ba\u015fard\u0131\u011f\u0131n\u0131 g\u00f6r\u00fcyoruz. Ama e\u011fitim sistemi, okul \u00f6ncesinden ba\u015flay\u0131p lisans\u00fcst\u00fc ve akademik kariyer s\u00fcre\u00e7lerine kadar s\u00fcrekli \u00e7a\u011f\u0131n gerisinde, eksikliklerle dolu bir s\u00fcreci T\u00fcrkiye&#8217;de ya\u015f\u0131yoruz&#8221; ifadelerini kulland\u0131.<\/p>\n\n<p><\/p>\n<p>Kaynak :\u00a0<span style=\"background-color: rgb(255, 249, 236); color: rgb(55, 58, 60); font-size: 14px;\">http:\/\/www.milliyet.com.tr\/gundem\/ozel-chp-katliam-yasasina-karsi-kirmizi-alarmdadir-7157742<\/span><\/p>\n","protected":false},"excerpt":{"rendered":"<p>CHP Genel Ba\u015fkan\u0131 \u00d6zg\u00fcr \u00d6zel, e\u011fitim sorunlar\u0131n\u0131n konu\u015fulaca\u011f\u0131 partisinin E\u011fitim Maratonu etkinli\u011finin TBMM&#8217;nin yan\u0131ndaki Milli Egemenlik Park\u0131&#8217;nda yap\u0131lmas\u0131na, &#8216;park\u0131 hayvanseverler ele ge\u00e7irecek&#8217; gerek\u00e7esiyle izin verilmedi\u011fini s\u00f6yledi.<\/p>\n","protected":false},"author":1,"featured_media":110750,"comment_status":"open","ping_status":"open","sticky":false,"template":"","format":"standard","meta":{"footnotes":""},"categories":[3],"tags":[271,530,623,492,7335],"class_list":["post-110749","post","type-post","status-publish","format-standard","has-post-thumbnail","hentry","category-guncel","tag-chp","tag-egitim","tag-milli","tag-sorun","tag-zihniyet"],"_links":{"self":[{"href":"https:\/\/kamucalisani.net\/index.php\/wp-json\/wp\/v2\/posts\/110749","targetHints":{"allow":["GET"]}}],"collection":[{"href":"https:\/\/kamucalisani.net\/index.php\/wp-json\/wp\/v2\/posts"}],"about":[{"href":"https:\/\/kamucalisani.net\/index.php\/wp-json\/wp\/v2\/types\/post"}],"author":[{"embeddable":true,"href":"https:\/\/kamucalisani.net\/index.php\/wp-json\/wp\/v2\/users\/1"}],"replies":[{"embeddable":true,"href":"https:\/\/kamucalisani.net\/index.php\/wp-json\/wp\/v2\/comments?post=110749"}],"version-history":[{"count":1,"href":"https:\/\/kamucalisani.net\/index.php\/wp-json\/wp\/v2\/posts\/110749\/revisions"}],"predecessor-version":[{"id":110751,"href":"https:\/\/kamucalisani.net\/index.php\/wp-json\/wp\/v2\/posts\/110749\/revisions\/110751"}],"wp:featuredmedia":[{"embeddable":true,"href":"https:\/\/kamucalisani.net\/index.php\/wp-json\/wp\/v2\/media\/110750"}],"wp:attachment":[{"href":"https:\/\/kamucalisani.net\/index.php\/wp-json\/wp\/v2\/media?parent=110749"}],"wp:term":[{"taxonomy":"category","embeddable":true,"href":"https:\/\/kamucalisani.net\/index.php\/wp-json\/wp\/v2\/categories?post=110749"},{"taxonomy":"post_tag","embeddable":true,"href":"https:\/\/kamucalisani.net\/index.php\/wp-json\/wp\/v2\/tags?post=110749"}],"curies":[{"name":"wp","href":"https:\/\/api.w.org\/{rel}","templated":true}]}}