{"id":110884,"date":"2025-05-09T23:00:12","date_gmt":"2025-05-09T23:00:12","guid":{"rendered":"https:\/\/kamucalisani.net\/?p=110884"},"modified":"2025-05-09T23:00:12","modified_gmt":"2025-05-09T23:00:12","slug":"selcuk-inandan-transfer-aciklamasi","status":"publish","type":"post","link":"https:\/\/kamucalisani.net\/index.php\/2025\/05\/09\/selcuk-inandan-transfer-aciklamasi\/","title":{"rendered":"Sel\u00e7uk \u0130nan&#8217;dan transfer a\u00e7\u0131klamas\u0131"},"content":{"rendered":"<p><p>Yeni sezon haz\u0131rl\u0131klar\u0131 kapsam\u0131nda Gerede il\u00e7esinde bulunan Esentepe mevkisindeki bir otelde kamp yapan Gaziantep FK, ilk etap kamp \u00e7al\u0131\u015fmas\u0131n\u0131 tamamlad\u0131. Bolu kamp\u0131na 8 Temmuz&#8217;da ba\u015flayan Gaziantep ekibi, yeni sezon haz\u0131rl\u0131klar\u0131n\u0131 g\u00fcnde \u00e7ift antrenman yaparak s\u00fcrd\u00fcrd\u00fc. Gaziantep FK ilk etap kamp \u00e7al\u0131\u015fmas\u0131n\u0131, ASTOR Enerji \u015eanl\u0131urfaspor ile yapt\u0131\u011f\u0131 haz\u0131rl\u0131k ma\u00e7\u0131yla tamamlad\u0131. Gaziantep ekibi, futbolculara verilen iznin ard\u0131ndan 22 Temmuz&#8217;da D\u00fczce&#8217;nin Kayna\u015fl\u0131 il\u00e7esindeki Serkan Acar Topuk Yaylas\u0131 Tesisleri&#8217;nde ikinci etap kamp \u00e7al\u0131\u015fmas\u0131na ba\u015flayacak.<\/p>\n<p><strong>&#8220;Do\u011fru oyuncular gelecek&#8221;<\/strong><\/p>\n<p>Teknik direkt\u00f6r Sel\u00e7uk \u0130nan, gazetecilere, kadro a\u00e7\u0131s\u0131ndan eksikleri oldu\u011funu belirterek, &#8220;Buna ra\u011fmen fiziksel anlamda verimli bir kamp ge\u00e7ti\u011fini d\u00fc\u015f\u00fcn\u00fcyorum. Birka\u00e7 g\u00fcn dinlendikten sonra ikinci etap \u00e7al\u0131\u015fmalara devam edece\u011fiz. Yeni gelen arkada\u015flarla en k\u0131sa s\u00fcrede iyi bir tak\u0131m haline gelece\u011fiz.&#8221; dedi.<\/p>\n<p>Transfer \u00e7al\u0131\u015fmalar\u0131na de\u011finen \u0130nan, \u015funlar\u0131 kaydetti: &#8220;\u015eu anda transfer yapmak \u00e7ok da kolay de\u011fil. Oyuncular\u0131 buraya gelmeye ikna etmek, istedikleri \u015fartlar\u0131 yerine getirmek \u00e7ok kolay de\u011fil. Zor bir transfer d\u00f6nemi ge\u00e7iyor. H\u0131zl\u0131 hareket edelim diye de her oyuncuyu almamaya \u00e7al\u0131\u015f\u0131yoruz. Do\u011fru oyuncular\u0131 getirmeye \u00e7al\u0131\u015f\u0131yoruz. Ba\u015fkan\u0131m\u0131z, y\u00f6neticilerimiz ger\u00e7ekten \u00e7ok u\u011fra\u015f\u0131yorlar. Do\u011fru oyuncular gelecek, sab\u0131rl\u0131 olmam\u0131z laz\u0131m. Eksi\u011fimiz var, bunlar\u0131 da in\u015fallah yava\u015f yava\u015f giderece\u011fiz. Eksik g\u00f6rd\u00fc\u011f\u00fcm\u00fcz b\u00f6lgeleri zaten ba\u015fkan\u0131m\u0131z, y\u00f6neticilerimizle payla\u015ft\u0131k. En k\u0131sa zamanda in\u015fallah o transferleri de yapaca\u011f\u0131z. \u0130kinci etap kamp\u0131 da in\u015fallah daha fazla oyuncuyla yeni gelen oyuncularla beraber iyi bir \u015fekilde bitirece\u011fiz.&#8221;<\/p>\n<p>Taraftara da \u00e7a\u011fr\u0131 yapan \u0130nan, &#8220;Sab\u0131rl\u0131 olsunlar, i\u00e7lerini rahat tutsunlar. Sadece desteklesinler, g\u00fcvensinler \u00e7\u00fcnk\u00fc bu \u015fehir bunu hak ediyor. Oyuncular da ellerinden geleni yap\u0131yor. Biz de onlar\u0131 mutlu etmek i\u00e7in in\u015fallah iyi bir tak\u0131m kuraca\u011f\u0131z.&#8221; diye konu\u015ftu.<\/p>\n\n<p><\/p>\n<p>Kaynak :\u00a0<span style=\"background-color: rgb(255, 249, 236); color: rgb(55, 58, 60); font-size: 14px;\">http:\/\/www.milliyet.com.tr\/skorer\/selcuk-inandan-transfer-aciklamasi-7157806<\/span><\/p>\n","protected":false},"excerpt":{"rendered":"<p>Gaziantep FK Teknik Direkt\u00f6r\u00fc Sel\u00e7uk \u0130nan yeni sezon \u00f6ncesi kamp\u0131 de\u011ferlendirirken, transfer \u00e7al\u0131\u015fmalar\u0131 ile ilgili bilgi verdi.<\/p>\n","protected":false},"author":1,"featured_media":110885,"comment_status":"open","ping_status":"open","sticky":false,"template":"","format":"standard","meta":{"footnotes":""},"categories":[7],"tags":[1519,2403,1620],"class_list":["post-110884","post","type-post","status-publish","format-standard","has-post-thumbnail","hentry","category-spor","tag-etap","tag-kamp","tag-oyuncular"],"_links":{"self":[{"href":"https:\/\/kamucalisani.net\/index.php\/wp-json\/wp\/v2\/posts\/110884","targetHints":{"allow":["GET"]}}],"collection":[{"href":"https:\/\/kamucalisani.net\/index.php\/wp-json\/wp\/v2\/posts"}],"about":[{"href":"https:\/\/kamucalisani.net\/index.php\/wp-json\/wp\/v2\/types\/post"}],"author":[{"embeddable":true,"href":"https:\/\/kamucalisani.net\/index.php\/wp-json\/wp\/v2\/users\/1"}],"replies":[{"embeddable":true,"href":"https:\/\/kamucalisani.net\/index.php\/wp-json\/wp\/v2\/comments?post=110884"}],"version-history":[{"count":1,"href":"https:\/\/kamucalisani.net\/index.php\/wp-json\/wp\/v2\/posts\/110884\/revisions"}],"predecessor-version":[{"id":110886,"href":"https:\/\/kamucalisani.net\/index.php\/wp-json\/wp\/v2\/posts\/110884\/revisions\/110886"}],"wp:featuredmedia":[{"embeddable":true,"href":"https:\/\/kamucalisani.net\/index.php\/wp-json\/wp\/v2\/media\/110885"}],"wp:attachment":[{"href":"https:\/\/kamucalisani.net\/index.php\/wp-json\/wp\/v2\/media?parent=110884"}],"wp:term":[{"taxonomy":"category","embeddable":true,"href":"https:\/\/kamucalisani.net\/index.php\/wp-json\/wp\/v2\/categories?post=110884"},{"taxonomy":"post_tag","embeddable":true,"href":"https:\/\/kamucalisani.net\/index.php\/wp-json\/wp\/v2\/tags?post=110884"}],"curies":[{"name":"wp","href":"https:\/\/api.w.org\/{rel}","templated":true}]}}