{"id":111504,"date":"2025-05-11T23:36:07","date_gmt":"2025-05-11T23:36:07","guid":{"rendered":"https:\/\/kamucalisani.net\/?p=111504"},"modified":"2025-05-11T23:36:07","modified_gmt":"2025-05-11T23:36:07","slug":"fransa-bisiklet-turunda-18inci-etabin-galibi-victor-campenaerts","status":"publish","type":"post","link":"https:\/\/kamucalisani.net\/index.php\/2025\/05\/11\/fransa-bisiklet-turunda-18inci-etabin-galibi-victor-campenaerts\/","title":{"rendered":"Fransa Bisiklet Turu&#8217;nda 18&#8217;inci etab\u0131n galibi Victor Campenaerts!"},"content":{"rendered":"<p><p>111. Fransa Bisiklet Turu&#8217;nun 18. etab\u0131n\u0131, Lotto-dstny tak\u0131m\u0131n\u0131n Bel\u00e7ikal\u0131 bisiklet\u00e7isi Victor Campenaerts kazand\u0131.<\/p>\n<p>Yol bisikletinin en prestijli yar\u0131\u015f\u0131 kabul edilen organizasyona, Gap ile Barcelonnette aras\u0131ndaki 179,5 kilometrelik etapla devam edildi.<\/p>\n<p>Etab\u0131 4 saat 10 dakika 20 saniyede bitiren Campenaerts, Frans\u0131z Matteo Vercher (TotalEnergies) ve Polonyal\u0131 Michal Kwiatkowsk&#8217;un (Ineos Grenadiers) \u00f6n\u00fcnde birinci oldu.<\/p>\n<p>Fransa Turu&#8217;nu 2020 ve 2021&#8217;de kazanan BAE Emirates tak\u0131m\u0131ndan Sloven Tadej Pogacar, genel klasmandaki liderli\u011fini s\u00fcrd\u00fcrd\u00fc. Sloven bisiklet\u00e7inin en yak\u0131n takip\u00e7isiyle aras\u0131nda 3 dakika 11 saniye fark bulunuyor.<\/p>\n<p>Turun 19. etab\u0131, yar\u0131n Moirans-en-Montagne ile Poligny aras\u0131ndaki 172,8 kilometrelik parkurda yap\u0131lacak.<\/p>\n<p>2024 Fransa Bisiklet Turu, 21 Temmuz Pazar g\u00fcn\u00fc Nice kentindeki 21. etapla son bulacak.<\/p>\n<p><strong>Genel klasman\u0131n ilk 3 s\u0131ras\u0131ndaki bisiklet\u00e7iler \u015f\u00f6yle:<\/strong><\/p>\n<p>1. Tadej Pogacar (BAE Emirates): 74 saat 45 dakika 27 saniye<br \/>3. Jonas Vingegaard (Visma-Lease a Bike): +3 dakika 11 saniye<br \/>3. Remco Evenepoel (Soudal-QuickStep): +5 dakika 9 saniye<\/p>\n\n<p><\/p>\n<p>Kaynak :\u00a0<span style=\"background-color: rgb(255, 249, 236); color: rgb(55, 58, 60); font-size: 14px;\">http:\/\/www.milliyet.com.tr\/skorer\/fransa-bisiklet-turunda-18inci-etabin-galibi-victor-campenaerts-7157933<\/span><\/p>\n","protected":false},"excerpt":{"rendered":"<p>Fransa Bisiklet Turu&#8217;nda 18&#8217;inci etab\u0131 ilk s\u0131rada bitiren isim Victor Campenaerts oldu.<\/p>\n","protected":false},"author":1,"featured_media":111505,"comment_status":"open","ping_status":"open","sticky":false,"template":"","format":"standard","meta":{"footnotes":""},"categories":[7],"tags":[360,1557,3112],"class_list":["post-111504","post","type-post","status-publish","format-standard","has-post-thumbnail","hentry","category-spor","tag-bisiklet","tag-dakika","tag-saniye"],"_links":{"self":[{"href":"https:\/\/kamucalisani.net\/index.php\/wp-json\/wp\/v2\/posts\/111504","targetHints":{"allow":["GET"]}}],"collection":[{"href":"https:\/\/kamucalisani.net\/index.php\/wp-json\/wp\/v2\/posts"}],"about":[{"href":"https:\/\/kamucalisani.net\/index.php\/wp-json\/wp\/v2\/types\/post"}],"author":[{"embeddable":true,"href":"https:\/\/kamucalisani.net\/index.php\/wp-json\/wp\/v2\/users\/1"}],"replies":[{"embeddable":true,"href":"https:\/\/kamucalisani.net\/index.php\/wp-json\/wp\/v2\/comments?post=111504"}],"version-history":[{"count":1,"href":"https:\/\/kamucalisani.net\/index.php\/wp-json\/wp\/v2\/posts\/111504\/revisions"}],"predecessor-version":[{"id":111506,"href":"https:\/\/kamucalisani.net\/index.php\/wp-json\/wp\/v2\/posts\/111504\/revisions\/111506"}],"wp:featuredmedia":[{"embeddable":true,"href":"https:\/\/kamucalisani.net\/index.php\/wp-json\/wp\/v2\/media\/111505"}],"wp:attachment":[{"href":"https:\/\/kamucalisani.net\/index.php\/wp-json\/wp\/v2\/media?parent=111504"}],"wp:term":[{"taxonomy":"category","embeddable":true,"href":"https:\/\/kamucalisani.net\/index.php\/wp-json\/wp\/v2\/categories?post=111504"},{"taxonomy":"post_tag","embeddable":true,"href":"https:\/\/kamucalisani.net\/index.php\/wp-json\/wp\/v2\/tags?post=111504"}],"curies":[{"name":"wp","href":"https:\/\/api.w.org\/{rel}","templated":true}]}}