{"id":111668,"date":"2025-05-12T21:00:12","date_gmt":"2025-05-12T21:00:12","guid":{"rendered":"https:\/\/kamucalisani.net\/?p=111668"},"modified":"2025-05-12T21:00:12","modified_gmt":"2025-05-12T21:00:12","slug":"yeni-f-16lar-icin-ilk-odeme-yapildi-eurofighterda-sona-yaklasildi","status":"publish","type":"post","link":"https:\/\/kamucalisani.net\/index.php\/2025\/05\/12\/yeni-f-16lar-icin-ilk-odeme-yapildi-eurofighterda-sona-yaklasildi\/","title":{"rendered":"Yeni F-16\u2019lar i\u00e7in ilk \u00f6deme yap\u0131ld\u0131, Eurofighter&#8217;da sona yakla\u015f\u0131ld\u0131"},"content":{"rendered":"<p><figure> <span> <img decoding=\"async\" src=\"https:\/\/kamucalisani.net\/wp-content\/uploads\/2025\/05\/yeni-f-16lar-icin-ilk-odeme-yapildi-eurofighterda-sona-yaklasildi-0-KBKQMiCu.jpg\"\/> <\/span> <strong>Milli Savunma Bakanl\u0131\u011f\u0131<\/strong> (MSB) Bas\u0131n ve Halkla \u0130li\u015fkiler M\u00fc\u015faviri Tu\u011famiral Zeki Akt\u00fcrk, bakanl\u0131kta d\u00fczenledi\u011fi bas\u0131n bilgilendirme toplant\u0131s\u0131nda Irak&#8217;\u0131n ve Suriye&#8217;nin kuzeyi dahil y\u00fcr\u00fct\u00fclen operasyonlarda son bir haftada 198 ter\u00f6ristin etkisiz hale getirildi\u011fini bildirirken T\u00fcrkiye\u2019nin ABD\u2019den alaca\u011f\u0131 <strong>F-16 Block-70<\/strong> u\u00e7aklar\u0131 ve Avrupa\u2019dan al\u0131nacak<strong> Eurofighter Typhoon<\/strong> u\u00e7aklar\u0131 i\u00e7in son durumu payla\u015ft\u0131. <\/figure>\n<p><b>F-16 Block-70\u2019lerde ilk \u00f6deme yap\u0131ld\u0131<\/b><\/p>\n<p>Bakanl\u0131k kaynaklar\u0131, <strong>Eurofighter Typhoon<\/strong> ve <strong>F-16 Block-70<\/strong> sava\u015f u\u00e7a\u011f\u0131 temini konusundaki son duruma ili\u015fkin sorular \u00fczerine <em>\u201cF-16 Block-70 tedariki kapsam\u0131nda <strong>ba\u015flang\u0131\u00e7 \u00f6demesinin yap\u0131lmas\u0131yla<\/strong> birlikte s\u00f6zle\u015fmeler y\u00fcr\u00fcrl\u00fc\u011fe girmi\u015ftir. F-16 Block-70 u\u00e7a\u011f\u0131n\u0131n tedarikine y\u00f6nelik ABD devlet yetkilileri ve \u00fcretici firma g\u00f6revlileri ile <strong>teknik g\u00f6r\u00fc\u015fmeler devam etmektedir.<\/strong>\u201d<\/em> ifadelerini kulland\u0131.<\/p>\n<p>Bilindi\u011fi \u00fczere T\u00fcrkiye, ABD\u2019den 40 yeni F-16 Block 70 u\u00e7a\u011f\u0131 ve 79 mevcut F-16 u\u00e7a\u011f\u0131n\u0131n Viper y\u00fckseltmesini al\u0131yor. Yine bu u\u00e7aklarda AESA radar\u0131 olacak. F-16 Block 70, Northrop Grumman&#8217;\u0131n geli\u015fmi\u015f SABR APG-83 AESA at\u0131\u015f kontrol radar\u0131, geli\u015ftirilmi\u015f durumsal fark\u0131ndal\u0131k ve t\u00fcm hava ko\u015fullar\u0131nda hedefleme hassasiyeti sa\u011flayan 5. Nesil avc\u0131 radar\u0131 \u00f6zellikleri ile yeni bir seviyeye \u00e7\u0131kart\u0131lm\u0131\u015ft\u0131. Bu radar, donan\u0131m a\u00e7\u0131s\u0131ndan F-35&#8217;in radar\u0131yla y\u00fczde 70, yaz\u0131l\u0131m a\u00e7\u0131s\u0131ndan y\u00fczde 95 oran\u0131nda ortak.<\/p>\n<p><b>Eurofighter\u2019da sona gelindi<\/b><\/p>\n<figure> <span> <img decoding=\"async\" src=\"https:\/\/kamucalisani.net\/wp-content\/uploads\/2025\/05\/yeni-f-16lar-icin-ilk-odeme-yapildi-eurofighterda-sona-yaklasildi-1-TjQyDHzD.jpg\"\/> <\/span> Bakanl\u0131k kaynaklar\u0131 ayn\u0131 zamanda T\u00fcrkiye\u2019nin <strong>Eurofighter Typhoon<\/strong> talebi hakk\u0131ndaki son bilgileri de verdi: <em>&#8220;Eurofighter Typhoon u\u00e7a\u011f\u0131n\u0131n \u00fclkemize sat\u0131\u015f\u0131na y\u00f6nelik konsorsiyum \u00fcyesi \u00fclkelerden <strong>Birle\u015fik Krall\u0131k<\/strong> devlet yetkilileri ve \u00fcretici firma g\u00f6revlileri ile g\u00f6r\u00fc\u015fmeler devam etmektedir. Yak\u0131n zamanda <strong>olumlu \u015fekilde sonu\u00e7lanaca\u011f\u0131n\u0131 bekliyoruz<\/strong>.\u201d<\/em> <\/figure>\n<p>T\u00fcrkiye, bilindi\u011fi \u00fczere Almanya, \u0130ngiltere, \u0130talya ve \u0130spanya ortakl\u0131\u011f\u0131nda \u00fcretilen Eurofighter Typhoon u\u00e7aklar\u0131ndan 5.6 milyar dolara 40 adet almay\u0131 talep etmi\u015fti. Almanya ge\u00e7ti\u011fimiz aya kadar bu talebe k\u0131rm\u0131z\u0131 \u0131\u015f\u0131k kald\u0131rm\u0131\u015f ancak sonras\u0131nda ye\u015fil \u0131\u015f\u0131k yakm\u0131\u015ft\u0131. T\u00fcrkiye\u2019nin ilk a\u015famada 24 adet Eurofighter sava\u015f u\u00e7a\u011f\u0131 almas\u0131 bekleniyor. Bu u\u00e7aklarda AESA (Aktif Elektronik Taramal\u0131 Dizin) radar\u0131 da bulunacak. B\u00f6ylelikle Eurofighter u\u00e7aklar\u0131n\u0131n T\u00fcrk Hava Kuvvetleri\u2019ne kat\u0131lmas\u0131yla ilk kez AESA radarl\u0131 sava\u015f u\u00e7aklar\u0131 Kuvvet\u2019in elinde mevcut olacak.<\/p>\n\n<p>Kaynak\u00a0 :\u00a0<span style=\"background-color: rgb(255, 249, 236); color: rgb(55, 58, 60); font-size: 14px;\">https:\/\/www.donanimhaber.com\/yeni-f-16-lar-icin-ilk-odeme-yapildi-eurofighter-da-sona-gelindi&#8211;183687<\/span><\/p>\n","protected":false},"excerpt":{"rendered":"<p>Milli Savunma Bakanl\u0131\u011f\u0131 (MSB) Bas\u0131n ve Halkla \u0130li\u015fkiler M\u00fc\u015faviri Tu\u011famiral Zeki Akt\u00fcrk, bakanl\u0131kta d\u00fczenledi\u011fi bas\u0131n bilgilendirme toplant\u0131s\u0131nda Irak&#8217;\u0131n ve Suriye&#8217;nin kuzeyi dahil y\u00fcr\u00fct\u00fclen operasyonlarda son bir haftada 198 ter\u00f6ristin etkisiz &#8230;<\/p>\n","protected":false},"author":1,"featured_media":111669,"comment_status":"open","ping_status":"open","sticky":false,"template":"","format":"standard","meta":{"footnotes":""},"categories":[8],"tags":[3297,2313,221,7386,1174],"class_list":["post-111668","post","type-post","status-publish","format-standard","has-post-thumbnail","hentry","category-teknoloji","tag-eurofighter","tag-radari","tag-turk","tag-typhoon","tag-ucagi"],"_links":{"self":[{"href":"https:\/\/kamucalisani.net\/index.php\/wp-json\/wp\/v2\/posts\/111668","targetHints":{"allow":["GET"]}}],"collection":[{"href":"https:\/\/kamucalisani.net\/index.php\/wp-json\/wp\/v2\/posts"}],"about":[{"href":"https:\/\/kamucalisani.net\/index.php\/wp-json\/wp\/v2\/types\/post"}],"author":[{"embeddable":true,"href":"https:\/\/kamucalisani.net\/index.php\/wp-json\/wp\/v2\/users\/1"}],"replies":[{"embeddable":true,"href":"https:\/\/kamucalisani.net\/index.php\/wp-json\/wp\/v2\/comments?post=111668"}],"version-history":[{"count":1,"href":"https:\/\/kamucalisani.net\/index.php\/wp-json\/wp\/v2\/posts\/111668\/revisions"}],"predecessor-version":[{"id":111672,"href":"https:\/\/kamucalisani.net\/index.php\/wp-json\/wp\/v2\/posts\/111668\/revisions\/111672"}],"wp:featuredmedia":[{"embeddable":true,"href":"https:\/\/kamucalisani.net\/index.php\/wp-json\/wp\/v2\/media\/111669"}],"wp:attachment":[{"href":"https:\/\/kamucalisani.net\/index.php\/wp-json\/wp\/v2\/media?parent=111668"}],"wp:term":[{"taxonomy":"category","embeddable":true,"href":"https:\/\/kamucalisani.net\/index.php\/wp-json\/wp\/v2\/categories?post=111668"},{"taxonomy":"post_tag","embeddable":true,"href":"https:\/\/kamucalisani.net\/index.php\/wp-json\/wp\/v2\/tags?post=111668"}],"curies":[{"name":"wp","href":"https:\/\/api.w.org\/{rel}","templated":true}]}}