{"id":111940,"date":"2025-05-13T06:12:08","date_gmt":"2025-05-13T06:12:08","guid":{"rendered":"https:\/\/kamucalisani.net\/?p=111940"},"modified":"2025-05-13T06:12:08","modified_gmt":"2025-05-13T06:12:08","slug":"microsoftun-tartismali-recall-ozelligi-bir-kez-daha-ertelendi","status":"publish","type":"post","link":"https:\/\/kamucalisani.net\/index.php\/2025\/05\/13\/microsoftun-tartismali-recall-ozelligi-bir-kez-daha-ertelendi\/","title":{"rendered":"Microsoft&#8217;un tart\u0131\u015fmal\u0131 Recall \u00f6zelli\u011fi bir kez daha ertelendi"},"content":{"rendered":"<p><figure> <span> <img decoding=\"async\" src=\"https:\/\/kamucalisani.net\/wp-content\/uploads\/2025\/05\/microsoftun-tartismali-recall-ozelligi-bir-kez-daha-ertelendi-0-MsFE1wmW.jpg\"\/> <\/span> Microsoft, Windows 11 Copilot+ PC&#8217;ler i\u00e7in tan\u0131t\u0131lan tart\u0131\u015fmal\u0131\u00a0<strong>Recall<\/strong>\u00a0\u00f6zelli\u011finin bir kez daha ertelendi\u011fini duyurdu. Yak\u0131n tarihte yeni g\u00fcvenlik mimarisi, kan\u0131tlanm\u0131\u015f fiziksel varl\u0131k \u015fifrelemesi, izinsiz m\u00fcdahale korumas\u0131 ve DLP kontrolleri ile g\u00fcncellenen \u00f6zellik, Aral\u0131k ay\u0131na kadar\u00a0\u00f6nizleme s\u00fcr\u00fcm\u00fcne girmeyek. <\/figure>\n<p><b>Microsoft&#8217;un tart\u0131\u015fmal\u0131 Recall \u00f6zelli\u011fi tekrar ertelendi<\/b><\/p>\n<p>Ka\u00e7\u0131ranlar i\u00e7in Windows Recall, bilgisayarlara &#8220;foto\u011frafik haf\u0131za&#8221; kazand\u0131rarak kullan\u0131c\u0131n\u0131n belirli bir zamana ait bilgilere ula\u015fmas\u0131n\u0131 sa\u011fl\u0131yor. Bunu &#8220;Hey Recall, d\u00fcn gece YouTube&#8217;da izledi\u011fim o komik video neydi?&#8221; veya &#8220;Hey Recall, birka\u00e7 hafta \u00f6nce bakt\u0131\u011f\u0131m t\u00fcm yeni spor ayakkab\u0131lar\u0131n bir listesini yapabilir misin?&#8221; gibi \u00f6rneklerle anlatabiliriz.<\/p>\n<p>Ancak ge\u00e7mi\u015fe ait verilere ula\u015fmak, bildi\u011finiz gibi baz\u0131 g\u00fcvenlik endi\u015felerini de beraberinde getiriyor ve bu verilerin <strong>k\u00f6t\u00fc niyetli ki\u015filer taraf\u0131ndan kolayca ele ge\u00e7irilebilece\u011fi<\/strong> belirtilmi\u015fti. Dolay\u0131s\u0131yla bir s\u00fcre boyunca ertelenen \u00f6zelli\u011fin ge\u00e7ti\u011fimiz Eyl\u00fcl ay\u0131nda haz\u0131r oldu\u011fu payla\u015f\u0131lm\u0131\u015ft\u0131. Ancak g\u00f6r\u00fcnen o ki\u00a0kullan\u0131c\u0131lar\u0131n bir s\u00fcre daha beklemeleri gerekecek.\u00a0<\/p>\n<p>Microsoft, bug\u00fcn yapt\u0131\u011f\u0131 duyuruda,\u00a0Windows Insider&#8217;lar i\u00e7in Recall \u00f6nizleme s\u00fcr\u00fcm\u00fcn\u00fcn gecikece\u011fini duyurdu. Bu gecikmenin detayl\u0131 nedeni ise a\u00e7\u0131klanmad\u0131. Ancak\u00a0g\u00fcvenli\u011fin kilit alt\u0131nda tutulmas\u0131 g\u00f6r\u00f6n\u00fc\u015fe g\u00f6re beklenenden daha zor ilerliyor.\u00a0<\/p>\n<p>&#8220;Recall ile g\u00fcvenli ve g\u00fcvenilir bir deneyim sunmaya kararl\u0131y\u0131z, bu \u00f6nemli g\u00fcncellemeleri sundu\u011fumuzdan emin olmak i\u00e7in, \u00f6nizlemeyi yapmadan \u00f6nce deneyimi iyile\u015ftirmek i\u00e7in ek zaman ay\u0131r\u0131yoruz.&#8221;\u00a0\u00a0Windows K\u0131demli \u00dcr\u00fcn M\u00fcd\u00fcr\u00fc Brandon LeBlanc<\/p>\n<p>Microsoft&#8217;un daha \u00f6nceki payla\u015f\u0131m\u0131na g\u00f6re Windows Recall, kullan\u0131ma sunuldu\u011funda\u00a0<strong>varsay\u0131lan olarak etkinle\u015ftirilmeyecek<\/strong>\u00a0ve Windows&#8217;tan\u00a0<strong>tamamen kald\u0131r\u0131labilecek.\u00a0<\/strong>Recall&#8217;un ne zaman geni\u015f \u00e7apta kullan\u0131ma sunulaca\u011f\u0131 ise hen\u00fcz belli de\u011fil, ancak yak\u0131n tarihte payla\u015f\u0131lan \u00f6zellikleri d\u00fc\u015f\u00fcn\u00fcrsek bunun yak\u0131n bir zamanda olaca\u011f\u0131n\u0131 s\u00f6ylemem m\u00fcmk\u00fcn.\u00a0<\/p>\n\n<p>Kaynak\u00a0 :\u00a0<span style=\"background-color: rgb(255, 249, 236); color: rgb(55, 58, 60); font-size: 14px;\">https:\/\/www.donanimhaber.com\/microsoft-un-tartismali-recall-ozelligi-bir-kez-daha-ertelendi&#8211;183728<\/span><\/p>\n","protected":false},"excerpt":{"rendered":"<p>Microsoft, Windows 11 Copilot+ PC&#8217;ler i\u00e7in tan\u0131t\u0131lan tart\u0131\u015fmal\u0131\u00a0Recall\u00a0\u00f6zelli\u011finin bir kez daha ertelendi\u011fini duyurdu. Yak\u0131n tarihte yeni g\u00fcvenlik mimarisi, kan\u0131tlanm\u0131\u015f fiziksel varl\u0131k \u015fifrelemesi, izinsiz m\u00fcdahale korumas\u0131 ve DLP kontrolleri ile &#8230;<\/p>\n","protected":false},"author":1,"featured_media":111941,"comment_status":"open","ping_status":"open","sticky":false,"template":"","format":"standard","meta":{"footnotes":""},"categories":[8],"tags":[1552,730],"class_list":["post-111940","post","type-post","status-publish","format-standard","has-post-thumbnail","hentry","category-teknoloji","tag-recall","tag-windows"],"_links":{"self":[{"href":"https:\/\/kamucalisani.net\/index.php\/wp-json\/wp\/v2\/posts\/111940","targetHints":{"allow":["GET"]}}],"collection":[{"href":"https:\/\/kamucalisani.net\/index.php\/wp-json\/wp\/v2\/posts"}],"about":[{"href":"https:\/\/kamucalisani.net\/index.php\/wp-json\/wp\/v2\/types\/post"}],"author":[{"embeddable":true,"href":"https:\/\/kamucalisani.net\/index.php\/wp-json\/wp\/v2\/users\/1"}],"replies":[{"embeddable":true,"href":"https:\/\/kamucalisani.net\/index.php\/wp-json\/wp\/v2\/comments?post=111940"}],"version-history":[{"count":1,"href":"https:\/\/kamucalisani.net\/index.php\/wp-json\/wp\/v2\/posts\/111940\/revisions"}],"predecessor-version":[{"id":111943,"href":"https:\/\/kamucalisani.net\/index.php\/wp-json\/wp\/v2\/posts\/111940\/revisions\/111943"}],"wp:featuredmedia":[{"embeddable":true,"href":"https:\/\/kamucalisani.net\/index.php\/wp-json\/wp\/v2\/media\/111941"}],"wp:attachment":[{"href":"https:\/\/kamucalisani.net\/index.php\/wp-json\/wp\/v2\/media?parent=111940"}],"wp:term":[{"taxonomy":"category","embeddable":true,"href":"https:\/\/kamucalisani.net\/index.php\/wp-json\/wp\/v2\/categories?post=111940"},{"taxonomy":"post_tag","embeddable":true,"href":"https:\/\/kamucalisani.net\/index.php\/wp-json\/wp\/v2\/tags?post=111940"}],"curies":[{"name":"wp","href":"https:\/\/api.w.org\/{rel}","templated":true}]}}