{"id":112018,"date":"2025-05-13T22:48:07","date_gmt":"2025-05-13T22:48:07","guid":{"rendered":"https:\/\/kamucalisani.net\/?p=112018"},"modified":"2025-05-13T22:48:07","modified_gmt":"2025-05-13T22:48:07","slug":"giovanni-van-bronckhorst-yeni-bir-meydan-okuma","status":"publish","type":"post","link":"https:\/\/kamucalisani.net\/index.php\/2025\/05\/13\/giovanni-van-bronckhorst-yeni-bir-meydan-okuma\/","title":{"rendered":"Giovanni van Bronckhorst: Yeni bir meydan okuma!"},"content":{"rendered":"<p><p>Be\u015fikta\u015f Teknik Direkt\u00f6r\u00fc Giovanni van Bronckhorst, Slovenya kamp\u0131nda bas\u0131n mensuplar\u0131n\u0131n sorular\u0131n\u0131 yan\u0131tlad\u0131. Siyah-beyazl\u0131 kul\u00fcb\u00fcn teknik patronunun a\u00e7\u0131klamalar\u0131ndan sat\u0131rba\u015flar\u0131 \u015f\u00f6yle:<\/p>\n<p>&#8211; Sistemimizi geli\u015ftirmeye \u00e7al\u0131\u015f\u0131yoruz. Aram\u0131za yeni kat\u0131lan isimler oldu. Bu, elimizdeki oyunculara ba\u011fl\u0131 olacakt\u0131r. Ben bu konuda esne\u011fim. Herkese \u015fans vermeye \u00e7al\u0131\u015f\u0131yorum.<\/p>\n<p>&#8211; Transferlerden \u00e7ok memnunum. Paulista \u00fcst seviyede uzun y\u0131llard\u0131r oynuyor, Rafa ise istatistiksel olarak ba\u015far\u0131l\u0131. Ciro, y\u0131llarca Serie A\u2019da goller atm\u0131\u015f bir oyuncu. \u0130kisinin de skor katk\u0131s\u0131 verece\u011finden eminim. Kadromuz \u015fu anda geni\u015f, biraz azaltmam\u0131z gerekiyor.<\/p>\n<p>&#8211; Hala sezon ba\u015f\u0131nday\u0131z, g\u00fc\u00e7leniyoruz. Shakhtar ma\u00e7\u0131nda \u2018Neden ceza sahas\u0131nda kimse yoktu?\u2019 diye sormay\u0131n. Rafa 2 ayd\u0131r ilk ma\u00e7\u0131n\u0131 yapt\u0131. Tabii ki ceza sahas\u0131nda olmal\u0131y\u0131z ancak fiziksel olarak hen\u00fcz orada de\u011filiz.<\/p>\n<p><strong>&#8220;TAKIMI \u00c7OK ETK\u0130LEM\u0130\u015e&#8221;<\/strong><\/p>\n<p>&#8211; Ge\u00e7en sene 6 hoca de\u011fi\u015fmi\u015f ve \u015fampiyonun 46 puan gerisinde kal\u0131nm\u0131\u015f. \u00d6z g\u00fcvenimizi kazanmam\u0131z \u00f6nemli. Bunun i\u00e7in \u00e7al\u0131\u015f\u0131yoruz. Birka\u00e7 ayda bir hoca de\u011fi\u015ftirmek ideal bir \u015fey de\u011fildir, bu durum tabii ki tak\u0131m\u0131 mental olarak olumsuz etkilemi\u015f.<\/p>\n<p>&#8211; Buras\u0131 benim i\u00e7in yeni bir meydan okuma. Tak\u0131m\u0131 elimden geldi\u011fince haz\u0131rlamaya \u00e7al\u0131\u015f\u0131yorum. Hakemin bir penalt\u0131y\u0131 vermesi ya da vermemesi benim elimde olan \u015feyler de\u011fil. Benim elimde olan \u015feyler, iyi ve do\u011fru oyun.<\/p>\n<p><strong>&#8220;YABANCIMIZ FAZLA&#8221;<\/strong><\/p>\n<p>&#8211; Yabanc\u0131 oyuncumuz \u00e7ok fazla, bir\u00e7ok tak\u0131m bundan etkileniyor yeni kural gere\u011fi. Baz\u0131 oyuncular\u0131 serbest b\u0131rakmam\u0131z gerekiyor ve bence bu ideal bir durum de\u011fil. Be\u015fikta\u015f i\u00e7in en do\u011fru oyuncular\u0131 kullanmaya \u00e7al\u0131\u015faca\u011f\u0131z.<\/p>\n<p>&#8211; Hedefimiz daha fazla gol atmak ve daha iyi savunma yapmak. Ma\u00e7lar\u0131 b\u00f6yle kazan\u0131rs\u0131n\u0131z. Rafa ve Ciro bunun i\u00e7in geldiler, Paulista da t\u00fcm kariyeri boyunca bunlar\u0131 yapm\u0131\u015f bir oyuncu.<\/p>\n<p><strong>&#8220;ALACA\u011eIMIZ KUPA VAR&#8221;<\/strong><\/p>\n<p>&#8211; S\u00fcper Kupa ma\u00e7\u0131na \u00e7\u0131kaca\u011f\u0131m\u0131z i\u00e7in \u00e7ok mutlu ve heyecanl\u0131y\u0131m. Kazanaca\u011f\u0131m\u0131z bir kupa var. Gen\u00e7lere daha fazla \u015fans vermek istiyorum. Mustafa ve Semih gibi \u00f6nemli yeteneklerimiz var, Musfata ger\u00e7ekten \u00e7ok g\u00fc\u00e7l\u00fc. T\u0131pk\u0131 Semih gibi o da daha fazla \u015fans bulmaya ba\u015flayacakt\u0131r.<\/p>\n<p>&#8211; Burada oldu\u011fum i\u00e7in ger\u00e7ekten mutluyum. Slovenya\u2019da bile taraftarlar\u0131m\u0131z var. \u0130stanbul\u2019da neler olaca\u011f\u0131n\u0131 g\u00f6rmek i\u00e7in sab\u0131rs\u0131zlan\u0131yorum. Taraftar deste\u011fi bizim i\u00e7in \u00f6nemli. Umar\u0131m birlikte, uzun y\u0131llar unutulmayacak hat\u0131ralar yarat\u0131r\u0131z.<\/p>\n<p><strong>TAYFUR&#8217;A G\u00d6ZTEPE TAL\u0130P<\/strong><\/p>\n<p>Be\u015fikta\u015f\u2019ta kadroda d\u00fc\u015f\u00fcn\u00fclmeyen Tayfur Bing\u00f6l, G\u00f6ztepe\u2019nin talup oldu\u011fu belirtildi. Antalyaspor ve Konyaspor\u2019un da ilgilendi\u011fi Tayfur i\u00e7in g\u00f6r\u00fc\u015fmelere ba\u015flayan sar\u0131-k\u0131rm\u0131z\u0131l\u0131lar\u0131n bonservis bedeli isteyen Be\u015fikta\u015f\u2019la pazarl\u0131klar\u0131n\u0131 s\u00fcrd\u00fcrd\u00fc\u011f\u00fc kaydedildi. Hacettepe alt yap\u0131s\u0131ndan yeti\u015fen Tayfur, 2016-2019 y\u0131llar\u0131 aras\u0131nda G\u00f6ztepe\u2019de\u00a0<br \/>oynam\u0131\u015ft\u0131.<\/p>\n<p><strong>&#8220;KABUL ETT\u0130K, AMARTEY G\u0130TMED\u0130&#8221;<\/strong><\/p>\n<p>Be\u015fikta\u015f \u0130kinci Ba\u015fkan\u0131 H\u00fcseyin Y\u00fccel, transfer g\u00fcndemine dair \u00e7arp\u0131c\u0131 a\u00e7\u0131klamalarda bulundu. Yollar\u0131 ay\u0131rmak istedikleri isimler i\u00e7in konu\u015fan Y\u00fccel, \u201cAmartey i\u00e7in Suudi Arabistan\u2019dan resmi teklif geldi, kabul ettik. O istemedi. \u0130stanbul\u2019da mutlu oldu\u011funu, gerekirse idmana \u00e7\u0131k\u0131p maa\u015f\u0131n\u0131 alaca\u011f\u0131n\u0131 s\u00f6yledi. Aboubakar da gitmek istemiyor. Onana i\u00e7in hocan\u0131n raporu do\u011frultusunda karar verece\u011fiz. Net bir \u015fey s\u00f6yleyemem. 19 yabanc\u0131y\u0131 12\u2019ye d\u00fc\u015f\u00fcrmemiz gerekiyor. Fakat ald\u0131klar\u0131 maa\u015flar\u0131 herhangi bir yerde bulamad\u0131klar\u0131 i\u00e7in gitmek istemiyorlar. \u00d6nce bunlar\u0131 halletmemiz gerekiyor\u201d\u00a0diye\u00a0konu\u015ftu.<\/p>\n\n<p><\/p>\n<p>Kaynak :\u00a0<span style=\"background-color: rgb(255, 249, 236); color: rgb(55, 58, 60); font-size: 14px;\">http:\/\/www.milliyet.com.tr\/skorer\/giovanni-van-bronckhorst-yeni-bir-meydan-okuma-7158057<\/span><\/p>\n","protected":false},"excerpt":{"rendered":"<p>Teknik Direkt\u00f6r\u00fc Giovanni van Bronckhorst, Be\u015fikta\u015f i\u00e7in \u201cBuras\u0131 benim i\u00e7in yeni bir meydan okuma\u201d dedi. Tecr\u00fcbeli \u00e7al\u0131\u015ft\u0131r\u0131c\u0131 tak\u0131m\u0131n son durumu hakk\u0131nda ise \u201cGe\u00e7en sene 6 hoca de\u011fi\u015fmi\u015f ve \u015fampiyonun 46 puan gerisinde kal\u0131nm\u0131\u015f. \u00d6z g\u00fcvenimizi kazanmam\u0131z \u00f6nemli\u201d ifadelerini kulland\u0131.<\/p>\n","protected":false},"author":1,"featured_media":112019,"comment_status":"open","ping_status":"open","sticky":false,"template":"","format":"standard","meta":{"footnotes":""},"categories":[7],"tags":[819],"class_list":["post-112018","post","type-post","status-publish","format-standard","has-post-thumbnail","hentry","category-spor","tag-besiktas"],"_links":{"self":[{"href":"https:\/\/kamucalisani.net\/index.php\/wp-json\/wp\/v2\/posts\/112018","targetHints":{"allow":["GET"]}}],"collection":[{"href":"https:\/\/kamucalisani.net\/index.php\/wp-json\/wp\/v2\/posts"}],"about":[{"href":"https:\/\/kamucalisani.net\/index.php\/wp-json\/wp\/v2\/types\/post"}],"author":[{"embeddable":true,"href":"https:\/\/kamucalisani.net\/index.php\/wp-json\/wp\/v2\/users\/1"}],"replies":[{"embeddable":true,"href":"https:\/\/kamucalisani.net\/index.php\/wp-json\/wp\/v2\/comments?post=112018"}],"version-history":[{"count":1,"href":"https:\/\/kamucalisani.net\/index.php\/wp-json\/wp\/v2\/posts\/112018\/revisions"}],"predecessor-version":[{"id":112020,"href":"https:\/\/kamucalisani.net\/index.php\/wp-json\/wp\/v2\/posts\/112018\/revisions\/112020"}],"wp:featuredmedia":[{"embeddable":true,"href":"https:\/\/kamucalisani.net\/index.php\/wp-json\/wp\/v2\/media\/112019"}],"wp:attachment":[{"href":"https:\/\/kamucalisani.net\/index.php\/wp-json\/wp\/v2\/media?parent=112018"}],"wp:term":[{"taxonomy":"category","embeddable":true,"href":"https:\/\/kamucalisani.net\/index.php\/wp-json\/wp\/v2\/categories?post=112018"},{"taxonomy":"post_tag","embeddable":true,"href":"https:\/\/kamucalisani.net\/index.php\/wp-json\/wp\/v2\/tags?post=112018"}],"curies":[{"name":"wp","href":"https:\/\/api.w.org\/{rel}","templated":true}]}}