{"id":112330,"date":"2025-05-15T02:00:10","date_gmt":"2025-05-15T02:00:10","guid":{"rendered":"https:\/\/kamucalisani.net\/?p=112330"},"modified":"2025-05-15T02:00:10","modified_gmt":"2025-05-15T02:00:10","slug":"2-cete-kuyu-9-ile-cokertildi-bakan-yerlikaya-detaylari-paylasti","status":"publish","type":"post","link":"https:\/\/kamucalisani.net\/index.php\/2025\/05\/15\/2-cete-kuyu-9-ile-cokertildi-bakan-yerlikaya-detaylari-paylasti\/","title":{"rendered":"2 \u00e7ete &#8216;Kuyu-9&#8217; ile \u00e7\u00f6kertildi! Bakan Yerlikaya detaylar\u0131 payla\u015ft\u0131"},"content":{"rendered":"<p><p>Bakan Yerlikaya a\u00e7\u0131klamas\u0131nda \u015fu ifadeleri kulland\u0131; \u0130stanbul merkezli 6 ilde Eleba\u015f\u0131l\u0131\u011f\u0131n\u0131 Abdullah \u00c7apkan (Yurt D\u0131\u015f\u0131 Firar) ve Ramazan Ta\u015f\u2019\u0131n (Cezaevinde) yapt\u0131\u011f\u0131 birbirleriyle husumetli 2 ayr\u0131 Organize Su\u00e7 \u00d6rg\u00fct\u00fcne y\u00f6nelik \u201cKUYU-9\u201d operasyonlar\u0131 d\u00fczenlendi.<\/p>\n<p>Operasyonlar sonucu organize su\u00e7 \u00f6rg\u00fct\u00fc \u00fcyesi 47 \u015f\u00fcpheli yakaland\u0131.<br \/>46\u2019s\u0131 tutukland\u0131.<br \/>1\u2019i hakk\u0131nda adli kontrol karar\u0131 verildi.<\/p>\n<p>Su\u00e7ta kibirlenenler, halk\u0131m\u0131z\u0131n huzurunu ka\u00e7\u0131ranlar, organize su\u00e7 \u00f6rg\u00fctleri ve \u00e7eteler kazd\u0131klar\u0131 kuyulara d\u00fc\u015fecekler. Hangi b\u00fcy\u00fckl\u00fckte olursa olsun organize su\u00e7 \u00f6rg\u00fctlerini \u00e7\u00f6kertip, adalete teslim etmeye kararl\u0131y\u0131z.<\/p>\n<p>* Emniyet Genel M\u00fcd\u00fcrl\u00fc\u011f\u00fc KOM Ba\u015fkanl\u0131\u011f\u0131 koordinesinde; \u0130stanbul \u0130l Emniyet M\u00fcd\u00fcrl\u00fc\u011f\u00fc Organize Su\u00e7larla M\u00fccadele \u015eube M\u00fcd\u00fcrl\u00fc\u011f\u00fcnce yap\u0131lan \u00e7al\u0131\u015fmalar sonucu; \u0130stanbul merkezli Samsun, Kocaeli, Siirt, Diyarbak\u0131r ve Malatya\u2019da d\u00fczenlenen operasyonlarda organize su\u00e7 \u00f6rg\u00fct\u00fc \u00fcyesi \u015f\u00fcphelilerin;<br \/>&#8211; Kasten Adam \u00d6ld\u00fcrmeye Te\u015febb\u00fcs,<br \/>&#8211; Kasten Yaralama,<br \/>&#8211; Uyu\u015fturucu Madde \u0130mal ve Ticareti,<br \/>&#8211; Uyu\u015fturucu Madde Sat\u0131n Almak, Kabul Etmek, Bulundurmak ve Kullan\u0131m\u0131n\u0131 Yapmak,<br \/>&#8211; Tehdit,<br \/>&#8211; Genel G\u00fcvenli\u011fin Kasten Tehlikeye Sokulmas\u0131,<br \/>&#8211; 6136 Say\u0131l\u0131 Kanuna Muhalefet su\u00e7lar\u0131 olmak \u00fczere 30 ayr\u0131 su\u00e7 eylemini ger\u00e7ekle\u015ftirdikleri tespit edildi.<\/p>\n<p>Operasyonlar sonucu:<br \/>&#8211; 20 adet ruhsats\u0131z tabanca,<br \/>&#8211; Muhtelif miktarda uyu\u015fturucu ele ge\u00e7irildi.<\/p>\n<p>Operasyonlar\u0131 ger\u00e7ekle\u015ftiren Kahraman Polislerimizi tebrik ediyorum. Allah ayaklar\u0131na ta\u015f de\u011fdirmesin. Milletimizin duas\u0131 sizinle.<\/p>\n\n<p><\/p>\n<p>Kaynak :\u00a0<span style=\"background-color: rgb(255, 249, 236); color: rgb(55, 58, 60); font-size: 14px;\">http:\/\/www.milliyet.com.tr\/gundem\/2-cete-kuyu-9-ile-cokertildi-bakan-yerlikaya-detaylari-paylasti-7158080<\/span><\/p>\n","protected":false},"excerpt":{"rendered":"<p>\u0130\u00e7i\u015fleri Bakan\u0131 Ali Yerlikaya, \u0130stanbul merkezli 6 ilde ger\u00e7ekle\u015ftirilen Kuyu-9 operasyonunun ayr\u0131nt\u0131lar\u0131n\u0131 payla\u015ft\u0131.<\/p>\n","protected":false},"author":1,"featured_media":112331,"comment_status":"open","ping_status":"open","sticky":false,"template":"","format":"standard","meta":{"footnotes":""},"categories":[3],"tags":[278,280],"class_list":["post-112330","post","type-post","status-publish","format-standard","has-post-thumbnail","hentry","category-guncel","tag-operasyonlar","tag-organize-suc"],"_links":{"self":[{"href":"https:\/\/kamucalisani.net\/index.php\/wp-json\/wp\/v2\/posts\/112330","targetHints":{"allow":["GET"]}}],"collection":[{"href":"https:\/\/kamucalisani.net\/index.php\/wp-json\/wp\/v2\/posts"}],"about":[{"href":"https:\/\/kamucalisani.net\/index.php\/wp-json\/wp\/v2\/types\/post"}],"author":[{"embeddable":true,"href":"https:\/\/kamucalisani.net\/index.php\/wp-json\/wp\/v2\/users\/1"}],"replies":[{"embeddable":true,"href":"https:\/\/kamucalisani.net\/index.php\/wp-json\/wp\/v2\/comments?post=112330"}],"version-history":[{"count":1,"href":"https:\/\/kamucalisani.net\/index.php\/wp-json\/wp\/v2\/posts\/112330\/revisions"}],"predecessor-version":[{"id":112332,"href":"https:\/\/kamucalisani.net\/index.php\/wp-json\/wp\/v2\/posts\/112330\/revisions\/112332"}],"wp:featuredmedia":[{"embeddable":true,"href":"https:\/\/kamucalisani.net\/index.php\/wp-json\/wp\/v2\/media\/112331"}],"wp:attachment":[{"href":"https:\/\/kamucalisani.net\/index.php\/wp-json\/wp\/v2\/media?parent=112330"}],"wp:term":[{"taxonomy":"category","embeddable":true,"href":"https:\/\/kamucalisani.net\/index.php\/wp-json\/wp\/v2\/categories?post=112330"},{"taxonomy":"post_tag","embeddable":true,"href":"https:\/\/kamucalisani.net\/index.php\/wp-json\/wp\/v2\/tags?post=112330"}],"curies":[{"name":"wp","href":"https:\/\/api.w.org\/{rel}","templated":true}]}}