{"id":112927,"date":"2025-05-17T03:12:06","date_gmt":"2025-05-17T03:12:06","guid":{"rendered":"https:\/\/kamucalisani.net\/?p=112927"},"modified":"2025-05-17T03:12:06","modified_gmt":"2025-05-17T03:12:06","slug":"trt-tabii-coktu-mu-sampiyonlar-ligi-maclarina-erisilemedi","status":"publish","type":"post","link":"https:\/\/kamucalisani.net\/index.php\/2025\/05\/17\/trt-tabii-coktu-mu-sampiyonlar-ligi-maclarina-erisilemedi\/","title":{"rendered":"TRT Tabii \u00e7\u00f6kt\u00fc m\u00fc? \u015eampiyonlar Ligi ma\u00e7lar\u0131na eri\u015filemedi"},"content":{"rendered":"<p><figure> <span> <img decoding=\"async\" src=\"https:\/\/kamucalisani.net\/wp-content\/uploads\/2025\/05\/trt-tabii-coktu-mu-sampiyonlar-ligi-maclarina-erisilemedi-0-Opjk8WZq.jpg\"\/> <\/span> Son 3 sezondur yay\u0131n haklar\u0131 Exxen platformunda olan Avrupa kupalar\u0131, bu sezondan itibaren TRT platformunda yay\u0131nlanmaya ba\u015flad\u0131. Belirli ma\u00e7lar\u0131 TRT 1 ve TRT Spor kanal\u0131nda \u015fifresiz olarak veren TRT, kalan t\u00fcm Avrupa ma\u00e7lar\u0131n\u0131 Tabii platformunda \u00fccretli abonelik kar\u015f\u0131l\u0131\u011f\u0131nda sunmaya ba\u015flam\u0131\u015ft\u0131.\u00a0 <\/figure>\n<p><b>TRT Tabii \u00e7\u00f6kt\u00fc m\u00fc?<\/b><\/p>\n<p>\u015eampiyonlar Ligi, Avrupa Ligi ve Konferans Ligi ma\u00e7lar\u0131n\u0131 yay\u0131nlayan <strong>TRT Tabii<\/strong> platformu zaman zaman yo\u011funluktan dolay\u0131 \u00e7\u00f6kme sorunlar\u0131 ya\u015f\u0131yor. Saat 23.00\u2019da ba\u015flayacak olan \u015eampiyonlar Ligi ma\u00e7lar\u0131n\u0131 izlemek isteyenler tats\u0131z bir s\u00fcrprizle kar\u015f\u0131la\u015ft\u0131.\u00a0<\/p>\n<p>Yakla\u015f\u0131k 23.20 sular\u0131na kadar Tabii platformuna eri\u015fim sa\u011flanamad\u0131. Platforma girmek isteyenler farkl\u0131 hata mesajlar\u0131 ile kar\u015f\u0131la\u015ft\u0131. Sonras\u0131nda ise platform yeniden hizmet vermeye ba\u015flad\u0131. Sosyal medyada pek \u00e7ok kullan\u0131c\u0131 golleri izleyemedikleri i\u00e7in Tabii platformuna tepki g\u00f6sterdi.\u00a0<\/p>\n<p>Ge\u00e7en y\u0131l Galatasaray\u2019\u0131n \u015eampiyonlar Ligi ma\u00e7lar\u0131nda da Exxen platformu \u00e7\u00f6km\u00fc\u015f, Acun Il\u0131cal\u0131 yapt\u0131\u011f\u0131 a\u00e7\u0131klamada bu denli b\u00fcy\u00fck bir talebi tahmin edemediklerini dile getirmi\u015fti.\u00a0<\/p>\n\n<p>Kaynak\u00a0 :\u00a0<span style=\"background-color: rgb(255, 249, 236); color: rgb(55, 58, 60); font-size: 14px;\">https:\/\/www.donanimhaber.com\/trt-tabii-tepkilere-sebep-oldu&#8211;183886<\/span><\/p>\n","protected":false},"excerpt":{"rendered":"<p>Son 3 sezondur yay\u0131n haklar\u0131 Exxen platformunda olan Avrupa kupalar\u0131, bu sezondan itibaren TRT platformunda yay\u0131nlanmaya ba\u015flad\u0131. Belirli ma\u00e7lar\u0131 TRT 1 ve TRT Spor kanal\u0131nda \u015fifresiz olarak veren TRT, kalan t\u00fcm Avrupa ma\u00e7lar\u0131n\u0131 Tabii platformunda &#8230;<\/p>\n","protected":false},"author":1,"featured_media":112928,"comment_status":"open","ping_status":"open","sticky":false,"template":"","format":"standard","meta":{"footnotes":""},"categories":[8],"tags":[466,2665,4821,6190,5201],"class_list":["post-112927","post","type-post","status-publish","format-standard","has-post-thumbnail","hentry","category-teknoloji","tag-ligi","tag-maclari","tag-platformu","tag-tabii","tag-trt"],"_links":{"self":[{"href":"https:\/\/kamucalisani.net\/index.php\/wp-json\/wp\/v2\/posts\/112927","targetHints":{"allow":["GET"]}}],"collection":[{"href":"https:\/\/kamucalisani.net\/index.php\/wp-json\/wp\/v2\/posts"}],"about":[{"href":"https:\/\/kamucalisani.net\/index.php\/wp-json\/wp\/v2\/types\/post"}],"author":[{"embeddable":true,"href":"https:\/\/kamucalisani.net\/index.php\/wp-json\/wp\/v2\/users\/1"}],"replies":[{"embeddable":true,"href":"https:\/\/kamucalisani.net\/index.php\/wp-json\/wp\/v2\/comments?post=112927"}],"version-history":[{"count":1,"href":"https:\/\/kamucalisani.net\/index.php\/wp-json\/wp\/v2\/posts\/112927\/revisions"}],"predecessor-version":[{"id":112930,"href":"https:\/\/kamucalisani.net\/index.php\/wp-json\/wp\/v2\/posts\/112927\/revisions\/112930"}],"wp:featuredmedia":[{"embeddable":true,"href":"https:\/\/kamucalisani.net\/index.php\/wp-json\/wp\/v2\/media\/112928"}],"wp:attachment":[{"href":"https:\/\/kamucalisani.net\/index.php\/wp-json\/wp\/v2\/media?parent=112927"}],"wp:term":[{"taxonomy":"category","embeddable":true,"href":"https:\/\/kamucalisani.net\/index.php\/wp-json\/wp\/v2\/categories?post=112927"},{"taxonomy":"post_tag","embeddable":true,"href":"https:\/\/kamucalisani.net\/index.php\/wp-json\/wp\/v2\/tags?post=112927"}],"curies":[{"name":"wp","href":"https:\/\/api.w.org\/{rel}","templated":true}]}}