{"id":112953,"date":"2025-05-17T04:12:06","date_gmt":"2025-05-17T04:12:06","guid":{"rendered":"https:\/\/kamucalisani.net\/?p=112953"},"modified":"2025-05-17T04:12:06","modified_gmt":"2025-05-17T04:12:06","slug":"sivassporda-bahattin-eken-donemi","status":"publish","type":"post","link":"https:\/\/kamucalisani.net\/index.php\/2025\/05\/17\/sivassporda-bahattin-eken-donemi\/","title":{"rendered":"Sivasspor\u2019da Bahattin Eken d\u00f6nemi"},"content":{"rendered":"<p><p>Sivasspor\u2019da yeni kul\u00fcp ba\u015fkan\u0131 belli oldu. Mecnun Otyakmaz&#8217;\u0131n, TFF&#8217;nin yeni ba\u015fkan\u0131 \u0130brahim Hac\u0131osmano\u011flu&#8217;nun y\u00f6netim kurulu listesinde bulunmas\u0131 sebebiyle k\u0131rm\u0131z\u0131-beyazl\u0131 kul\u00fcb\u00fcn ba\u015fkanl\u0131\u011f\u0131na Bahattin Eken getirildi.<\/p>\n<p>Konuyla ilgili Sivasspor&#8217;dan yap\u0131lan a\u00e7\u0131klamada, \u201cKul\u00fcp Ba\u015fkan\u0131m\u0131z Mecnun Otyakmaz&#8217;\u0131n, T\u00fcrkiye Futbol Federasyonu Ba\u015fkan Vekili olarak g\u00f6rev alacak olmas\u0131 nedeniyle, kul\u00fcp t\u00fcz\u00fc\u011f\u00fcm\u00fcz ve y\u00f6netim kurulu karar\u0131 do\u011frultusunda Sivasspor ba\u015fkanl\u0131\u011f\u0131na Say\u0131n Bahattin Eken getirilmi\u015ftir. Say\u0131n Eken&#8217;in bu yeni g\u00f6revi ba\u015far\u0131yla y\u00fcr\u00fctece\u011fine olan inanc\u0131m\u0131z tamd\u0131r. Sivasspor Kul\u00fcb\u00fc olarak, bu de\u011fi\u015fikli\u011fin kul\u00fcb\u00fcm\u00fcz ve T\u00fcrk futbolu i\u00e7in hay\u0131rl\u0131 olmas\u0131n\u0131 diliyor, Say\u0131n Bahattin Eken&#8217;e yeni g\u00f6revinde \u00fcst\u00fcn ba\u015far\u0131lar dileriz. Kamuoyuna sayg\u0131yla duyurulur\u201d denildi.<\/p>\n<p><strong>S\u0130VASSPOR&#8217;DAN OTYAKMAZ&#8217;A TEBR\u0130K MESAJI<\/strong><\/p>\n<p>T\u00fcrkiye Futbol Federasyonu\u2019nda Ba\u015fkan Vekili olan Mecnun Otyakmaz i\u00e7in Sivasspor Kul\u00fcb\u00fc te\u015fekk\u00fcr mesaj\u0131 yay\u0131mlad\u0131.<br \/>Kul\u00fcpten yay\u0131mlanan mesajda \u015fu ifadelere yher verildi:<\/p>\n<p>\u201cKul\u00fcb\u00fcm\u00fcz\u00fcn de\u011ferli ba\u015fkan\u0131 Mecnun Otyakmaz&#8217;\u0131n, TFF Ola\u011fan Mali ve Se\u00e7imli Genel Kurulu&#8217;nda, TFF ba\u015fkanl\u0131\u011f\u0131na se\u00e7ilen \u0130brahim Hac\u0131osmano\u011flu y\u00f6netiminde ba\u015fkan vekili olarak atanmas\u0131ndan dolay\u0131 b\u00fcy\u00fck bir gurur ve mutluluk i\u00e7erisindeyiz. 2001-2002 sezonunda Sivasspor&#8217;da genel koordinat\u00f6r olarak g\u00f6reve ba\u015flayan Otyakmaz, 2002-2003 sezonunda y\u00f6netim kurulu \u00fcyesi, 2003-2004 sezonunda ba\u015fkan yard\u0131mc\u0131s\u0131 ve 2004-2005 sezonunda ise ba\u015fkan olarak g\u00f6revine devam etti. Otyakmaz, Sivasspor&#8217;u ilk defa S\u00fcper Lig&#8217;e \u00e7\u0131karan ba\u015fkan unvan\u0131n\u0131 elde etti. Otyakmaz, kul\u00fcb\u00fcm\u00fcz i\u00e7in y\u0131llar boyunca b\u00fcy\u00fck emekler vermi\u015f, ba\u015far\u0131lara imza atm\u0131\u015f ve Sivasspor&#8217;u T\u00fcrkiye&#8217;nin en \u00f6nemli futbol kul\u00fcplerinden biri haline getirmi\u015ftir.<br \/>Kendisi, ba\u015fkanl\u0131k d\u00f6nemi boyunca her zaman kul\u00fcb\u00fcm\u00fcz\u00fcn menfaatlerini g\u00f6zetmi\u015f, Sivasspor&#8217;u daha ileriye ta\u015f\u0131ma ad\u0131na bir\u00e7ok projeye imza atm\u0131\u015ft\u0131r. Mecnun Otyakmaz, ba\u015fkanl\u0131k d\u00f6nemi boyunca Sivasspor&#8217;un hem ulusal hem de uluslararas\u0131 alanda \u00f6nemli ba\u015far\u0131lara imza atmas\u0131na \u00f6nc\u00fcl\u00fck etmi\u015ftir. 23 sezon k\u0131rm\u0131z\u0131-beyazl\u0131 kul\u00fcb\u00fcm\u00fczde ba\u015far\u0131yla g\u00f6rev yapan Otyakmaz, mali disiplin, tesisle\u015fme, alt yap\u0131 yat\u0131r\u0131mlar\u0131 ve kurumsalla\u015fma gibi bir\u00e7ok alanda kul\u00fcb\u00fcm\u00fcz\u00fc hep ileri g\u00f6t\u00fcrm\u00fc\u015ft\u00fcr. Tak\u0131m\u0131m\u0131z, onun liderli\u011finde S\u00fcper Lig&#8217;de istikrarl\u0131 bir \u015fekilde m\u00fccadele etmi\u015f, 3 kez son haftalara kadar \u015fampiyonluk yar\u0131\u015f\u0131 i\u00e7erisinde olmu\u015f, 60. Ziraat T\u00fcrkiye Kupas\u0131&#8217;n\u0131 m\u00fczesine g\u00f6t\u00fcrm\u00fc\u015f ve Avrupa kupalar\u0131nda gurur verici performanslar sergilemi\u015ftir. Avrupa&#8217;da elde edilen ba\u015far\u0131lar, Sivasspor&#8217;un ad\u0131n\u0131 t\u00fcm k\u0131taya duyurmu\u015f ve T\u00fcrk futbolunun prestijini art\u0131rm\u0131\u015ft\u0131r. T\u00fcm bu \u00e7al\u0131\u015fmalar\u0131yla kul\u00fcb\u00fcm\u00fcz \u00f6rnek g\u00f6sterilen bir yap\u0131ya kavu\u015fmu\u015ftur. Otyakmaz&#8217;\u0131n kul\u00fcb\u00fcm\u00fczde s\u00fcrd\u00fcr\u00fclebilir bir ba\u015far\u0131 modelini olu\u015fturulmas\u0131 ad\u0131na yapt\u0131\u011f\u0131 \u00e7al\u0131\u015fmalar, Sivasspor&#8217;un gelece\u011fini g\u00fcvence alt\u0131na alm\u0131\u015ft\u0131r. Otyakmaz&#8217;\u0131n bu yeni g\u00f6revi, T\u00fcrk futboluna olan katk\u0131lar\u0131n\u0131 daha geni\u015f bir platforma ta\u015f\u0131rken, ayn\u0131 zamanda kul\u00fcb\u00fcm\u00fcz ad\u0131na da b\u00fcy\u00fck bir onur kayna\u011f\u0131d\u0131r.<\/p>\n<p>Mecnun Otyakmaz&#8217;a yeni g\u00f6revinde ba\u015far\u0131lar dilerken, Sivasspor Kul\u00fcb\u00fc olarak kendisine olan minnettarl\u0131\u011f\u0131m\u0131z\u0131 ifade ediyoruz. Otyakmaz&#8217;\u0131n, T\u00fcrkiye Futbol Federasyonu&#8217;nda da ayn\u0131 \u00f6zveri ve ba\u015far\u0131yla \u00e7al\u0131\u015faca\u011f\u0131na olan inanc\u0131m\u0131z tamd\u0131r. Bu vesileyle, ba\u015fkan\u0131m\u0131za yeni g\u00f6revinde \u00fcst\u00fcn ba\u015far\u0131lar diler, Sivasspor ailesi olarak her zaman yan\u0131nda oldu\u011fumuzu belirtmek isteriz. Sayg\u0131lar\u0131m\u0131zla.\u201d<\/p>\n<p>\u00a0<\/p>\n\n<p><\/p>\n<p>Kaynak :\u00a0<span style=\"background-color: rgb(255, 249, 236); color: rgb(55, 58, 60); font-size: 14px;\">http:\/\/www.milliyet.com.tr\/skorer\/sivassporda-bahattin-eken-donemi-7158277<\/span><\/p>\n","protected":false},"excerpt":{"rendered":"<p>Mecnun Otyakmaz&#8217;\u0131n TFF&#8217;nin yeni ba\u015fkan\u0131 \u0130brahim Hac\u0131osmano\u011flu&#8217;nun y\u00f6netim kurulu listesinde yer almas\u0131ndan dolay\u0131 k\u0131rm\u0131z\u0131-beyazl\u0131 kul\u00fcb\u00fcn yeni ba\u015fkan\u0131 Bahattin Eken oldu.<\/p>\n","protected":false},"author":1,"featured_media":112954,"comment_status":"open","ping_status":"open","sticky":false,"template":"","format":"standard","meta":{"footnotes":""},"categories":[7],"tags":[1590,186,949,7463,1899],"class_list":["post-112953","post","type-post","status-publish","format-standard","has-post-thumbnail","hentry","category-spor","tag-basarilar","tag-baskan","tag-futbol","tag-otyakmaz","tag-sivasspor"],"_links":{"self":[{"href":"https:\/\/kamucalisani.net\/index.php\/wp-json\/wp\/v2\/posts\/112953","targetHints":{"allow":["GET"]}}],"collection":[{"href":"https:\/\/kamucalisani.net\/index.php\/wp-json\/wp\/v2\/posts"}],"about":[{"href":"https:\/\/kamucalisani.net\/index.php\/wp-json\/wp\/v2\/types\/post"}],"author":[{"embeddable":true,"href":"https:\/\/kamucalisani.net\/index.php\/wp-json\/wp\/v2\/users\/1"}],"replies":[{"embeddable":true,"href":"https:\/\/kamucalisani.net\/index.php\/wp-json\/wp\/v2\/comments?post=112953"}],"version-history":[{"count":1,"href":"https:\/\/kamucalisani.net\/index.php\/wp-json\/wp\/v2\/posts\/112953\/revisions"}],"predecessor-version":[{"id":112955,"href":"https:\/\/kamucalisani.net\/index.php\/wp-json\/wp\/v2\/posts\/112953\/revisions\/112955"}],"wp:featuredmedia":[{"embeddable":true,"href":"https:\/\/kamucalisani.net\/index.php\/wp-json\/wp\/v2\/media\/112954"}],"wp:attachment":[{"href":"https:\/\/kamucalisani.net\/index.php\/wp-json\/wp\/v2\/media?parent=112953"}],"wp:term":[{"taxonomy":"category","embeddable":true,"href":"https:\/\/kamucalisani.net\/index.php\/wp-json\/wp\/v2\/categories?post=112953"},{"taxonomy":"post_tag","embeddable":true,"href":"https:\/\/kamucalisani.net\/index.php\/wp-json\/wp\/v2\/tags?post=112953"}],"curies":[{"name":"wp","href":"https:\/\/api.w.org\/{rel}","templated":true}]}}