{"id":113160,"date":"2025-05-17T13:48:08","date_gmt":"2025-05-17T13:48:08","guid":{"rendered":"https:\/\/kamucalisani.net\/?p=113160"},"modified":"2025-05-17T13:48:08","modified_gmt":"2025-05-17T13:48:08","slug":"mert-furkan-bayram-resmen-alanyasporda-5-yillik-imza","status":"publish","type":"post","link":"https:\/\/kamucalisani.net\/index.php\/2025\/05\/17\/mert-furkan-bayram-resmen-alanyasporda-5-yillik-imza\/","title":{"rendered":"Mert Furkan Bayram resmen Alanyaspor&#8217;da! 5 y\u0131ll\u0131k imza"},"content":{"rendered":"<p><p>S\u00fcper Lig ekibi Alanyaspor, Mert Furkan Bayram&#8217;\u0131 kadrosuna katt\u0131.<\/p>\n<p>Kul\u00fcpten yap\u0131lan a\u00e7\u0131klamada, &#8220;Mert Furkan Bayram Corendon Alanyaspor&#8217;umuzda! Kul\u00fcb\u00fcm\u00fcz, Alt\u0131nordu FK&#8217;dan U19 Milli Tak\u0131m\u0131m\u0131zda da forma giyen kaleci Mert Furkan Bayram&#8217;\u0131 5 y\u0131ll\u0131\u011f\u0131na transfer etti. Ailemize ho\u015f geldin Mert!&#8221; ifadeleri kullan\u0131ld\u0131.<\/p>\n\n<p><\/p>\n<p>Kaynak :\u00a0<span style=\"background-color: rgb(255, 249, 236); color: rgb(55, 58, 60); font-size: 14px;\">http:\/\/www.milliyet.com.tr\/skorer\/mert-furkan-bayram-resmen-alanyasporda-5-yillik-imza-7158347<\/span><\/p>\n","protected":false},"excerpt":{"rendered":"<p>Atletico Madrid&#8217;in ilgilendi\u011fi ileri s\u00fcr\u00fclen gen\u00e7 kaleci Akdeniz ekibine transfer oldu.<\/p>\n","protected":false},"author":1,"featured_media":113161,"comment_status":"open","ping_status":"open","sticky":false,"template":"","format":"standard","meta":{"footnotes":""},"categories":[7],"tags":[],"class_list":["post-113160","post","type-post","status-publish","format-standard","has-post-thumbnail","hentry","category-spor"],"_links":{"self":[{"href":"https:\/\/kamucalisani.net\/index.php\/wp-json\/wp\/v2\/posts\/113160","targetHints":{"allow":["GET"]}}],"collection":[{"href":"https:\/\/kamucalisani.net\/index.php\/wp-json\/wp\/v2\/posts"}],"about":[{"href":"https:\/\/kamucalisani.net\/index.php\/wp-json\/wp\/v2\/types\/post"}],"author":[{"embeddable":true,"href":"https:\/\/kamucalisani.net\/index.php\/wp-json\/wp\/v2\/users\/1"}],"replies":[{"embeddable":true,"href":"https:\/\/kamucalisani.net\/index.php\/wp-json\/wp\/v2\/comments?post=113160"}],"version-history":[{"count":1,"href":"https:\/\/kamucalisani.net\/index.php\/wp-json\/wp\/v2\/posts\/113160\/revisions"}],"predecessor-version":[{"id":113162,"href":"https:\/\/kamucalisani.net\/index.php\/wp-json\/wp\/v2\/posts\/113160\/revisions\/113162"}],"wp:featuredmedia":[{"embeddable":true,"href":"https:\/\/kamucalisani.net\/index.php\/wp-json\/wp\/v2\/media\/113161"}],"wp:attachment":[{"href":"https:\/\/kamucalisani.net\/index.php\/wp-json\/wp\/v2\/media?parent=113160"}],"wp:term":[{"taxonomy":"category","embeddable":true,"href":"https:\/\/kamucalisani.net\/index.php\/wp-json\/wp\/v2\/categories?post=113160"},{"taxonomy":"post_tag","embeddable":true,"href":"https:\/\/kamucalisani.net\/index.php\/wp-json\/wp\/v2\/tags?post=113160"}],"curies":[{"name":"wp","href":"https:\/\/api.w.org\/{rel}","templated":true}]}}