{"id":113307,"date":"2025-05-17T20:48:12","date_gmt":"2025-05-17T20:48:12","guid":{"rendered":"https:\/\/kamucalisani.net\/?p=113307"},"modified":"2025-05-17T20:48:12","modified_gmt":"2025-05-17T20:48:12","slug":"guilherme-sitya-ust-siralari-hedefleyen-bir-oyuncu-grubumuz-var","status":"publish","type":"post","link":"https:\/\/kamucalisani.net\/index.php\/2025\/05\/17\/guilherme-sitya-ust-siralari-hedefleyen-bir-oyuncu-grubumuz-var\/","title":{"rendered":"Guilherme Sitya: \u00dcst s\u0131ralar\u0131 hedefleyen bir oyuncu grubumuz var!"},"content":{"rendered":"<p><p>Trendyol S\u00fcper Lig ekiplerinden Konyaspor&#8217;un tecr\u00fcbeli oyuncusu Guilherme Sitya, yeni sezonda enerjik bir ekip halinde sahaya \u00e7\u0131kacaklar\u0131n\u0131 s\u00f6yledi.<\/p>\n<p>Sezon haz\u0131rl\u0131klar\u0131n\u0131 Kayseri&#8217;deki Erciyes Y\u00fcksek \u0130rtifa Kamp Merkezi&#8217;nde s\u00fcrd\u00fcren ye\u015fil-beyazl\u0131 ekibin sol bek oyuncusu Guilherme, yeni sezon \u00e7al\u0131\u015fmalar\u0131 hakk\u0131nda AA muhabirine a\u00e7\u0131klamalarda bulundu.<\/p>\n<p>Tak\u0131mda morallerin yerinde oldu\u011funu belirten Guilherme, &#8220;Verimli bir haz\u0131rl\u0131k kamp\u0131 ge\u00e7iriyoruz. Tak\u0131m\u0131m\u0131z \u00f6zveri ile lige haz\u0131rlan\u0131yor. \u015eu ana kadar antrenmanlarda g\u00f6rd\u00fc\u011f\u00fcm her \u015feyden tatmin oldu\u011fumu s\u00f6yleyebilirim. Bunu lig ba\u015flay\u0131nca daha iyi g\u00f6rm\u00fc\u015f olaca\u011f\u0131z. \u0130n\u015fallah sezon sonuna kadar bu olumlu etki devam eder.&#8221; dedi.<\/p>\n<p>Guilherme, Konyaspor&#8217;un ligin en k\u00f6kl\u00fc kul\u00fcplerinden oldu\u011funu, bu bilin\u00e7le lige haz\u0131rland\u0131klar\u0131n\u0131 kaydetti.<\/p>\n<p>Konyaspor taraftar\u0131n\u0131n ge\u00e7en y\u0131ldan farkl\u0131 bir tak\u0131m g\u00f6rece\u011fini vurgulayan Guilherme, \u015funlar\u0131 s\u00f6yledi:<\/p>\n<p>&#8220;Konyaspor ne kadar g\u00fc\u00e7l\u00fc bir ekip oldu\u011funu y\u0131llad\u0131r g\u00f6steriyor. Asla vazge\u00e7meyen bir tak\u0131m ve taraftar grubuna sahip. Ge\u00e7en sezon beklentilerimizi ger\u00e7ekle\u015ftiremedi\u011fimiz bir sezon oldu. Bu ba\u015far\u0131s\u0131zl\u0131\u011f\u0131n bir\u00e7ok sebebi olabilir. Burada oyuncular\u0131n, kul\u00fcb\u00fcn, y\u00f6neticilerin hatalar\u0131 olabilir. Gelecek sezonda \u00f6nceki hatalar\u0131 d\u00fczelterek ve daha iyi hale getirerek yolumuza devam etmek istiyoruz. Sezona farkl\u0131 bir enerjiyle ba\u015flay\u0131p ligdeki rakiplerimize ciddi bir ekip oldu\u011fumuzu g\u00f6stermek istiyoruz.&#8221;<\/p>\n<p><strong>&#8220;EL\u0130M\u0130ZDEN GELEN\u0130 YAPACA\u011eIZ&#8221;<\/strong><\/p>\n<p>Tak\u0131ma katk\u0131 sa\u011flayabilmek i\u00e7in elinden geleni yapt\u0131\u011f\u0131n\u0131n alt\u0131n\u0131 \u00e7izen Guilherme, \u015f\u00f6yle devam etti:<\/p>\n<p>&#8220;Ligdeki en iyi sol beklerden biri olarak g\u00f6steriliyorum. Burada tak\u0131m\u0131ma katk\u0131 verdi\u011fimi d\u00fc\u015f\u00fcn\u00fcyorum. Tak\u0131m\u0131ma pozitif katk\u0131 sa\u011flayabilece\u011fim bir mevkide oynad\u0131\u011f\u0131m\u0131 d\u00fc\u015f\u00fcn\u00fcyorum. Ama tabi hocam\u0131z\u0131n direktifleri do\u011frultusunda her mevkide oynar\u0131m. Tak\u0131ma kaleci olarak katk\u0131 vereceksem orada da oynar\u0131m. \u00dcst s\u0131ralar\u0131 hedefleyen bir oyuncu grubumuz var. Bireysel a\u00e7\u0131dan her oyuncumuz kendi mevkisinde en iyi g\u00f6sterirlerse hedefimize ula\u015fmam\u0131z \u00e7ok daha kolay olur. Taraftar\u0131m\u0131z\u0131 sevindirmek, camiam\u0131z\u0131 mutlu etmek i\u00e7in elimizden geleni yapaca\u011f\u0131z. Ben sol bek olarak en iyisini yaparsam, kalecimiz en iyi kaleci olursa, 6 numaram\u0131z en iyi 6 numara olursa di\u015flilerin t\u00fcm par\u00e7alar\u0131n\u0131 tamamlam\u0131\u015f ve ba\u015far\u0131ya ula\u015fm\u0131\u015f oluyoruz.&#8221;<\/p>\n\n<p><\/p>\n<p>Kaynak :\u00a0<span style=\"background-color: rgb(255, 249, 236); color: rgb(55, 58, 60); font-size: 14px;\">http:\/\/www.milliyet.com.tr\/skorer\/guilherme-sitya-ust-siralari-hedefleyen-bir-oyuncu-grubumuz-var-7158325<\/span><\/p>\n","protected":false},"excerpt":{"rendered":"<p>Konyaspor&#8217;un tecr\u00fcbeli sol beki Guilherme Sitya, gelecek sezon \u00f6ncesi konu\u015ftu.<\/p>\n","protected":false},"author":1,"featured_media":113308,"comment_status":"open","ping_status":"open","sticky":false,"template":"","format":"standard","meta":{"footnotes":""},"categories":[7],"tags":[1675,7489,292,256,263],"class_list":["post-113307","post","type-post","status-publish","format-standard","has-post-thumbnail","hentry","category-spor","tag-en-iyi","tag-guilherme","tag-lig","tag-sezon","tag-takim"],"_links":{"self":[{"href":"https:\/\/kamucalisani.net\/index.php\/wp-json\/wp\/v2\/posts\/113307","targetHints":{"allow":["GET"]}}],"collection":[{"href":"https:\/\/kamucalisani.net\/index.php\/wp-json\/wp\/v2\/posts"}],"about":[{"href":"https:\/\/kamucalisani.net\/index.php\/wp-json\/wp\/v2\/types\/post"}],"author":[{"embeddable":true,"href":"https:\/\/kamucalisani.net\/index.php\/wp-json\/wp\/v2\/users\/1"}],"replies":[{"embeddable":true,"href":"https:\/\/kamucalisani.net\/index.php\/wp-json\/wp\/v2\/comments?post=113307"}],"version-history":[{"count":1,"href":"https:\/\/kamucalisani.net\/index.php\/wp-json\/wp\/v2\/posts\/113307\/revisions"}],"predecessor-version":[{"id":113309,"href":"https:\/\/kamucalisani.net\/index.php\/wp-json\/wp\/v2\/posts\/113307\/revisions\/113309"}],"wp:featuredmedia":[{"embeddable":true,"href":"https:\/\/kamucalisani.net\/index.php\/wp-json\/wp\/v2\/media\/113308"}],"wp:attachment":[{"href":"https:\/\/kamucalisani.net\/index.php\/wp-json\/wp\/v2\/media?parent=113307"}],"wp:term":[{"taxonomy":"category","embeddable":true,"href":"https:\/\/kamucalisani.net\/index.php\/wp-json\/wp\/v2\/categories?post=113307"},{"taxonomy":"post_tag","embeddable":true,"href":"https:\/\/kamucalisani.net\/index.php\/wp-json\/wp\/v2\/tags?post=113307"}],"curies":[{"name":"wp","href":"https:\/\/api.w.org\/{rel}","templated":true}]}}