{"id":113315,"date":"2025-05-17T21:12:08","date_gmt":"2025-05-17T21:12:08","guid":{"rendered":"https:\/\/kamucalisani.net\/?p=113315"},"modified":"2025-05-17T21:12:08","modified_gmt":"2025-05-17T21:12:08","slug":"selahattin-demirtasa-2-5-yil-hapis-cezasi","status":"publish","type":"post","link":"https:\/\/kamucalisani.net\/index.php\/2025\/05\/17\/selahattin-demirtasa-2-5-yil-hapis-cezasi\/","title":{"rendered":"Selahattin Demirta\u015f&#8217;a 2.5 y\u0131l hapis cezas\u0131"},"content":{"rendered":"<p><p>Eski Halklar\u0131n Demokratik Partisi (HDP) E\u015f Genel Ba\u015fkan\u0131 Selahattin Demirta\u015f, \u00e7e\u015fitli konu\u015fmalar\u0131ndan dolay\u0131 yarg\u0131land\u0131\u011f\u0131 davada 2,5 y\u0131l hapis cezas\u0131na \u00e7arpt\u0131r\u0131ld\u0131.<\/p>\n<p>Eski HDP E\u015f Genel Ba\u015fkan\u0131 Selahattin Demirta\u015f hakk\u0131nda baz\u0131 mitinglerdeki \u00e7e\u015fitli konu\u015fmalar\u0131 nedeniyle a\u00e7\u0131lan davan\u0131n karar duru\u015fmas\u0131 bug\u00fcn, Mersin 14&#8217;\u00fcnc\u00fc Asliye Ceza Mahkemesi&#8217;nde g\u00f6r\u00fcld\u00fc. Duru\u015fmaya, ba\u015fka su\u00e7tan Edirne F Tipi Kapal\u0131 Ceza \u0130nfaz Kurumu&#8217;nda tutuklu bulunan Selahattin Demirta\u015f, Ses ve G\u00f6r\u00fcnt\u00fc Bili\u015fim Sistemi (SEGB\u0130S) ile kat\u0131ld\u0131. Demirta\u015f\u2019\u0131n avukatlar\u0131 ve izleyiciler salonda haz\u0131r bulundu.<\/p>\n<p>Duru\u015fmada savunma yapan Demirta\u015f, \u201c\u0130ddianame kopyala yap\u0131\u015ft\u0131r oldu\u011fu i\u00e7in hatalar bile ayn\u0131. Avukatlar\u0131n sundu\u011fu delillerin hi\u00e7bir anlam ifade etmedi\u011fini anl\u0131yoruz. Herhangi bir \u00fclkede bir hakimin \u00f6n\u00fcne koysak bu m\u00fctalaay\u0131 bir \u015fey anlamaz. M\u00fctalaada hukuk anlam\u0131nda tek sat\u0131r yok. M\u00fctalaa siyasi ama\u00e7l\u0131d\u0131r. Bu dosya A\u0130HM&#8217;e kadar gidecek. Ele\u015ftiri hakk\u0131m\u0131 kulland\u0131\u011f\u0131m i\u00e7in yarg\u0131lan\u0131yorum. \u015eimdiye kadar hi\u00e7bir \u015fiddet, ter\u00f6r dosyas\u0131yla yarg\u0131lanmad\u0131m. Konu\u015fmalar\u0131mdan dolay\u0131 55 y\u0131l ceza ald\u0131m. Kar\u015f\u0131n\u0131za bir kad\u0131n\u0131 katleden biri olarak \u00e7\u0131ksayd\u0131m a\u011f\u0131r tahrik, iyi hal indirimi al\u0131rd\u0131m. Bana verilen hi\u00e7bir cezada iyi hal indirimi almad\u0131m. T\u00fcrk yarg\u0131s\u0131 bize ayr\u0131mc\u0131l\u0131k yap\u0131yor. Bana yap\u0131lan hakaretlerle ilgili tek bir defa i\u015flem yap\u0131lmad\u0131. 8 y\u0131ld\u0131r 13 metrekare bir h\u00fccrede tutuluyorum\u201d dedi.<\/p>\n<p>Demirta\u015f\u2019\u0131n savunmas\u0131n\u0131n ard\u0131ndan avukatlar s\u00f6z ald\u0131. Avukatlar\u0131 da dinleyen mahkeme heyeti karar\u0131n\u0131 a\u00e7\u0131klad\u0131. Heyet Demirta\u015f\u2019a \u2018T\u00fcrkiye Cumhuriyeti h\u00fck\u00fcmetini, yarg\u0131 organlar\u0131n\u0131, askeri veya emniyet te\u015fkilat\u0131n\u0131 alenen a\u015fa\u011f\u0131lama\u2019 su\u00e7undan 1 y\u0131l 3 ay, \u2018Halk\u0131 kin ve d\u00fc\u015fmanl\u0131\u011fa tahrik veya a\u015fa\u011f\u0131lama\u2019 su\u00e7undan ise 1 y\u0131l 3 hapis cezas\u0131 verdi.<\/p>\n\n<p><\/p>\n<p>Kaynak :\u00a0<span style=\"background-color: rgb(255, 249, 236); color: rgb(55, 58, 60); font-size: 14px;\">http:\/\/www.milliyet.com.tr\/gundem\/selahattin-demirtasa-2-5-yil-hapis-cezasi-7158425<\/span><\/p>\n","protected":false},"excerpt":{"rendered":"<p>Eski HDP E\u015f Genel Ba\u015fkan\u0131 Selahattin Demirta\u015f&#8217;a, baz\u0131 konu\u015fmalar\u0131ndan dolay\u0131 2.5 y\u0131l hapis cezas\u0131 verildi. \u0130\u015fte detaylar&#8230;<\/p>\n","protected":false},"author":1,"featured_media":113316,"comment_status":"open","ping_status":"open","sticky":false,"template":"","format":"standard","meta":{"footnotes":""},"categories":[3],"tags":[386,384,865],"class_list":["post-113315","post","type-post","status-publish","format-standard","has-post-thumbnail","hentry","category-guncel","tag-ceza","tag-demirtas","tag-yargi"],"_links":{"self":[{"href":"https:\/\/kamucalisani.net\/index.php\/wp-json\/wp\/v2\/posts\/113315","targetHints":{"allow":["GET"]}}],"collection":[{"href":"https:\/\/kamucalisani.net\/index.php\/wp-json\/wp\/v2\/posts"}],"about":[{"href":"https:\/\/kamucalisani.net\/index.php\/wp-json\/wp\/v2\/types\/post"}],"author":[{"embeddable":true,"href":"https:\/\/kamucalisani.net\/index.php\/wp-json\/wp\/v2\/users\/1"}],"replies":[{"embeddable":true,"href":"https:\/\/kamucalisani.net\/index.php\/wp-json\/wp\/v2\/comments?post=113315"}],"version-history":[{"count":1,"href":"https:\/\/kamucalisani.net\/index.php\/wp-json\/wp\/v2\/posts\/113315\/revisions"}],"predecessor-version":[{"id":113317,"href":"https:\/\/kamucalisani.net\/index.php\/wp-json\/wp\/v2\/posts\/113315\/revisions\/113317"}],"wp:featuredmedia":[{"embeddable":true,"href":"https:\/\/kamucalisani.net\/index.php\/wp-json\/wp\/v2\/media\/113316"}],"wp:attachment":[{"href":"https:\/\/kamucalisani.net\/index.php\/wp-json\/wp\/v2\/media?parent=113315"}],"wp:term":[{"taxonomy":"category","embeddable":true,"href":"https:\/\/kamucalisani.net\/index.php\/wp-json\/wp\/v2\/categories?post=113315"},{"taxonomy":"post_tag","embeddable":true,"href":"https:\/\/kamucalisani.net\/index.php\/wp-json\/wp\/v2\/tags?post=113315"}],"curies":[{"name":"wp","href":"https:\/\/api.w.org\/{rel}","templated":true}]}}