{"id":113474,"date":"2025-05-18T05:12:09","date_gmt":"2025-05-18T05:12:09","guid":{"rendered":"https:\/\/kamucalisani.net\/?p=113474"},"modified":"2025-05-18T05:12:09","modified_gmt":"2025-05-18T05:12:09","slug":"arda-turandan-fenerbahce-itirafi-yalan-soylemeye-gerek-yok","status":"publish","type":"post","link":"https:\/\/kamucalisani.net\/index.php\/2025\/05\/18\/arda-turandan-fenerbahce-itirafi-yalan-soylemeye-gerek-yok\/","title":{"rendered":"Arda Turan&#8217;dan Fenerbah\u00e7e itiraf\u0131! &#8216;Yalan s\u00f6ylemeye gerek yok&#8217;"},"content":{"rendered":"<p><p>Tarihinde ilk kez S\u00fcper Lig&#8217;de m\u00fccadele edecek Ey\u00fcpspor&#8217;da teknik direkt\u00f6r Arda Turan a\u00e7\u0131klamalarda bulundu. The Athletic&#8217;e konu\u015fan Arda Turan, Fenerbah\u00e7e ile ilgili soruyu cevaplad\u0131.<\/p>\n<p>&#8220;Teknik direkt\u00f6r Arda Turan, oyuncu Arda Turan&#8217;a nas\u0131l davran\u0131rd\u0131&#8221; sorusuna Arda Turan, &#8220;\u00c7ok kolay olurdu. Zeki bir oyuncuydum, ileti\u015fime a\u00e7\u0131kt\u0131m, oyunun takti\u011finin her zaman fark\u0131ndayd\u0131m. Biraz dezavantaj\u0131m \u00e7ok agresif olmamd\u0131 ama bir teknik direkt\u00f6r bunu y\u00f6netmeye \u00e7al\u0131\u015fsa her \u015fey olurdu&#8221; cevab\u0131n\u0131 verdi.<\/p>\n<p>Agresifli\u011finin al\u0131nmas\u0131 halinde oyun tarz\u0131n\u0131 kaybedece\u011fini belirten Arda Turan, &#8220;Biraz daha dikkatli olabilirdim ama daha yumu\u015fak bir Arda, art\u0131k Arda olmazd\u0131. Benden bu agresifli\u011fi al\u0131rsan\u0131z, oyun tarz\u0131m\u0131 kaybederim. Bir oyuncuya a\u015f\u0131ksan\u0131z ve onu de\u011fi\u015ftirmeye \u00e7al\u0131\u015f\u0131rsan\u0131z, art\u0131k o oyuncuya a\u015f\u0131k de\u011filsinizdir&#8221; dedi.<\/p>\n<div>\n<div><img decoding=\"async\" src=\"https:\/\/kamucalisani.net\/wp-content\/uploads\/2025\/05\/arda-turandan-fenerbahce-itirafi-yalan-soylemeye-gerek-yok-0-EYWBdbQH.jpg\"\/><\/img><\/div>\n<\/div>\n<p>Atletico Madrid&#8217;de ya\u015fad\u0131\u011f\u0131 \u015fampiyonlu\u011fa de\u011finen Arda Turan, &#8220;Premier Lig&#8217;i kazanan Leicester City&#8217;i ve T\u00fcrkiye&#8217;de \u015fampiyon olan Bursaspor gibi tak\u0131mlara sayg\u0131 duyuyorum ama Atletico&#8217;nun \u015fampiyon olmas\u0131 spor tarihinin en zor \u015fampiyonlu\u011fuydu. Kar\u015f\u0131m\u0131zda tarihin en iyi Barcelona tak\u0131m\u0131 belki de en iyi tak\u0131m\u0131 ve belki de gelmi\u015f ge\u00e7mi\u015f en iyi Real Madrid vard\u0131. Bir tarafta Ronaldo, di\u011fer tarafta Messi bize kar\u015f\u0131yd\u0131. Bu imkans\u0131zd\u0131&#8221; diye konu\u015ftu.<\/p>\n<p>S\u00fcrekli \u015fampiyonluk hayali kurmak zorunda olduklar\u0131n\u0131 vurgulayan Arda Turan, &#8220;Bir ma\u00e7 oynars\u0131n\u0131z, du\u015f almaya gidersiniz, d\u0131\u015far\u0131 \u00e7\u0131kars\u0131n\u0131z ve Real Madrid 2-0 \u00f6nde olur. Her sabah hayallerinizi \u00f6ld\u00fcr\u00fcyorlar. Bu y\u00fczden tekrar tekrar hayal kurman\u0131z gerekiyordu&#8221; a\u00e7\u0131klamas\u0131n\u0131 yapt\u0131.<\/p>\n<p>Atletico Madrid&#8217;de aile olduklar\u0131n\u0131 belirten Arda Turan, &#8220;Atletico Madrid&#8217;de ger\u00e7ek bir aileydik. Birlikte oynad\u0131k, birlikte g\u00fcld\u00fck, birlikte sava\u015ft\u0131k. Diego Costa, Miranda, Godin ve Koke&#8217;yi her g\u00f6rd\u00fc\u011f\u00fcmde duygulan\u0131yorum&#8221; ifadelerini kulland\u0131.<\/p>\n<div>\n<div><img decoding=\"async\" src=\"https:\/\/kamucalisani.net\/wp-content\/uploads\/2025\/05\/arda-turandan-fenerbahce-itirafi-yalan-soylemeye-gerek-yok-1-DB9ix7x8.jpg\"\/><\/img><\/div>\n<\/div>\n<p>Diego Simeone&#8217;den bahseden Arda Turan, &#8220;Sezon \u00f6ncesi \u00e7al\u0131\u015fmalar\u0131 i\u00e7in Madrid&#8217;in d\u0131\u015f\u0131ndaki Segovia&#8217;da g\u00fc\u00e7 ve kondisyon antrenman\u0131 yap\u0131yorduk. Sabah 06.30-07.00, ko\u015fuyorduk, ko\u015fuyorduk. Sonra televizyonu a\u00e7\u0131p Real Madrid ve Barcelona&#8217;n\u0131n Los Angeles ya da Miami&#8217;ye dostluk ma\u00e7\u0131 yapmak i\u00e7in gitti\u011fini g\u00f6r\u00fcyorduk. Bunu g\u00f6rd\u00fc\u011f\u00fcm\u00fczde Simeone, &#8216;Bunu izlemeyin, onlar bunu yapabiliyor \u00e7\u00fcnk\u00fc sizden daha yetenekliler. E\u011fer onlar\u0131 yenmek istiyorsan\u0131z, daha \u00e7ok \u00e7al\u0131\u015fmal\u0131s\u0131n\u0131z&#8217; derdi. \u015eimdi Atletico Madrid, Los Angeles veya Miami&#8217;ye gidiyor&#8221; dedi.<\/p>\n<p>Barcelona&#8217;ya transferi hakk\u0131ndaki soruya Arda Turan, &#8220;Tarihteki en iyi tak\u0131m sizi istiyor. Futbolu seviyorsan\u0131z, kimse hay\u0131r diyemez. Yine olsa yine ayn\u0131 \u015feyi yapard\u0131m&#8221; cevab\u0131n\u0131 verdi.<\/p>\n<p>\u00c7al\u0131\u015ft\u0131\u011f\u0131 teknik direkt\u00f6rlere de\u011finen Arda Turan, &#8220;Her antren\u00f6rden iyi \u015feyler almaya \u00e7al\u0131\u015ft\u0131m. Simeone&#8217;den cesareti \u00f6\u011frendim. Fatih Terim&#8217;in elindeki kadrolara ba\u011fl\u0131 olarak \u00e7ok iyi h\u00fccum \u00e7\u00f6z\u00fcmleri vard\u0131. Guus Hiddink ile de \u00e7al\u0131\u015ft\u0131m. \u00c7ok iyiydi, oyunculara kar\u015f\u0131 \u00e7ok so\u011fukkanl\u0131yd\u0131. Luis Enrique&#8217;nin antrenman metodolojilerini sevdim&#8221; diye konu\u015ftu.<\/p>\n<div>\n<div><img decoding=\"async\" src=\"https:\/\/kamucalisani.net\/wp-content\/uploads\/2025\/05\/arda-turandan-fenerbahce-itirafi-yalan-soylemeye-gerek-yok-2-5U2pfmrf.jpg\"\/><\/img><\/div>\n<\/div>\n<p>Futbol tarz\u0131n\u0131 de\u011fi\u015ftirmek istedi\u011fini belirten Arda Turan, &#8220;Plan\u0131m sadece bir teknik direkt\u00f6r olmak de\u011fil. Futbol tarz\u0131n\u0131 de\u011fi\u015ftirmek istiyorum. Bu, bir teknik direkt\u00f6r olman\u0131n \u00f6tesinde bir \u015fey. Bir fikri, yeni bir futbol tarz\u0131n\u0131 uygulamak istiyorum&#8221; a\u00e7\u0131klamas\u0131n\u0131 yapt\u0131.<\/p>\n<p>Ey\u00fcpspor&#8217;daki hedeflerine de\u011finen Arda Turan, &#8220;Ey\u00fcpspor ile S\u00fcper Lig&#8217;e y\u00fckseldik ama i\u015fimiz \u015fimdi ba\u015fl\u0131yor. Burada uzun vadede i\u015fe yarayacak bir strateji uygulamay\u0131 planl\u0131yorum. Gelecek be\u015f y\u0131l i\u00e7inde Avrupa&#8217;ya kat\u0131lacak bir kul\u00fcp yaratmak istiyorum. Manchester City gibi topa sahip olarak oynayabilen bir tak\u0131m istiyorum. T\u00fcrkiye&#8217;deki antren\u00f6rlere oyuna konsantre olurlarsa, b\u00fcy\u00fck, iyi futbol oynayabileceklerini g\u00f6stermek istiyorum&#8221; dedi.<\/p>\n<p>Fenerbah\u00e7e&#8217;den olas\u0131 bir teklif gelmesine dair soruya Arda Turan, &#8220;Yalan s\u00f6ylemeye gerek yok. Bu \u015fekilde devam edersem, b\u00f6yle bir durumla kar\u015f\u0131la\u015faca\u011f\u0131m kesin. \u00d6nemli olan o f\u0131rsatlar geldi\u011finde haz\u0131r olmak. Kli\u015fe gelebilir ama ben burada mutluyum. Roma&#8217;da ikinci adam olmaktansa k\u00f6y\u00fcm\u00fcn lideriyim&#8221; cevab\u0131n\u0131 verdi.<\/p>\n\n<p><\/p>\n<p>Kaynak :\u00a0<span style=\"background-color: rgb(255, 249, 236); color: rgb(55, 58, 60); font-size: 14px;\">http:\/\/www.milliyet.com.tr\/skorer\/arda-turandan-fenerbahce-itirafi-yalan-soylemeye-gerek-yok-7158375<\/span><\/p>\n","protected":false},"excerpt":{"rendered":"<p>Ey\u00fcpspor Teknik Direkt\u00f6r\u00fc Arda Turan suskunlu\u011funu bozdu. Arda Turan&#8217;\u0131n Fenerbah\u00e7e ile ilgili soruya verdi\u011fi cevap dikkat \u00e7ekti.<\/p>\n","protected":false},"author":1,"featured_media":113475,"comment_status":"open","ping_status":"open","sticky":false,"template":"","format":"standard","meta":{"footnotes":""},"categories":[7],"tags":[7505,949,286,263,1203],"class_list":["post-113474","post","type-post","status-publish","format-standard","has-post-thumbnail","hentry","category-spor","tag-arda-turan","tag-futbol","tag-madrid","tag-takim","tag-teknik-direktor"],"_links":{"self":[{"href":"https:\/\/kamucalisani.net\/index.php\/wp-json\/wp\/v2\/posts\/113474","targetHints":{"allow":["GET"]}}],"collection":[{"href":"https:\/\/kamucalisani.net\/index.php\/wp-json\/wp\/v2\/posts"}],"about":[{"href":"https:\/\/kamucalisani.net\/index.php\/wp-json\/wp\/v2\/types\/post"}],"author":[{"embeddable":true,"href":"https:\/\/kamucalisani.net\/index.php\/wp-json\/wp\/v2\/users\/1"}],"replies":[{"embeddable":true,"href":"https:\/\/kamucalisani.net\/index.php\/wp-json\/wp\/v2\/comments?post=113474"}],"version-history":[{"count":1,"href":"https:\/\/kamucalisani.net\/index.php\/wp-json\/wp\/v2\/posts\/113474\/revisions"}],"predecessor-version":[{"id":113479,"href":"https:\/\/kamucalisani.net\/index.php\/wp-json\/wp\/v2\/posts\/113474\/revisions\/113479"}],"wp:featuredmedia":[{"embeddable":true,"href":"https:\/\/kamucalisani.net\/index.php\/wp-json\/wp\/v2\/media\/113475"}],"wp:attachment":[{"href":"https:\/\/kamucalisani.net\/index.php\/wp-json\/wp\/v2\/media?parent=113474"}],"wp:term":[{"taxonomy":"category","embeddable":true,"href":"https:\/\/kamucalisani.net\/index.php\/wp-json\/wp\/v2\/categories?post=113474"},{"taxonomy":"post_tag","embeddable":true,"href":"https:\/\/kamucalisani.net\/index.php\/wp-json\/wp\/v2\/tags?post=113474"}],"curies":[{"name":"wp","href":"https:\/\/api.w.org\/{rel}","templated":true}]}}