{"id":113540,"date":"2025-05-18T08:24:08","date_gmt":"2025-05-18T08:24:08","guid":{"rendered":"https:\/\/kamucalisani.net\/?p=113540"},"modified":"2025-05-18T08:24:08","modified_gmt":"2025-05-18T08:24:08","slug":"uadin-israil-kararina-iliskin-turkiyeden-pes-pese-aciklamalar","status":"publish","type":"post","link":"https:\/\/kamucalisani.net\/index.php\/2025\/05\/18\/uadin-israil-kararina-iliskin-turkiyeden-pes-pese-aciklamalar\/","title":{"rendered":"UAD&#8217;\u0131n \u0130srail karar\u0131na ili\u015fkin T\u00fcrkiye&#8217;den pe\u015f pe\u015fe a\u00e7\u0131klamalar"},"content":{"rendered":"<p><p>Uluslararas\u0131 Adalet Divan\u0131 (UAD), \u0130srail&#8217;in, i\u015fgal etti\u011fi Filistin topraklar\u0131ndaki uygulamalar\u0131n\u0131n hukuki sonu\u00e7lar\u0131na ili\u015fkin dan\u0131\u015fma g\u00f6r\u00fc\u015f\u00fcn\u00fc duyurdu.\u00a0 Dan\u0131\u015fma g\u00f6r\u00fc\u015f\u00fcnde, \u0130srail\u2019in Filistin topraklar\u0131n\u0131 i\u015fgali, Bat\u0131 \u015eeria ve Do\u011fu Kud\u00fcs&#8217;teki ilhak uygulamalar\u0131, Do\u011fu Kud\u00fcs\u2019\u00fcn stat\u00fcs\u00fcn\u00fc de\u011fi\u015ftirme \u00e7abalar\u0131, apartheid ve ayr\u0131mc\u0131 uygulamalar\u0131n hukuka ayk\u0131r\u0131l\u0131\u011f\u0131, bunlar\u0131n ba\u015fta \u0130srail olmak \u00fczere t\u00fcm devletler ve uluslararas\u0131 kurulu\u015flar a\u00e7\u0131s\u0131ndan do\u011furaca\u011f\u0131 sonu\u00e7lar hakk\u0131nda UAD&#8217;nin kanaati payla\u015f\u0131ld\u0131.<\/p>\n<p><strong>DI\u015e\u0130\u015eLER\u0130&#8217;NDEN A\u00c7IKLAMA<\/strong><\/p>\n<p>Bakanl\u0131ktan yap\u0131lan yaz\u0131l\u0131 a\u00e7\u0131klamada, Uluslararas\u0131 Adalet Divan\u0131n\u0131n (UAD) \u0130srail&#8217;in Filistin&#8217;i i\u015fgaline ili\u015fkin a\u00e7\u0131klad\u0131\u011f\u0131 dan\u0131\u015fma g\u00f6r\u00fc\u015f\u00fcnde, \u0130srail&#8217;in Filistinlilere y\u00f6nelik &#8220;i\u015fgal ve zul\u00fcm politikas\u0131&#8221; uygulamakta oldu\u011funun hukuki olarak teyit edildi\u011fi hat\u0131rlat\u0131ld\u0131.<\/p>\n<p><em>A\u00e7\u0131klamada, \u015funlar kaydedildi:<\/em><\/p>\n<p>&#8220;S\u00f6z konusu g\u00f6r\u00fc\u015fte de belirtildi\u011fi \u00fczere, \u0130srail, Filistin topraklar\u0131ndaki mevcudiyetini bir an \u00f6nce sona erdirmeli ve yol a\u00e7t\u0131\u011f\u0131 zarar\u0131 tazmin etmelidir. Uluslararas\u0131 toplum, \u0130srail\u2019in hukuk d\u0131\u015f\u0131 uygulamalar\u0131na son verilmesi i\u00e7in kararl\u0131 ve g\u00fc\u00e7l\u00fc bir tav\u0131r tak\u0131nmakla y\u00fck\u00fcml\u00fcd\u00fcr. T\u00fcrkiye, isti\u015fari g\u00f6r\u00fc\u015fe yaz\u0131l\u0131 ve s\u00f6zl\u00fc katk\u0131 sa\u011flayarak Uluslararas\u0131 Adalet Divan\u0131\u2019ndaki s\u00fcrece destek vermi\u015ftir. Halen Gazze halk\u0131na uygulanan ve soyk\u0131r\u0131ma varan fiiller dahil, Filistinlilere kar\u015f\u0131 i\u015flenen su\u00e7lar\u0131n cezas\u0131z kalmamas\u0131 i\u00e7in \u00e7aba g\u00f6stermeye devam edece\u011fiz.&#8221;<\/p>\n<p><strong>AK PART\u0130 S\u00d6ZC\u00dcS\u00dc \u00d6MER \u00c7EL\u0130K&#8217;TEN A\u00c7IKLAMA<\/strong><\/p>\n<p>AK Parti S\u00f6zc\u00fcs\u00fc \u00d6mer \u00c7elik yapt\u0131\u011f\u0131 a\u00e7\u0131klamada, &#8220;Uluslararas\u0131 Adalet Divan\u0131\u2019n\u0131n \u0130srail\u2019in Gazze, Kud\u00fcs ve Bat\u0131 \u015eeria\u2019da i\u015fgalci g\u00fc\u00e7 konumunda oldu\u011funu vurgulad\u0131\u011f\u0131 son karar\u0131 olduk\u00e7a \u00f6nemlidir. Uluslararas\u0131 Adalet Divan\u0131\u2019n\u0131n, i\u015fgal alt\u0131ndaki Filistin topraklar\u0131nda \u0130srail\u2019in varl\u0131\u011f\u0131n\u0131n tan\u0131nmamas\u0131, \u0130srail\u2019e yard\u0131m veya destek sa\u011flanmamas\u0131 noktas\u0131nda t\u00fcm devletlerin y\u00fck\u00fcml\u00fc oldu\u011funu belirtmesi alt\u0131 \u00e7izilmesi gereken bir husustur. Bu karar, uluslararas\u0131 toplumun Filistin halk\u0131n\u0131n \u00f6z topraklar\u0131nda kendi kaderini tayin etme hakk\u0131 konusundaki m\u00fccadelesini bir kez daha teyit etmi\u015ftir. \u0130srail\u2019in insan haklar\u0131na, uluslararas\u0131 hukuka ve s\u00f6zle\u015fmelere ayk\u0131r\u0131 t\u00fcm politikalar\u0131na kar\u015f\u0131 oldu\u011fumuzu ve bu politikalar\u0131n sonu\u00e7lar\u0131n\u0131n yasal takip\u00e7isi oldu\u011fumuzu bir kez daha ifade etmek istiyoruz.Ba\u015fkenti Do\u011fu Kud\u00fcs olan Filistin Devleti kurulmas\u0131 i\u00e7in Filistin halk\u0131n\u0131n hakl\u0131 davas\u0131n\u0131n yan\u0131nda yer almaya ve Filistinli karde\u015flerimiz i\u00e7in m\u00fccadele etmeye devam edece\u011fiz.&#8221; ifadelerini kulland\u0131.<\/p>\n<p><strong>ADALET BAKANI YILMAZ TUN\u00c7<\/strong><\/p>\n<p>Bakan Tun\u00e7 sosyal medyadan yapt\u0131\u011f\u0131 a\u00e7\u0131klamada \u015fu ifadeleri kulland\u0131: Uluslararas\u0131 Adalet Divan\u0131n\u0131n bug\u00fcn a\u00e7\u0131klad\u0131\u011f\u0131 karar ile \u0130srail&#8217;in Filistin&#8217;de i\u015fgalci oldu\u011fu ve Filistinli karde\u015flerimizin davas\u0131nda hakl\u0131 oldu\u011fu bir kez daha tescillenmi\u015ftir.<\/p>\n<p>\u0130srail\u2019in haks\u0131z i\u015fgali ve yapt\u0131\u011f\u0131 katliam\u0131n asla kabul edilemez oldu\u011fu uluslararas\u0131 yarg\u0131 taraf\u0131ndan g\u00f6zler \u00f6n\u00fcne serilmi\u015ftir.<\/p>\n<p>7 Ekim\u2019den bu yana #Gazze\u2019de 40 bine yak\u0131n masum Filistinlinin hayat\u0131n\u0131 kaybetmesine ve yakla\u015f\u0131k 90 bin Filistinlinin yaralanmas\u0131na neden olan i\u015fgalci \u0130srail, al\u0131nan kararlara uymal\u0131 ve hain sald\u0131r\u0131lar\u0131na biran \u00f6nce son vermelidir.<\/p>\n<p>Uluslararas\u0131 mekanizmalar ve insan haklar\u0131na inanan \u00fclkeler, katliam yapan \u0130srail\u2019in i\u015fgal etti\u011fi Filistin topraklar\u0131ndan en k\u0131sa s\u00fcrede geri \u00e7ekilmesi i\u00e7in daha etkin rol \u00fcstlenmelidir.<\/p>\n<p>\u0130nsan haklar\u0131n\u0131 yok sayan, uluslararas\u0131 hukuku g\u00f6rmezden gelen \u0130srailli yetkililer, insanl\u0131k vicdan\u0131nda mahkum olduklar\u0131 gibi uluslararas\u0131 yarg\u0131 \u00f6n\u00fcnde de hesap verecek ve mahkum olacakt\u0131r.<\/p>\n<p>T\u00fcrkiye olarak daima Filistinli karde\u015flerimizin hakl\u0131 davalar\u0131nda yanlar\u0131nda yer almaya devam edece\u011fiz.<\/p>\n\n<p><\/p>\n<p>Kaynak :\u00a0<span style=\"background-color: rgb(255, 249, 236); color: rgb(55, 58, 60); font-size: 14px;\">http:\/\/www.milliyet.com.tr\/gundem\/uadin-israil-kararina-iliskin-turkiyeden-pes-pese-aciklamalar-7158498<\/span><\/p>\n","protected":false},"excerpt":{"rendered":"<p>Uluslararas\u0131 Adalet Divan\u0131 (UAD), \u0130srail&#8217;in, i\u015fgal etti\u011fi Filistin topraklar\u0131ndaki uygulamalar\u0131n\u0131n hukuki sonu\u00e7lar\u0131na ili\u015fkin karar\u0131n\u0131 a\u00e7\u0131klad\u0131. T\u00fcrkiye&#8217;den karara ili\u015fkin a\u00e7\u0131klamalar pe\u015f pe\u015fe geldi.<\/p>\n","protected":false},"author":1,"featured_media":113541,"comment_status":"open","ping_status":"open","sticky":false,"template":"","format":"standard","meta":{"footnotes":""},"categories":[3],"tags":[646,7514,620,7515,2277],"class_list":["post-113540","post","type-post","status-publish","format-standard","has-post-thumbnail","hentry","category-guncel","tag-filistin","tag-isgal","tag-israil","tag-israilin","tag-uluslararasi"],"_links":{"self":[{"href":"https:\/\/kamucalisani.net\/index.php\/wp-json\/wp\/v2\/posts\/113540","targetHints":{"allow":["GET"]}}],"collection":[{"href":"https:\/\/kamucalisani.net\/index.php\/wp-json\/wp\/v2\/posts"}],"about":[{"href":"https:\/\/kamucalisani.net\/index.php\/wp-json\/wp\/v2\/types\/post"}],"author":[{"embeddable":true,"href":"https:\/\/kamucalisani.net\/index.php\/wp-json\/wp\/v2\/users\/1"}],"replies":[{"embeddable":true,"href":"https:\/\/kamucalisani.net\/index.php\/wp-json\/wp\/v2\/comments?post=113540"}],"version-history":[{"count":1,"href":"https:\/\/kamucalisani.net\/index.php\/wp-json\/wp\/v2\/posts\/113540\/revisions"}],"predecessor-version":[{"id":113542,"href":"https:\/\/kamucalisani.net\/index.php\/wp-json\/wp\/v2\/posts\/113540\/revisions\/113542"}],"wp:featuredmedia":[{"embeddable":true,"href":"https:\/\/kamucalisani.net\/index.php\/wp-json\/wp\/v2\/media\/113541"}],"wp:attachment":[{"href":"https:\/\/kamucalisani.net\/index.php\/wp-json\/wp\/v2\/media?parent=113540"}],"wp:term":[{"taxonomy":"category","embeddable":true,"href":"https:\/\/kamucalisani.net\/index.php\/wp-json\/wp\/v2\/categories?post=113540"},{"taxonomy":"post_tag","embeddable":true,"href":"https:\/\/kamucalisani.net\/index.php\/wp-json\/wp\/v2\/tags?post=113540"}],"curies":[{"name":"wp","href":"https:\/\/api.w.org\/{rel}","templated":true}]}}