{"id":113855,"date":"2025-05-19T00:24:06","date_gmt":"2025-05-19T00:24:06","guid":{"rendered":"https:\/\/kamucalisani.net\/?p=113855"},"modified":"2025-05-19T00:24:06","modified_gmt":"2025-05-19T00:24:06","slug":"u19-milli-takimi-ispanya-ile-yenisemedi","status":"publish","type":"post","link":"https:\/\/kamucalisani.net\/index.php\/2025\/05\/19\/u19-milli-takimi-ispanya-ile-yenisemedi\/","title":{"rendered":"U19 Milli Tak\u0131m\u0131, \u0130spanya ile yeni\u015femedi!"},"content":{"rendered":"<p><p>U19 Avrupa \u015eampiyonas\u0131 B Grubu&#8217;nun 2&#8217;nci haftas\u0131nda U19 Milli Tak\u0131m\u0131, \u0130spanya ile kar\u015f\u0131 kar\u015f\u0131ya geldi. M\u00fcsabaka 1-1&#8217;lik e\u015fitlikle sona erdi.<\/p>\n<p>\u0130spanya&#8217;n\u0131n gol\u00fcn\u00fc 55&#8217;inci dakikada Yarek Gasiorowski kaydetti. U19 Milli Tak\u0131m\u0131&#8217;nda fileleri 90&#8217;\u0131nc\u0131 dakikada Fahri Kerem Ay havaland\u0131rd\u0131.<\/p>\n<p>Bu sonucun ard\u0131ndan \u0130spanya 4, T\u00fcrkiye ise 1 puana y\u00fckseldi. U19 Milli Tak\u0131m\u0131, grubun son ma\u00e7\u0131nda Danimarka ile kar\u015f\u0131la\u015facak. \u0130spanya ise Fransa ile kozlar\u0131n\u0131 payla\u015facak.<\/p>\n<p><strong>U19 Avrupa \u015eampiyonas\u0131 B Grubu&#8217;nda son ma\u00e7lar \u00f6ncesi puan durumu \u015fu \u015fekilde:<\/strong><\/p>\n<p>1-) Fransa | 6 puan, +3 averaj<br \/>2-) \u0130spanya | 4 puan, +1 averaj<br \/>3-) T\u00fcrkiye | 1 puan, -1 averaj<br \/>4-) Danimarka | 0 puan, -3 averaj<\/p>\n\n<p><\/p>\n<p>Kaynak :\u00a0<span style=\"background-color: rgb(255, 249, 236); color: rgb(55, 58, 60); font-size: 14px;\">http:\/\/www.milliyet.com.tr\/skorer\/u19-milli-takimi-ispanya-ile-yenisemedi-7158553<\/span><\/p>\n","protected":false},"excerpt":{"rendered":"<p>U19 Milli Tak\u0131m\u0131, U19 Avrupa \u015eampiyonas\u0131 B Grubu&#8217;nun 2&#8217;nci haftas\u0131nda \u0130spanya ile 1-1 berabere kald\u0131.<\/p>\n","protected":false},"author":1,"featured_media":113856,"comment_status":"open","ping_status":"open","sticky":false,"template":"","format":"standard","meta":{"footnotes":""},"categories":[7],"tags":[1228,3224],"class_list":["post-113855","post","type-post","status-publish","format-standard","has-post-thumbnail","hentry","category-spor","tag-ispanya","tag-u19"],"_links":{"self":[{"href":"https:\/\/kamucalisani.net\/index.php\/wp-json\/wp\/v2\/posts\/113855","targetHints":{"allow":["GET"]}}],"collection":[{"href":"https:\/\/kamucalisani.net\/index.php\/wp-json\/wp\/v2\/posts"}],"about":[{"href":"https:\/\/kamucalisani.net\/index.php\/wp-json\/wp\/v2\/types\/post"}],"author":[{"embeddable":true,"href":"https:\/\/kamucalisani.net\/index.php\/wp-json\/wp\/v2\/users\/1"}],"replies":[{"embeddable":true,"href":"https:\/\/kamucalisani.net\/index.php\/wp-json\/wp\/v2\/comments?post=113855"}],"version-history":[{"count":1,"href":"https:\/\/kamucalisani.net\/index.php\/wp-json\/wp\/v2\/posts\/113855\/revisions"}],"predecessor-version":[{"id":113857,"href":"https:\/\/kamucalisani.net\/index.php\/wp-json\/wp\/v2\/posts\/113855\/revisions\/113857"}],"wp:featuredmedia":[{"embeddable":true,"href":"https:\/\/kamucalisani.net\/index.php\/wp-json\/wp\/v2\/media\/113856"}],"wp:attachment":[{"href":"https:\/\/kamucalisani.net\/index.php\/wp-json\/wp\/v2\/media?parent=113855"}],"wp:term":[{"taxonomy":"category","embeddable":true,"href":"https:\/\/kamucalisani.net\/index.php\/wp-json\/wp\/v2\/categories?post=113855"},{"taxonomy":"post_tag","embeddable":true,"href":"https:\/\/kamucalisani.net\/index.php\/wp-json\/wp\/v2\/tags?post=113855"}],"curies":[{"name":"wp","href":"https:\/\/api.w.org\/{rel}","templated":true}]}}