{"id":114108,"date":"2025-05-19T12:24:06","date_gmt":"2025-05-19T12:24:06","guid":{"rendered":"https:\/\/kamucalisani.net\/?p=114108"},"modified":"2025-05-19T12:24:06","modified_gmt":"2025-05-19T12:24:06","slug":"besiktasta-9-ismin-bileti-kesildi-15-milyon-euroluk-tasarruf","status":"publish","type":"post","link":"https:\/\/kamucalisani.net\/index.php\/2025\/05\/19\/besiktasta-9-ismin-bileti-kesildi-15-milyon-euroluk-tasarruf\/","title":{"rendered":"Be\u015fikta\u015f&#8217;ta 9 ismin bileti kesildi! 15 milyon euroluk tasarruf"},"content":{"rendered":"<p><p>Siyah-beyazl\u0131 tak\u0131mda yer alan ve Hollandal\u0131 teknik adam taraf\u0131ndan \u201cGidebilirler\u201d notu d\u00fc\u015f\u00fclen Amartey, Onana, Chamberlain, Montero, Rebi\u00e7, Aboubakar, Colley, Masuaku ve Hasi\u00e7 gibi futbolcular\u0131 g\u00f6ndermenin \u00e7abas\u0131nda olan Be\u015fikta\u015f Y\u00f6netimi, bu oyuncular\u0131 g\u00f6nderip en az\u0131ndan maa\u015ftan tasarruf sa\u011flamak i\u00e7in m\u00fccadele edecek.<\/p>\n<p>Bu sezon Rafa Silva, Imbobile, Paulista gibi \u00f6nemli oyuncular\u0131 kadrosuna katan ve \u00f6nemli bir maa\u015f y\u00fck\u00fcyle kar\u015f\u0131 kar\u015f\u0131ya kalan siyah-beyazl\u0131lar, gidenlerin maa\u015f\u0131ndan 15 milyon euro d\u00fc\u015ferek, yeni transferlere yer a\u00e7maya \u00e7al\u0131\u015facak. Kartal, 3 oyuncuyu daha kadrosuna katmay\u0131 planl\u0131yor.<\/p>\n<p><strong>ABOUBAKAR&#8217;IN KARIN A\u011eRISI!<\/strong><\/p>\n<p>Grazer ma\u00e7\u0131 \u00f6ncesindeki son antrenman\u0131n\u0131 d\u00fcn yapt\u0131\u011f\u0131 idmanla tamamlayan Be\u015fikta\u015f\u2019ta Aboubakar, kar\u0131n kaslar\u0131ndaki a\u011fr\u0131 nedeniyle \u00e7al\u0131\u015fmaya kat\u0131lmad\u0131.<\/p>\n<p>\u0130lk 20 dakikas\u0131 bas\u0131na a\u00e7\u0131k yap\u0131lan idman, yakla\u015f\u0131k 1 saat 45 dakika s\u00fcrd\u00fc. Is\u0131nma ko\u015fular\u0131yla ba\u015flayan antrenman, 5\u2019e 2 top kapma ve taktik \u00e7al\u0131\u015fmas\u0131yla devam etti. \u0130dman, dar alanda oynanan \u00e7ift kale ma\u00e7la sona erdi.<\/p>\n<p><strong>SON HAZIRLIK GRAZER&#8217;E KAR\u015eI<\/strong><\/p>\n<p>Be\u015fikta\u015f, Maribor kamp\u0131ndaki son haz\u0131rl\u0131k ma\u00e7\u0131n\u0131, Avusturya Ligi tak\u0131mlar\u0131ndan Grazer ile oynayarak \u00e7al\u0131\u015fmalar\u0131n\u0131 sonland\u0131racak. T\u00fcrkiye saatiyle saat 19.00\u2019da ba\u015flayacak kar\u015f\u0131la\u015fma TV 8,5 ekranlar\u0131nda naklen yay\u0131nlanacak. Siyah-beyazl\u0131lar, bu kar\u015f\u0131la\u015fman\u0131n ard\u0131ndan \u00f6zel u\u00e7akla \u0130stanbul\u2019a gelecek.<\/p>\n\n<p><\/p>\n<p>Kaynak :\u00a0<span style=\"background-color: rgb(255, 249, 236); color: rgb(55, 58, 60); font-size: 14px;\">http:\/\/www.milliyet.com.tr\/skorer\/besiktasta-9-ismin-bileti-kesildi-15-milyon-euroluk-tasarruf-7158574<\/span><\/p>\n","protected":false},"excerpt":{"rendered":"<p>Be\u015fikta\u015f, Teknik Direkt\u00f6r van Bronckhorst\u2019un istemedi\u011fi isimlerden kurtularak, yakla\u015f\u0131k 15 milyon euroluk bir bedelin kasada tutulmas\u0131 i\u00e7in \u00e7aba harcayacak.<\/p>\n","protected":false},"author":1,"featured_media":114109,"comment_status":"open","ping_status":"open","sticky":false,"template":"","format":"standard","meta":{"footnotes":""},"categories":[7],"tags":[],"class_list":["post-114108","post","type-post","status-publish","format-standard","has-post-thumbnail","hentry","category-spor"],"_links":{"self":[{"href":"https:\/\/kamucalisani.net\/index.php\/wp-json\/wp\/v2\/posts\/114108","targetHints":{"allow":["GET"]}}],"collection":[{"href":"https:\/\/kamucalisani.net\/index.php\/wp-json\/wp\/v2\/posts"}],"about":[{"href":"https:\/\/kamucalisani.net\/index.php\/wp-json\/wp\/v2\/types\/post"}],"author":[{"embeddable":true,"href":"https:\/\/kamucalisani.net\/index.php\/wp-json\/wp\/v2\/users\/1"}],"replies":[{"embeddable":true,"href":"https:\/\/kamucalisani.net\/index.php\/wp-json\/wp\/v2\/comments?post=114108"}],"version-history":[{"count":1,"href":"https:\/\/kamucalisani.net\/index.php\/wp-json\/wp\/v2\/posts\/114108\/revisions"}],"predecessor-version":[{"id":114110,"href":"https:\/\/kamucalisani.net\/index.php\/wp-json\/wp\/v2\/posts\/114108\/revisions\/114110"}],"wp:featuredmedia":[{"embeddable":true,"href":"https:\/\/kamucalisani.net\/index.php\/wp-json\/wp\/v2\/media\/114109"}],"wp:attachment":[{"href":"https:\/\/kamucalisani.net\/index.php\/wp-json\/wp\/v2\/media?parent=114108"}],"wp:term":[{"taxonomy":"category","embeddable":true,"href":"https:\/\/kamucalisani.net\/index.php\/wp-json\/wp\/v2\/categories?post=114108"},{"taxonomy":"post_tag","embeddable":true,"href":"https:\/\/kamucalisani.net\/index.php\/wp-json\/wp\/v2\/tags?post=114108"}],"curies":[{"name":"wp","href":"https:\/\/api.w.org\/{rel}","templated":true}]}}