{"id":114116,"date":"2025-05-19T12:48:09","date_gmt":"2025-05-19T12:48:09","guid":{"rendered":"https:\/\/kamucalisani.net\/?p=114116"},"modified":"2025-05-19T12:48:09","modified_gmt":"2025-05-19T12:48:09","slug":"ozel-galatasarayda-tete-ve-oliveira-yolcu-iste-douenin-maliyeti","status":"publish","type":"post","link":"https:\/\/kamucalisani.net\/index.php\/2025\/05\/19\/ozel-galatasarayda-tete-ve-oliveira-yolcu-iste-douenin-maliyeti\/","title":{"rendered":"\u00d6ZEL | Galatasaray&#8217;da Tete ve Oliveira yolcu! \u0130\u015fte Doue&#8217;nin maliyeti"},"content":{"rendered":"<p><p>Galatasaray\u2019\u0131n Avusturya kamp\u0131 sona ererken, Teknik Direkt\u00f6r Okan Buruk ilk planda 2 ismin \u00fczerini \u00e7izdi.<\/p>\n<p>Aslan\u2019\u0131n hocas\u0131n\u0131n, haz\u0131rl\u0131k ma\u00e7lar\u0131nda iyi g\u00f6r\u00fcnt\u00fc sergileyemeyen ve son kar\u015f\u0131la\u015fmada \u015fans verilmeyen Tete ile Oliveira\u2019n\u0131n performans\u0131n\u0131 yeterli bulmad\u0131\u011f\u0131 \u00f6\u011frenildi. Buruk\u2019un, yeni sezonda iki oyuncuyu da kadroda d\u00fc\u015f\u00fcnmedi\u011fi ifade edildi. Her iki oyuncundan da kendilerine kul\u00fcp bulmalar\u0131n\u0131n istenece\u011fi belirtildi.<\/p>\n<div>\n<div><img decoding=\"async\" src=\"https:\/\/kamucalisani.net\/wp-content\/uploads\/2025\/05\/ozel-galatasarayda-tete-ve-oliveira-yolcu-iste-douenin-maliyeti-0-tXmZrOpe.jpg\"\/><\/img><\/div>\n<\/div>\n<p><strong>TECR\u00dcBE KONU\u015eTU<\/strong><\/p>\n<p>Galatasaray\u2019\u0131n 9-18 Temmuz tarihleri aras\u0131nda Avusturya\u2019da ger\u00e7ekle\u015ftirdi\u011fi ilk yurt d\u0131\u015f\u0131 kamp\u0131nda Ziyech ile Mertens\u2019in formu dikkat \u00e7ekti. Ge\u00e7en sezon yaz kamp\u0131 yapmayan Ziyech\u2019in bu sene formda ve motive g\u00f6z\u00fckmesi umutlar\u0131 artt\u0131rd\u0131. Fasl\u0131 y\u0131ld\u0131z\u0131n yeni sezonda \u00e7ok \u00f6nemli i\u015fler yapmas\u0131n\u0131n beklendi\u011fi bildirildi. Mertens de ilerleyen ya\u015f\u0131na ra\u011fmen haz\u0131rl\u0131k ma\u00e7lar\u0131nda iyi g\u00f6z\u00fckt\u00fc.<\/p>\n<p>Yeni transfer Batshuayi ise \u00e7al\u0131\u015fkanl\u0131\u011f\u0131 ve k\u0131sa s\u00fcrede tak\u0131m arkada\u015flar\u0131yla kurdu\u011fu diyalogla dikkat \u00e7ekti. Bel\u00e7ikal\u0131 forvet, gol \u015fanss\u0131zl\u0131\u011f\u0131n\u0131 ise son ma\u00e7ta k\u0131rd\u0131.<\/p>\n<div>\n<div><img decoding=\"async\" src=\"https:\/\/kamucalisani.net\/wp-content\/uploads\/2025\/05\/ozel-galatasarayda-tete-ve-oliveira-yolcu-iste-douenin-maliyeti-1-xxAFtPQp.jpg\"\/><\/img><\/div>\n<\/div>\n<p><strong>TRANSFER ELE\u015eT\u0130R\u0130S\u0130<\/strong><\/p>\n<p>Galatasaray ilk kamp\u0131 yeti\u015fmeyen transferler nedeniyle gergin ge\u00e7ti. Y\u00f6netime y\u00f6nelik \u00f6zellikle sosyal medyadan yap\u0131lan ele\u015ftiriler tavan yaparken, haz\u0131rl\u0131k ma\u00e7lar\u0131nda k\u00f6t\u00fc sonu\u00e7lar ile beraber bu durum iyice keyifleri ka\u00e7\u0131rd\u0131.<\/p>\n<p>Okan Buruk ise gecikmeye ra\u011fmen yap\u0131c\u0131 tavr\u0131 ile y\u00f6netime kalkan oldu.<\/p>\n<p><strong>DOUE&#8217;DE RAKAMLAR<\/strong><\/p>\n<p>Galatasaray\u2019\u0131n anla\u015fma sa\u011flad\u0131\u011f\u0131 Doue\u2019de rakamlar netle\u015fti. Rennes\u2019ten 6 milyon euro kar\u015f\u0131l\u0131\u011f\u0131nda transfer edilen 21 ya\u015f\u0131ndaki futbolcu i\u00e7in Frans\u0131z ekibine ayr\u0131ca 1 milyon euro bonus verilecek.<\/p>\n<p>4 y\u0131ll\u0131k anla\u015fma sa\u011flanan Fildi\u015fi Sahilli futbolcu, Avusturya\u2019daki ikinci kampa kat\u0131lacak.<\/p>\n<p><strong>BARI\u015e ALPER, ADA&#8217;YA G\u0130TT\u0130<\/strong><\/p>\n<p>Bar\u0131\u015f Alper Y\u0131lmaz, sosyal medyas\u0131ndan \u0130ngiltere\u2019den foto\u011fraflar payla\u015ft\u0131, ortal\u0131k aya\u011fa kalkt\u0131.<\/p>\n<p>Londra\u2019dan g\u00f6r\u00fcnt\u00fcler payla\u015fan futbolcunun, Ada\u2019da transfer g\u00f6r\u00fc\u015fmesi i\u00e7in yer ald\u0131\u011f\u0131 belirtildi. HITC\u2019de yer alan habere g\u00f6re, Londra\u2019da bulunan Bar\u0131\u015f\u2019\u0131n, Arsenal ve Tottenham ile g\u00f6r\u00fc\u015fme yapaca\u011f\u0131 vurguland\u0131. Milli futbolcu ile, bu ekip d\u0131\u015f\u0131nda Liverpool, Manchester United, Aston Villa, Bournemouth ve Brighton\u2019\u0131n da ilgilendi\u011fi ifade edildi.<\/p>\n\n<p><\/p>\n<p>Kaynak :\u00a0<span style=\"background-color: rgb(255, 249, 236); color: rgb(55, 58, 60); font-size: 14px;\">http:\/\/www.milliyet.com.tr\/skorer\/ozel-galatasarayda-tete-ve-oliveira-yolcu-iste-douenin-maliyeti-7158576<\/span><\/p>\n","protected":false},"excerpt":{"rendered":"<p>Galatasaray\u2019\u0131n Avusturya kamp\u0131nda iki futbolcu da Teknik Direkt\u00f6r Okan Buruk taraf\u0131ndan be\u011fenilmedi. Tete ve Oliveira\u2019n\u0131n yeni sezonda d\u00fc\u015f\u00fcn\u00fclmedi\u011fi, iki oyuncudan da kul\u00fcp bulmalar\u0131 istenece\u011fi ifade edildi.<\/p>\n","protected":false},"author":1,"featured_media":114117,"comment_status":"open","ping_status":"open","sticky":false,"template":"","format":"standard","meta":{"footnotes":""},"categories":[7],"tags":[589],"class_list":["post-114116","post","type-post","status-publish","format-standard","has-post-thumbnail","hentry","category-spor","tag-transfer"],"_links":{"self":[{"href":"https:\/\/kamucalisani.net\/index.php\/wp-json\/wp\/v2\/posts\/114116","targetHints":{"allow":["GET"]}}],"collection":[{"href":"https:\/\/kamucalisani.net\/index.php\/wp-json\/wp\/v2\/posts"}],"about":[{"href":"https:\/\/kamucalisani.net\/index.php\/wp-json\/wp\/v2\/types\/post"}],"author":[{"embeddable":true,"href":"https:\/\/kamucalisani.net\/index.php\/wp-json\/wp\/v2\/users\/1"}],"replies":[{"embeddable":true,"href":"https:\/\/kamucalisani.net\/index.php\/wp-json\/wp\/v2\/comments?post=114116"}],"version-history":[{"count":1,"href":"https:\/\/kamucalisani.net\/index.php\/wp-json\/wp\/v2\/posts\/114116\/revisions"}],"predecessor-version":[{"id":114120,"href":"https:\/\/kamucalisani.net\/index.php\/wp-json\/wp\/v2\/posts\/114116\/revisions\/114120"}],"wp:featuredmedia":[{"embeddable":true,"href":"https:\/\/kamucalisani.net\/index.php\/wp-json\/wp\/v2\/media\/114117"}],"wp:attachment":[{"href":"https:\/\/kamucalisani.net\/index.php\/wp-json\/wp\/v2\/media?parent=114116"}],"wp:term":[{"taxonomy":"category","embeddable":true,"href":"https:\/\/kamucalisani.net\/index.php\/wp-json\/wp\/v2\/categories?post=114116"},{"taxonomy":"post_tag","embeddable":true,"href":"https:\/\/kamucalisani.net\/index.php\/wp-json\/wp\/v2\/tags?post=114116"}],"curies":[{"name":"wp","href":"https:\/\/api.w.org\/{rel}","templated":true}]}}