{"id":114126,"date":"2025-05-19T13:12:08","date_gmt":"2025-05-19T13:12:08","guid":{"rendered":"https:\/\/kamucalisani.net\/?p=114126"},"modified":"2025-05-19T13:12:08","modified_gmt":"2025-05-19T13:12:08","slug":"tff-baskani-ibrahim-haciosmanoglundan-vincenzo-montella-karari","status":"publish","type":"post","link":"https:\/\/kamucalisani.net\/index.php\/2025\/05\/19\/tff-baskani-ibrahim-haciosmanoglundan-vincenzo-montella-karari\/","title":{"rendered":"TFF Ba\u015fkan\u0131 \u0130brahim Hac\u0131osmano\u011flu&#8217;ndan Vincenzo Montella karar\u0131!"},"content":{"rendered":"<p><p>Avrupa \u015eampiyonas\u0131\u2019nda \u00e7eyrek finale y\u00fckselen A Milli Tak\u0131m\u0131n performans\u0131ndan memnun oldu\u011funu dile getiren \u0130brahim Hac\u0131osmano\u011flu, Teknik Direkt\u00f6r Vincenzo Montella ile en k\u0131sa s\u00fcrede bir araya gelecek.<\/p>\n<p>TFF\u2019nin yeni y\u00f6netiminde g\u00f6rev da\u011f\u0131l\u0131m\u0131 yap\u0131ld\u0131ktan sonra milli tak\u0131mlardan sorumlu \u00fcye ile birlikte Montella\u2019ya destek verilece\u011fi ve hedefin \u00f6nce Avrupa Uluslar Ligi sonra D\u00fcnya Kupas\u0131 elemeleri oldu\u011fu vurgulanacak. En kuvvetli aday ise Bayram Akg\u00fcl&#8230;<\/p>\n<p>Hac\u0131osmano\u011flu\u2019nun iyi bir jenerasyon yakalayan milli tak\u0131m\u0131n Montella ile \u00f6n\u00fcm\u00fczdeki d\u00f6nemde daha ba\u015far\u0131l\u0131 olaca\u011f\u0131na inand\u0131\u011f\u0131 belirtilirken yeni TFF ba\u015fkan\u0131, genel kurulda yapt\u0131\u011f\u0131 konu\u015fmada da bunun alt\u0131n\u0131 \u00e7izmi\u015f ve \u201cBen Avusturya ma\u00e7\u0131ndan sonra Milli Tak\u0131m\u2019\u0131n finale kadar gidebilece\u011fini hatta kupay\u0131 kazanaca\u011f\u0131n\u0131 d\u00fc\u015f\u00fcnm\u00fc\u015ft\u00fcm. Ama olmad\u0131. \u00d6n\u00fcm\u00fczdeki turnuvalarda bunu ba\u015farabilecek potansiyele ve g\u00fcce sahibiz\u201d ifadelerini kullanm\u0131\u015ft\u0131.<\/p>\n<div>\n<div><img decoding=\"async\" src=\"https:\/\/kamucalisani.net\/wp-content\/uploads\/2025\/05\/tff-baskani-ibrahim-haciosmanoglundan-vincenzo-montella-karari-0-TFCt4nFR.jpg\"\/><\/img><\/div>\n<\/div>\n<p>Montella ile yap\u0131lacak ilk toplant\u0131da kendine her t\u00fcrl\u00fc deste\u011fin verilece\u011fi tekrarlanacak ve Milli Tak\u0131m\u2019\u0131n yakalad\u0131\u011f\u0131 sinerjinin koybolmamas\u0131 i\u00e7in gereken ne varsa yap\u0131lacak. \u0130talyan teknik adam\u0131n yeni y\u00f6netimle yola devam etmesi i\u00e7in de S\u00fcper Lig\u2019de eski \u00e7al\u0131\u015ft\u0131\u011f\u0131 tak\u0131m\u0131n kul\u00fcp ba\u015fkan\u0131 Murat Sancak\u2019\u0131n devreye girece\u011fi kaydedildi. Bilindi\u011fi gibi Sancak, genel kurulda Hac\u0131osmano\u011flu\u2019n\u0131n divan ba\u015fkan\u0131 olarak \u00f6nerilmi\u015fti.<\/p>\n<div>\n<div><img decoding=\"async\" src=\"https:\/\/kamucalisani.net\/wp-content\/uploads\/2025\/05\/tff-baskani-ibrahim-haciosmanoglundan-vincenzo-montella-karari-1-bI54CpQV.jpg\"\/><\/img><\/div>\n<\/div>\n<p><strong>YARDIMCI&#8217;YA B\u00dcY\u00dcK DESTEK<\/strong><\/p>\n<p>Se\u00e7ime aday oldu\u011funu a\u00e7\u0131klayan ve ciddi oranda imza toplayan Servet Yard\u0131mc\u0131\u2019n\u0131n genel kurula k\u0131sa bir s\u00fcre kala \u00e7ekildi\u011fini a\u00e7\u0131klamas\u0131 tart\u0131\u015fma yaratm\u0131\u015ft\u0131. Yard\u0131mc\u0131, UEFA \u0130cra kurulundaki g\u00f6revini de b\u0131rakt\u0131\u011f\u0131n\u0131 s\u00f6ylemi\u015fti.<\/p>\n<p>Hac\u0131osmano\u011flu federasyonu ilk olarak Servet Yard\u0131mc\u0131\u2019dan UEFA\u2019daki g\u00f6revine devam etmesini isteyecek. UEFA\u2019ya resmi olarak ayr\u0131ld\u0131\u011f\u0131n\u0131 a\u00e7\u0131klamayan Yard\u0131mc\u0131\u2019n\u0131n da bu \u00f6neriye s\u0131cak bakt\u0131\u011f\u0131 bildirildi.<\/p>\n<div>\n<div><img decoding=\"async\" src=\"https:\/\/kamucalisani.net\/wp-content\/uploads\/2025\/05\/tff-baskani-ibrahim-haciosmanoglundan-vincenzo-montella-karari-2-mQSEEm9Q.jpg\"\/><\/img><\/div>\n<\/div>\n<p>Deneyimli futbol adam\u0131 10 y\u0131l\u0131 a\u015fk\u0131n s\u00fcredir TFF\u2019yi uluslararas\u0131 platformda temsil ediyordu. Per\u015fembe g\u00fcn\u00fc yap\u0131lan genel kurulda Fenerbah\u00e7e Kul\u00fcb\u00fc Ba\u015fkan\u0131 Ali Ko\u00e7 ile birlikte ba\u015fkan aday\u0131 s\u0131fat\u0131yla Servet Yard\u0131mc\u0131\u2019n\u0131n ni\u00e7in yar\u0131\u015ftan \u00e7ekildi\u011fini sorgulayan Hac\u0131osmano\u011flu, UEFA\u2019da da s\u00fcreklilikten yana oldu\u011funu g\u00f6sterecek.<\/p>\n\n<p><\/p>\n<p>Kaynak :\u00a0<span style=\"background-color: rgb(255, 249, 236); color: rgb(55, 58, 60); font-size: 14px;\">http:\/\/www.milliyet.com.tr\/skorer\/tff-baskani-ibrahim-haciosmanoglundan-vincenzo-montella-karari-7158592<\/span><\/p>\n","protected":false},"excerpt":{"rendered":"<p>A Milli Tak\u0131m\u2019\u0131n performans\u0131ndan son derece memnun olan yeni TFF Ba\u015fkan\u0131 Hac\u0131osmano\u011flu, \u0130talyan teknik adam\u0131n g\u00f6revde kalmas\u0131n\u0131 istiyor. Montella i\u00e7in S\u00fcper Lig\u2019de eski \u00e7al\u0131\u015ft\u0131\u011f\u0131 tak\u0131m\u0131n kul\u00fcp ba\u015fkan\u0131 Murat Sancak\u2019\u0131n devreye girece\u011fi ifade edildi.<\/p>\n","protected":false},"author":1,"featured_media":114127,"comment_status":"open","ping_status":"open","sticky":false,"template":"","format":"standard","meta":{"footnotes":""},"categories":[7],"tags":[186,7370,623],"class_list":["post-114126","post","type-post","status-publish","format-standard","has-post-thumbnail","hentry","category-spor","tag-baskan","tag-haciosmanoglu","tag-milli"],"_links":{"self":[{"href":"https:\/\/kamucalisani.net\/index.php\/wp-json\/wp\/v2\/posts\/114126","targetHints":{"allow":["GET"]}}],"collection":[{"href":"https:\/\/kamucalisani.net\/index.php\/wp-json\/wp\/v2\/posts"}],"about":[{"href":"https:\/\/kamucalisani.net\/index.php\/wp-json\/wp\/v2\/types\/post"}],"author":[{"embeddable":true,"href":"https:\/\/kamucalisani.net\/index.php\/wp-json\/wp\/v2\/users\/1"}],"replies":[{"embeddable":true,"href":"https:\/\/kamucalisani.net\/index.php\/wp-json\/wp\/v2\/comments?post=114126"}],"version-history":[{"count":1,"href":"https:\/\/kamucalisani.net\/index.php\/wp-json\/wp\/v2\/posts\/114126\/revisions"}],"predecessor-version":[{"id":114131,"href":"https:\/\/kamucalisani.net\/index.php\/wp-json\/wp\/v2\/posts\/114126\/revisions\/114131"}],"wp:featuredmedia":[{"embeddable":true,"href":"https:\/\/kamucalisani.net\/index.php\/wp-json\/wp\/v2\/media\/114127"}],"wp:attachment":[{"href":"https:\/\/kamucalisani.net\/index.php\/wp-json\/wp\/v2\/media?parent=114126"}],"wp:term":[{"taxonomy":"category","embeddable":true,"href":"https:\/\/kamucalisani.net\/index.php\/wp-json\/wp\/v2\/categories?post=114126"},{"taxonomy":"post_tag","embeddable":true,"href":"https:\/\/kamucalisani.net\/index.php\/wp-json\/wp\/v2\/tags?post=114126"}],"curies":[{"name":"wp","href":"https:\/\/api.w.org\/{rel}","templated":true}]}}