{"id":114592,"date":"2025-05-20T09:00:09","date_gmt":"2025-05-20T09:00:09","guid":{"rendered":"https:\/\/kamucalisani.net\/?p=114592"},"modified":"2025-05-20T09:00:09","modified_gmt":"2025-05-20T09:00:09","slug":"samsung-tvler-tizen-8-one-ui-guncellemesini-almaya-basladi","status":"publish","type":"post","link":"https:\/\/kamucalisani.net\/index.php\/2025\/05\/20\/samsung-tvler-tizen-8-one-ui-guncellemesini-almaya-basladi\/","title":{"rendered":"Samsung TV&#8217;ler Tizen 8 One UI g\u00fcncellemesini almaya ba\u015flad\u0131"},"content":{"rendered":"<p><figure> <span> <img decoding=\"async\" src=\"https:\/\/kamucalisani.net\/wp-content\/uploads\/2025\/05\/samsung-tvler-tizen-8-one-ui-guncellemesini-almaya-basladi-0-E3FPDLk5.jpg\"\/> <\/span> <strong>Samsung<\/strong>, Ekim ay\u0131n\u0131n ba\u015flar\u0131nda d\u00fczenlenen geli\u015ftiriciler konferans\u0131nda One UI aray\u00fcz\u00fcn\u00fcn Tizen i\u015fletim sistemli TV\u2019lerine getirece\u011fini duyurmu\u015ftu. One UI temal\u0131 Tizen 8 g\u00fcncellemesi \u00e7ok ge\u00e7meden belirli 2023 Smart TV modellerine verilmeye ba\u015fland\u0131. \u015eimdi de Avrupa\u2019daki kullan\u0131c\u0131lar yeni One UI aray\u00fcz\u00fcne kavu\u015fmaya ba\u015flad\u0131. <\/figure>\n<p><strong>Tizen 8 One UI <\/strong>g\u00fcncellemesi, Galaxy telefonlardaki aray\u00fcze benzer bir aray\u00fcz de\u011fi\u015fikli\u011fi getiriyor; \u00f6zelikle uygulama simgeleri ve renkler hemen fark edilebiliyor. Bu g\u00fcncellemeyle gelen b\u00fcy\u00fck de\u011fi\u015fikliklerden biri, SmartThing, harita g\u00f6r\u00fcn\u00fcm\u00fc, telefonumu \u00e7ald\u0131r, fitness uygulamalar\u0131 ve egzersizleri ve Philips Hue ak\u0131ll\u0131 ev sistemleri gibi \u00f6zelliklere h\u0131zl\u0131 eri\u015fim sunan yeni Samsung Daily+ sekmesi. Bunun d\u0131\u015f\u0131nda, h\u0131zl\u0131 ayarlar ve ba\u011fl\u0131 cihazlar paneli de tamamen yeniden tasarland\u0131.<\/p>\n<p><strong>One UI <\/strong>aray\u00fcz\u00fcn\u00fc i\u00e7eren yeni Tizen 8 g\u00fcncellemesinin televizyonuna gelip gelmedi\u011fine bakmak i\u00e7in, Ayarlar &#8211; Destek &#8211; Yaz\u0131l\u0131m G\u00fcncellemesi &#8211; \u015eimdi G\u00fcncelle yolunu izleyin.<\/p>\n<p><b>Tizen 8 One UI g\u00fcncellemesiyle gelecek baz\u0131 yenilikler<\/b><\/p>\n<ul>\n<li>Samsung Tizen OS s\u00fcr\u00fcm\u00fc 7\u2019den 8\u2019e \u00e7\u0131kar\u0131ld\u0131<\/li>\n<li>Ana ekrana Sizin i\u00e7in, Canl\u0131 ve Uygulamalar sekmesi eklendi<\/li>\n<li>\u0130\u00e7erik ayr\u0131nt\u0131lar\u0131 ekran\u0131na Daha Sonra \u0130zle se\u00e7ene\u011fi eklendi<\/li>\n<li>Samsung Daily+<\/li>\n<li>Son arananlar ve ilgili i\u00e7erikler \u00f6neri olarak uyguland\u0131<\/li>\n<li>Ayn\u0131 Samsung hesab\u0131yla oturum a\u00e7m\u0131\u015f birden fazla Samsung cihaz\u0131 kontrol etme<\/li>\n<li>Antrenman takip\u00e7isi<\/li>\n<li>Ki\u015fisel \u00f6zel kanal ve ayar \u00f6nerileri<\/li>\n<li>IoT kameralar\u0131 mobil cihazlardaki SmartThings uygulamas\u0131ndan kontrol edilebilir<\/li>\n<li>Eri\u015filebilirlik K\u0131sayolu kullan\u0131m s\u0131kl\u0131\u011f\u0131na g\u00f6re se\u00e7enekleri yeniden d\u00fczenleyebiliyor<\/li>\n<li>Yay\u0131n ak\u0131\u015f\u0131 tasar\u0131m\u0131 g\u00fcncellendi ve Samsung TV Plus kategorisi eklendi<\/li>\n<li>Oyun \u00c7ubu\u011fu aray\u00fcz\u00fc yenilendi<\/li>\n<li>G\u00fczel duvar ka\u011f\u0131tlar\u0131 ve kullan\u0131\u015fl\u0131 widget\u2019lar i\u00e7eren Daily Board<\/li>\n<\/ul>\n<p>Kaynak\u00a0 :\u00a0<span style=\"background-color: rgb(255, 249, 236); color: rgb(55, 58, 60); font-size: 14px;\">https:\/\/www.donanimhaber.com\/samsung-tv-ler-tizen-8-one-ui-guncellemesini-almaya-basladi&#8211;184157<\/span><\/p>\n","protected":false},"excerpt":{"rendered":"<p>Samsung, Ekim ay\u0131n\u0131n ba\u015flar\u0131nda d\u00fczenlenen geli\u015ftiriciler konferans\u0131nda One UI aray\u00fcz\u00fcn\u00fcn Tizen i\u015fletim sistemli TV\u2019lerine getirece\u011fini duyurmu\u015ftu. One UI temal\u0131 Tizen 8 g\u00fcncellemesi \u00e7ok ge\u00e7meden belirli 2023 Smart TV modellerine verilmeye &#8230;<\/p>\n","protected":false},"author":1,"featured_media":114593,"comment_status":"open","ping_status":"open","sticky":false,"template":"","format":"standard","meta":{"footnotes":""},"categories":[8],"tags":[7601,4267,3200,175,1009],"class_list":["post-114592","post","type-post","status-publish","format-standard","has-post-thumbnail","hentry","category-teknoloji","tag-arayuz","tag-guncelle","tag-one-ui","tag-samsung","tag-tizen"],"_links":{"self":[{"href":"https:\/\/kamucalisani.net\/index.php\/wp-json\/wp\/v2\/posts\/114592","targetHints":{"allow":["GET"]}}],"collection":[{"href":"https:\/\/kamucalisani.net\/index.php\/wp-json\/wp\/v2\/posts"}],"about":[{"href":"https:\/\/kamucalisani.net\/index.php\/wp-json\/wp\/v2\/types\/post"}],"author":[{"embeddable":true,"href":"https:\/\/kamucalisani.net\/index.php\/wp-json\/wp\/v2\/users\/1"}],"replies":[{"embeddable":true,"href":"https:\/\/kamucalisani.net\/index.php\/wp-json\/wp\/v2\/comments?post=114592"}],"version-history":[{"count":1,"href":"https:\/\/kamucalisani.net\/index.php\/wp-json\/wp\/v2\/posts\/114592\/revisions"}],"predecessor-version":[{"id":114595,"href":"https:\/\/kamucalisani.net\/index.php\/wp-json\/wp\/v2\/posts\/114592\/revisions\/114595"}],"wp:featuredmedia":[{"embeddable":true,"href":"https:\/\/kamucalisani.net\/index.php\/wp-json\/wp\/v2\/media\/114593"}],"wp:attachment":[{"href":"https:\/\/kamucalisani.net\/index.php\/wp-json\/wp\/v2\/media?parent=114592"}],"wp:term":[{"taxonomy":"category","embeddable":true,"href":"https:\/\/kamucalisani.net\/index.php\/wp-json\/wp\/v2\/categories?post=114592"},{"taxonomy":"post_tag","embeddable":true,"href":"https:\/\/kamucalisani.net\/index.php\/wp-json\/wp\/v2\/tags?post=114592"}],"curies":[{"name":"wp","href":"https:\/\/api.w.org\/{rel}","templated":true}]}}