{"id":114841,"date":"2025-05-20T20:12:06","date_gmt":"2025-05-20T20:12:06","guid":{"rendered":"https:\/\/kamucalisani.net\/?p=114841"},"modified":"2025-05-20T20:12:06","modified_gmt":"2025-05-20T20:12:06","slug":"goztepe-baskani-ankersenden-onuachu-aciklamasi","status":"publish","type":"post","link":"https:\/\/kamucalisani.net\/index.php\/2025\/05\/20\/goztepe-baskani-ankersenden-onuachu-aciklamasi\/","title":{"rendered":"G\u00f6ztepe Ba\u015fkan\u0131 Ankersen&#8217;den Onuachu a\u00e7\u0131klamas\u0131"},"content":{"rendered":"<p><p>Sezon haz\u0131rl\u0131klar\u0131n\u0131 Slovenya&#8217;da s\u00fcrd\u00fcren Trendyol S\u00fcper Lig ekiplerinden G\u00f6ztepe&#8217;nin kul\u00fcp ba\u015fkan\u0131 Rasmus Ankersen, &#8220;Hem gen\u00e7lerin hem tecr\u00fcbeli oyuncular\u0131n oldu\u011fu, hep beraber dengeli ve ba\u015far\u0131l\u0131 bir tak\u0131m kurmak i\u00e7in elimizden gelen \u00e7al\u0131\u015fmalar\u0131 ger\u00e7ekle\u015ftiriyoruz.&#8221; dedi.<\/p>\n<p>Ankersen, sar\u0131-k\u0131rm\u0131z\u0131l\u0131 tak\u0131m\u0131n kamp yapt\u0131\u011f\u0131 otelde d\u00fczenledi\u011fi bas\u0131n toplant\u0131s\u0131nda, Slovenya&#8217;daki kamp \u00e7al\u0131\u015fmalar\u0131ndan \u00e7ok memnun oldu\u011funu kaydetti. Tak\u0131m\u0131n \u00e7ok iyi bir \u015fekilde \u00e7al\u0131\u015ft\u0131\u011f\u0131n\u0131 kaydeden Ankersen, \u015f\u00f6yle konu\u015ftu: &#8220;Bizler de sportif direkt\u00f6r\u00fcm\u00fcz Ivan Mance ve oyuncu arayan b\u00fct\u00fcn ekibimizle beraber ligde rekabet\u00e7i ve ba\u015far\u0131l\u0131 olacak bir tak\u0131m kurmak i\u00e7in elimizden geleni yap\u0131yoruz. Tabii ki yapaca\u011f\u0131m\u0131z \u00e7ok daha i\u015fimiz var. Hem gen\u00e7lerin hem tecr\u00fcbeli oyuncular\u0131n oldu\u011fu, hep beraber dengeli ve ba\u015far\u0131l\u0131 bir tak\u0131m kurmak i\u00e7in elimizden gelen \u00e7al\u0131\u015fmalar\u0131 ger\u00e7ekle\u015ftiriyoruz.&#8221;<\/p>\n<p><strong>Santrfor transferi<\/strong><\/p>\n<p>Ankersen, \u00f6n\u00fcm\u00fczdeki s\u00fcre\u00e7te tak\u0131ma iki santrafor alacaklar\u0131n\u0131 belirterek, &#8220;Elimizde bununla ilgili ger\u00e7ekten iyi se\u00e7enekler var. Umar\u0131m gelecek g\u00fcnlerde bunu ba\u015far\u0131r ve sizlere, taraftarlar\u0131m\u0131za onlar\u0131 tan\u0131t\u0131r\u0131z ama bu i\u015f bir anda olmuyor. Bir s\u00fcpermarkete de gitti\u011finizde hemen istedi\u011finiz \u015feyleri, istedi\u011finiz fiyata bulamazs\u0131n\u0131z ya da ald\u0131\u011f\u0131n\u0131z \u015feyler o anda size kaliteli g\u00f6z\u00fck\u00fcr ama daha sonra o kalitesini bir zaman sonra kaybetti\u011fini g\u00f6r\u00fcrs\u00fcn\u00fcz.&#8221; diye konu\u015ftu.<\/p>\n<p><strong>Kaleci Lis&#8217;in durumu<\/strong><\/p>\n<p>Ge\u00e7en sezon Southampton&#8217;dan kiralanan kaleci Mateusz Lis&#8217;in tak\u0131ma \u00e7ok b\u00fcy\u00fck katk\u0131 verdi\u011fini belirten Ankersen, &#8220;Kadromuzda T\u00fcrkiye&#8217;deki en yetenekli kaleci olarak g\u00f6rd\u00fc\u011f\u00fcm\u00fcz ve \u00e7ok inand\u0131\u011f\u0131m\u0131z Arda var. Sezon \u00f6ncesi onun da ne kadar haz\u0131r oldu\u011funu hocalar\u0131m\u0131zla hep beraber g\u00f6rmek istedik. Tabii bu Lis&#8217;in tekrar gelmeyece\u011fi, art\u0131k b\u00f6yle bir olas\u0131l\u0131\u011f\u0131n kalkt\u0131\u011f\u0131 anlam\u0131na da gelmiyor.&#8221; dedi. Ankersen, ilgilendikleri h\u00fccum oyuncular\u0131n\u0131n ismini veremeyece\u011fini belirterek, &#8220;Tak\u0131ma b\u00fcy\u00fck y\u0131ld\u0131zlar transfer etmek bizim stilimiz de\u011fil. Bizim en b\u00fcy\u00fck amac\u0131m\u0131z iyi bir tak\u0131m yaratmak.&#8221; de\u011ferlendirmesinde bulundu.<\/p>\n<p><strong>Onuachu s\u00f6zleri<\/strong><\/p>\n<p>Ge\u00e7en sene Trabzonspor&#8217;un Southampton&#8217;dan kiralad\u0131\u011f\u0131 Paul Onuachu&#8217;nun ba\u015fka tak\u0131mlara transferi konusunda haberlerin \u00e7\u0131kt\u0131\u011f\u0131n\u0131n hat\u0131rlat\u0131lmas\u0131 \u00fczerine Ankersen, &#8220;Paul Onuachu sat\u0131lacaksa bunun do\u011fru fiyata ger\u00e7ekle\u015ftirilmesi gerekiyor. Ferrari almak istiyorsan\u0131z ona Ferrari fiyat\u0131n\u0131 \u00f6demeniz gerekiyor&#8221; dedi.<\/p>\n<div>\n<div><img decoding=\"async\" src=\"https:\/\/kamucalisani.net\/wp-content\/uploads\/2025\/05\/goztepe-baskani-ankersenden-onuachu-aciklamasi-0-12VABlcg.jpg\"\/><\/img><\/div>\n<\/div>\n<p>Ankersen, Sports Republic b\u00fcnyesindeki G\u00f6ztepe&#8217;nin Southampton&#8217;a g\u00f6re ikinci planda olmad\u0131\u011f\u0131n\u0131 belirterek, s\u00f6zlerini \u015f\u00f6yle s\u00fcrd\u00fcrd\u00fc: &#8220;G\u00f6ztepe&#8217;yi Avrupa&#8217;n\u0131n ve d\u00fcnyan\u0131n en iyi tak\u0131m\u0131 olarak g\u00f6r\u00fcyoruz. B\u00f6yle hissiyatlara sahibiz ve bununla gurur duyuyoruz. Bunlar ger\u00e7ekler ama ayn\u0131 zamanda \u015funu da ger\u00e7ek\u00e7i bir \u015fekilde g\u00f6rmemiz laz\u0131m. Burada hep beraber b\u00fcy\u00fck ba\u015far\u0131lara ula\u015f\u0131p, taraftar\u0131m\u0131z\u0131n olu\u015fturdu\u011fu muhte\u015fem ortam, \u015fehrin g\u00fczelli\u011fiyle hep beraber yakalad\u0131\u011f\u0131m\u0131z ba\u015far\u0131larla bu oyuncular\u0131 buraya \u00e7ekebiliriz. Hedefimiz de bu. Bir oyuncu G\u00f6ztepe&#8217;ye gelece\u011fi zaman buray\u0131 bir s\u0131\u00e7rama tahtas\u0131 ve Premier Lig&#8217;e giden bir yol haritas\u0131 olarak da g\u00f6rebiliyor. Bunu bir motivasyon olarak g\u00f6r\u00fcyor ve bu \u015fekilde kendini haz\u0131rl\u0131yor.&#8221;<\/p>\n<p>Yeni se\u00e7ilen T\u00fcrkiye Futbol Federasyonu y\u00f6netimi ile T\u00fcrk futbolunun s\u00fcrekli olarak geli\u015fmesi i\u00e7in i\u015f birli\u011fi i\u00e7inde olmak istediklerini belirten Ankersen, &#8220;Tabii ki bu adaletsizli\u011fe u\u011frad\u0131\u011f\u0131m\u0131z zaman sessiz kalaca\u011f\u0131z anlam\u0131na gelmiyor. Tabii ki b\u00f6yle bir \u015fey oldu\u011fu zaman da reaksiyonumuzu \u00f6nemli bir \u015fekilde g\u00f6sterece\u011fiz. Zaten kul\u00fcpte bununla ilgili bizim \u00e7ok \u00f6nemli isimlerimiz var, onursal ba\u015fkan Mehmet Sepil, CEO&#8217;muz Kerem Ertan gibi bu konuda \u00e7ok b\u00fcy\u00fck tecr\u00fcbeye sahip ve her anlamda koruyan insanlarla beraberiz&#8221; dedi.<\/p>\n<p>Ankersen, taraftarlar\u0131n \u00fczerlerinde kurduklar\u0131 bask\u0131n\u0131n kendilerine katk\u0131 sa\u011flad\u0131\u011f\u0131n\u0131 belirterek, &#8220;Hem taraftarlar\u0131m\u0131z\u0131n hem \u015fehrimizin gurur duyaca\u011f\u0131 bir kul\u00fcp olaca\u011f\u0131z ve daha sonra da yeni bir yat\u0131r\u0131mc\u0131 gelirse, belki buradaki son yat\u0131r\u0131mc\u0131 biz olmayaca\u011f\u0131z, yeni bir yat\u0131r\u0131mc\u0131 geldi\u011fi zaman ger\u00e7ekten o \u00f6zel bir kul\u00fcbe gelmi\u015f olacak. Ger\u00e7ekten belli noktalarda b\u00fcy\u00fck ba\u015far\u0131lar yakalam\u0131\u015f bir kul\u00fcbe gelmi\u015f olacak ve o da kul\u00fcb\u00fc bir ad\u0131m daha \u00f6ne g\u00f6t\u00fcrmeye \u00e7al\u0131\u015facak.&#8221; diye konu\u015ftu.<\/p>\n<p>Hem mental hem fiziksel hem de teknik anlamda iyi bir ekip olu\u015fturmak i\u00e7in \u00e7al\u0131\u015ft\u0131klar\u0131n\u0131 kaydeden Ankersen, &#8220;S\u00fcper Lig&#8217;de bizim ad\u0131m\u0131za b\u00fcy\u00fck bir meydan okuma, b\u00fcy\u00fck bir m\u00fccadele olacak. Ama biz oynad\u0131\u011f\u0131m\u0131z ma\u00e7larda istedi\u011fimiz farklar\u0131 yaratabilirsek, istedi\u011fimiz noktalarda istedi\u011fimiz dokunu\u015flar\u0131 yapabilirsek kesinlikle \u00e7ok iyi bir tak\u0131m olaca\u011f\u0131m\u0131z\u0131, fark yaratabilece\u011fimizi, iyi bir tak\u0131m olaca\u011f\u0131m\u0131z\u0131 d\u00fc\u015f\u00fcn\u00fcyorum. Bu \u015fekilde bir\u00e7ok ki\u015fiyi de \u015fa\u015f\u0131rtaca\u011f\u0131m\u0131z\u0131 d\u00fc\u015f\u00fcn\u00fcyorum.&#8221; de\u011ferlendirmesinde bulundu. Ankersen, gen\u00e7 ve yetenekli oyuncular\u0131n Premier Lig&#8217;den \u00f6nce T\u00fcrkiye&#8217;de oynamak istemeyece\u011fini belirterek, &#8220;Kariyerinin sonuna gelmi\u015f oyuncular \u00e7ok b\u00fcy\u00fck paralara buraya gelebilirler ama art\u0131k biz bunun T\u00fcrk futbolunda de\u011fi\u015fmesini istiyoruz ve bizim hedefimiz bunu de\u011fi\u015ftirmek. G\u00f6ztepe&#8217;ye gen\u00e7 bir oyuncu geldi\u011finde kesinlikle burada kendini geli\u015ftirebilece\u011fini bilecek.&#8221; \u015feklinde s\u00f6zlerini tamamlad\u0131.<\/p>\n<p>\u00a0<\/p>\n\n<p><\/p>\n<p>Kaynak :\u00a0<span style=\"background-color: rgb(255, 249, 236); color: rgb(55, 58, 60); font-size: 14px;\">http:\/\/www.milliyet.com.tr\/skorer\/goztepe-baskani-ankersenden-onuachu-aciklamasi-7158802<\/span><\/p>\n","protected":false},"excerpt":{"rendered":"<p>\u0130zmir ekibinin Ba\u015fkan\u0131 Ankersen, Trabzonspor&#8217;un renklerine katmak i\u00e7in u\u011fra\u015f verdi\u011fi Nijeryal\u0131 golc\u00fc ile ilgili a\u00e7\u0131klama yapt\u0131.<\/p>\n","protected":false},"author":1,"featured_media":114842,"comment_status":"open","ping_status":"open","sticky":false,"template":"","format":"standard","meta":{"footnotes":""},"categories":[7],"tags":[7621,7622,967,263,1321],"class_list":["post-114841","post","type-post","status-publish","format-standard","has-post-thumbnail","hentry","category-spor","tag-ankersen","tag-belirterek","tag-oyuncu","tag-takim","tag-zaman"],"_links":{"self":[{"href":"https:\/\/kamucalisani.net\/index.php\/wp-json\/wp\/v2\/posts\/114841","targetHints":{"allow":["GET"]}}],"collection":[{"href":"https:\/\/kamucalisani.net\/index.php\/wp-json\/wp\/v2\/posts"}],"about":[{"href":"https:\/\/kamucalisani.net\/index.php\/wp-json\/wp\/v2\/types\/post"}],"author":[{"embeddable":true,"href":"https:\/\/kamucalisani.net\/index.php\/wp-json\/wp\/v2\/users\/1"}],"replies":[{"embeddable":true,"href":"https:\/\/kamucalisani.net\/index.php\/wp-json\/wp\/v2\/comments?post=114841"}],"version-history":[{"count":1,"href":"https:\/\/kamucalisani.net\/index.php\/wp-json\/wp\/v2\/posts\/114841\/revisions"}],"predecessor-version":[{"id":114844,"href":"https:\/\/kamucalisani.net\/index.php\/wp-json\/wp\/v2\/posts\/114841\/revisions\/114844"}],"wp:featuredmedia":[{"embeddable":true,"href":"https:\/\/kamucalisani.net\/index.php\/wp-json\/wp\/v2\/media\/114842"}],"wp:attachment":[{"href":"https:\/\/kamucalisani.net\/index.php\/wp-json\/wp\/v2\/media?parent=114841"}],"wp:term":[{"taxonomy":"category","embeddable":true,"href":"https:\/\/kamucalisani.net\/index.php\/wp-json\/wp\/v2\/categories?post=114841"},{"taxonomy":"post_tag","embeddable":true,"href":"https:\/\/kamucalisani.net\/index.php\/wp-json\/wp\/v2\/tags?post=114841"}],"curies":[{"name":"wp","href":"https:\/\/api.w.org\/{rel}","templated":true}]}}