{"id":115051,"date":"2025-05-21T04:24:07","date_gmt":"2025-05-21T04:24:07","guid":{"rendered":"https:\/\/kamucalisani.net\/?p=115051"},"modified":"2025-05-21T04:24:07","modified_gmt":"2025-05-21T04:24:07","slug":"bakanlardan-kibris-baris-harekatinin-50nci-yil-donumu-mesajlari","status":"publish","type":"post","link":"https:\/\/kamucalisani.net\/index.php\/2025\/05\/21\/bakanlardan-kibris-baris-harekatinin-50nci-yil-donumu-mesajlari\/","title":{"rendered":"Bakanlardan K\u0131br\u0131s Bar\u0131\u015f Harekat\u0131&#8217;n\u0131n 50&#8217;nci y\u0131l d\u00f6n\u00fcm\u00fc mesajlar\u0131"},"content":{"rendered":"<p><p>Adalet Bakan\u0131 Y\u0131lmaz Tun\u00e7, K\u0131br\u0131s Bar\u0131\u015f Harekat\u0131&#8217;n\u0131n 50&#8217;nci y\u0131l d\u00f6n\u00fcm\u00fcne ili\u015fkin yay\u0131mlad\u0131\u011f\u0131 mesaj\u0131nda, harekat\u0131n y\u0131l d\u00f6n\u00fcm\u00fcnde, kurtulu\u015f ve ba\u011f\u0131ms\u0131zl\u0131k m\u00fccadelesi i\u00e7in canlar\u0131n\u0131 feda eden aziz \u015fehitleri rahmetle, gazileri ise \u015f\u00fckranla and\u0131\u011f\u0131n\u0131 belirtti.<\/p>\n<p>Tun\u00e7, mesaj\u0131nda, &#8220;T\u00fcrkiye olarak her zaman bar\u0131\u015f\u0131n, karde\u015fli\u011fin, huzurun, adaletin ve hakkaniyetin taraf\u0131nda, K\u0131br\u0131sl\u0131 karde\u015flerimizin yan\u0131nda olaca\u011f\u0131z.&#8221; ifadesini kulland\u0131.<\/p>\n<p>Aile ve Sosyal Hizmetler Bakan\u0131 Mahinur \u00d6zdemir G\u00f6kta\u015f ise &#8220;Soyda\u015flar\u0131m\u0131z\u0131n ya\u015fad\u0131\u011f\u0131 ac\u0131lara dur demek, b\u00f6lgede huzuru ve bar\u0131\u015f\u0131 tesis etmek i\u00e7in ba\u015flat\u0131lan K\u0131br\u0131s Bar\u0131\u015f Harekat\u0131&#8217;n\u0131n 50. y\u0131l\u0131n\u0131 ve K\u0131br\u0131s T\u00fcrk\u00fc&#8217;n\u00fcn Bar\u0131\u015f ve \u00d6zg\u00fcrl\u00fck Bayram\u0131&#8217;n\u0131 g\u00f6n\u00fclden kutluyorum. Bu u\u011furda kahramanca m\u00fccadele eden aziz \u015fehitlerimizi ve ebediyete irtihal eden gazilerimizi rahmetle an\u0131yor, hayatta olan gazilerimize uzun \u00f6m\u00fcrler diliyorum.&#8221; mesaj\u0131n\u0131 payla\u015ft\u0131.<\/p>\n<p>\u00c7al\u0131\u015fma ve Sosyal G\u00fcvenlik Bakan\u0131 Vedat I\u015f\u0131khan, K\u0131br\u0131s Bar\u0131\u015f Harekat\u0131&#8217;n\u0131n 50&#8217;nci y\u0131l d\u00f6n\u00fcm\u00fcnde kahraman Mehmet\u00e7ik ve M\u00fccahitleri rahmetle anarak, gazileri \u015f\u00fckranla yad etti\u011fini aktard\u0131.<\/p>\n<p>I\u015f\u0131khan mesaj\u0131nda, &#8220;Ayr\u0131lmaz par\u00e7am\u0131z Kuzey K\u0131br\u0131s T\u00fcrk Cumhuriyeti&#8217;nin hak ve menfaatlerini korumaya devam edecek, K\u0131br\u0131s T\u00fcrk halk\u0131n\u0131n egemenli\u011fine kasteden her te\u015febb\u00fcs\u00fcn kar\u015f\u0131s\u0131nda olaca\u011f\u0131z.&#8221; ifadesine yer verdi.<\/p>\n<p>Milli E\u011fitim Bakan\u0131 Yusuf Tekin, 20 Temmuz 1974&#8217;te ba\u015flayan K\u0131br\u0131s Bar\u0131\u015f Harekat\u0131&#8217;n\u0131n, sadece bir askeri zafer de\u011fil, ayn\u0131 zamanda bir milletin var olma m\u00fccadelesi ve bar\u0131\u015f\u0131n tesis edilmesi anlam\u0131na geldi\u011fini belirterek, &#8220;50&#8217;nci y\u0131l d\u00f6n\u00fcm\u00fcnde, K\u0131br\u0131s Bar\u0131\u015f Harekat\u0131&#8217;n\u0131n gelecek nesillere b\u0131rakt\u0131\u011f\u0131 en \u00f6nemli miras, birlik ve beraberlik ruhudur. Bu anlaml\u0131 g\u00fcnde aziz \u015fehitlerimizi sayg\u0131 ve rahmetle an\u0131yor, gazilerimize \u015f\u00fckranlar\u0131m\u0131 sunuyorum.&#8221; de\u011ferlendirmesini yapt\u0131.<\/p>\n<p>\u0130\u00e7i\u015fleri Bakan\u0131 Ali Yerlikaya da mesaj\u0131nda \u015fu ifadelere yer verdi:<\/p>\n<p>&#8220;K\u0131br\u0131s bizim tarihimiz ve vazge\u00e7ilmezimizdir. Mehmet\u00e7iklerimizle, M\u00fccahitlerimizin omuz omuza yazd\u0131\u011f\u0131 b\u00fcy\u00fck bir kahramanl\u0131k destan\u0131d\u0131r. 20 Temmuz K\u0131br\u0131s Bar\u0131\u015f Harekat\u0131&#8217;n\u0131n 50. y\u0131l\u0131nda K\u0131br\u0131s halk\u0131n\u0131n Bar\u0131\u015f ve \u00d6zg\u00fcrl\u00fck Bayram\u0131&#8217;n\u0131 b\u00fcy\u00fck bir sevin\u00e7le kutluyorum. Bu u\u011furda \u015fehadete eren kahramanlar\u0131m\u0131z\u0131 rahmetle, kahraman gazilerimizi \u015f\u00fckranla yad ediyorum.&#8221;<\/p>\n<p>Sa\u011fl\u0131k Bakan\u0131 Kemal Memi\u015fo\u011flu, Kuzey K\u0131br\u0131s T\u00fcrk Cumhuriyeti&#8217;nde 20 Temmuz Bar\u0131\u015f ve \u00d6zg\u00fcrl\u00fck Bayram\u0131 kutlamalar\u0131na kat\u0131ld\u0131klar\u0131n\u0131 belirterek, &#8220;Bar\u0131\u015f Harekat\u0131&#8217;n\u0131n 50&#8217;nci y\u0131l d\u00f6n\u00fcm\u00fcnde, bu topraklar i\u00e7in can veren kahraman \u015fehitlerimizi rahmetle yad ediyorum.&#8221; mesaj\u0131n\u0131 payla\u015ft\u0131.<\/p>\n\n<p><\/p>\n<p>Kaynak :\u00a0<span style=\"background-color: rgb(255, 249, 236); color: rgb(55, 58, 60); font-size: 14px;\">http:\/\/www.milliyet.com.tr\/gundem\/bakanlardan-kibris-baris-harekatinin-50nci-yil-donumu-mesajlari-7158885<\/span><\/p>\n","protected":false},"excerpt":{"rendered":"<p>Cumhurba\u015fkanl\u0131\u011f\u0131 Kabinesi \u00fcyeleri, K\u0131br\u0131s Bar\u0131\u015f Harekat\u0131&#8217;n\u0131n 50&#8217;nci y\u0131l d\u00f6n\u00fcm\u00fc nedeniyle mesaj yay\u0131mlad\u0131.<\/p>\n","protected":false},"author":1,"featured_media":115052,"comment_status":"open","ping_status":"open","sticky":false,"template":"","format":"standard","meta":{"footnotes":""},"categories":[3],"tags":[2029,7008,1817,7635,221],"class_list":["post-115051","post","type-post","status-publish","format-standard","has-post-thumbnail","hentry","category-guncel","tag-baris","tag-kahraman","tag-kibris","tag-rahmetle","tag-turk"],"_links":{"self":[{"href":"https:\/\/kamucalisani.net\/index.php\/wp-json\/wp\/v2\/posts\/115051","targetHints":{"allow":["GET"]}}],"collection":[{"href":"https:\/\/kamucalisani.net\/index.php\/wp-json\/wp\/v2\/posts"}],"about":[{"href":"https:\/\/kamucalisani.net\/index.php\/wp-json\/wp\/v2\/types\/post"}],"author":[{"embeddable":true,"href":"https:\/\/kamucalisani.net\/index.php\/wp-json\/wp\/v2\/users\/1"}],"replies":[{"embeddable":true,"href":"https:\/\/kamucalisani.net\/index.php\/wp-json\/wp\/v2\/comments?post=115051"}],"version-history":[{"count":1,"href":"https:\/\/kamucalisani.net\/index.php\/wp-json\/wp\/v2\/posts\/115051\/revisions"}],"predecessor-version":[{"id":115053,"href":"https:\/\/kamucalisani.net\/index.php\/wp-json\/wp\/v2\/posts\/115051\/revisions\/115053"}],"wp:featuredmedia":[{"embeddable":true,"href":"https:\/\/kamucalisani.net\/index.php\/wp-json\/wp\/v2\/media\/115052"}],"wp:attachment":[{"href":"https:\/\/kamucalisani.net\/index.php\/wp-json\/wp\/v2\/media?parent=115051"}],"wp:term":[{"taxonomy":"category","embeddable":true,"href":"https:\/\/kamucalisani.net\/index.php\/wp-json\/wp\/v2\/categories?post=115051"},{"taxonomy":"post_tag","embeddable":true,"href":"https:\/\/kamucalisani.net\/index.php\/wp-json\/wp\/v2\/tags?post=115051"}],"curies":[{"name":"wp","href":"https:\/\/api.w.org\/{rel}","templated":true}]}}