{"id":115222,"date":"2025-05-21T12:36:11","date_gmt":"2025-05-21T12:36:11","guid":{"rendered":"https:\/\/kamucalisani.net\/?p=115222"},"modified":"2025-05-21T12:36:11","modified_gmt":"2025-05-21T12:36:11","slug":"hmd-pulse2-pro-ortaya-cikti-neler-sunacak","status":"publish","type":"post","link":"https:\/\/kamucalisani.net\/index.php\/2025\/05\/21\/hmd-pulse2-pro-ortaya-cikti-neler-sunacak\/","title":{"rendered":"HMD Pulse2 Pro ortaya \u00e7\u0131kt\u0131: Neler sunacak?"},"content":{"rendered":"<p><figure> <span> <img decoding=\"async\" src=\"https:\/\/kamucalisani.net\/wp-content\/uploads\/2025\/05\/hmd-pulse2-pro-ortaya-cikti-neler-sunacak-0-FLeGbmCC.jpg\"\/> <\/span> Ge\u00e7ti\u011fimiz y\u0131llarda <strong>Nokia<\/strong>\u2019n\u0131n isim haklar\u0131n\u0131 sat\u0131n alarak bir\u00e7ok farkl\u0131 tu\u015flu ve ak\u0131ll\u0131 telefon sat\u0131\u015fa \u00e7\u0131karan<strong> HMD Global<\/strong>, ge\u00e7ti\u011fimiz aylarda strateji de\u011fi\u015fikli\u011fine gitti ve HMD markas\u0131 alt\u0131nda telefonlar sat\u0131\u015fa sunmaya ba\u015flad\u0131. Bu do\u011frultuda bir\u00e7ok giri\u015f ve orta seviye ak\u0131ll\u0131 telefonlar ile g\u00fcndeme gelen firma, ge\u00e7ti\u011fimiz aylarda tan\u0131tt\u0131\u011f\u0131 <strong>Pulse Pro<\/strong>\u2019nun yeni modeli \u00fczerinde \u00e7al\u0131\u015f\u0131yor. <\/figure>\n<p><b>HMD Pulse 2 Pro neler sunacak?<\/b><\/p>\n<p>Ge\u00e7ti\u011fimiz y\u0131llarda \u00f6zellikle Avrupa pazar\u0131 i\u00e7in bir\u00e7ok uygun fiyatl\u0131 ak\u0131ll\u0131 telefon \u00fcreten HMD, bu s\u00fcre\u00e7te Pulse serisini tan\u0131tm\u0131\u015ft\u0131. <strong>Tasar\u0131m\u0131 <\/strong>ve<strong> uygun fiyat\u0131<\/strong> ile dikkat \u00e7eken bu serinin yeni \u00fcyesi, ge\u00e7ti\u011fimiz saatlerde ortaya \u00e7\u0131kt\u0131. Nokia ve HMD hakk\u0131nda yapt\u0131\u011f\u0131 s\u0131z\u0131nt\u0131lar ile bilinen <em>@smashx_60<\/em> isimli X kullan\u0131c\u0131s\u0131, <strong>HMD Pulse 2 Pro<\/strong>\u2019nun teknik \u00f6zelliklerini ve g\u00f6rselini payla\u015ft\u0131.<\/p>\n<p>G\u00f6nderiden anla\u015f\u0131laca\u011f\u0131 \u00fczere Pulse2 Pro, \u00f6nceki nesil ile ayn\u0131 <strong>kamera, batarya <\/strong>ve<strong> ekran<\/strong> sistemine sahip. Cihaz\u0131n <strong>Unisoc T606<\/strong> yonga seti ise <strong>Unisoc T612<\/strong> ile g\u00fcncellenmi\u015f. \u0130\u015flemci ve grafik biriminde ufak saat art\u0131\u015flar\u0131na sahip olan bu \u00e7ip, Pulse 2 Pro i\u00e7in ufak performans art\u0131\u015flar\u0131 sa\u011flayacakt\u0131r. Cihaz\u0131n <strong>6\/8 GB RAM<\/strong> ve <strong>128\/256 GB depolama<\/strong> se\u00e7eneklerine sahip olaca\u011f\u0131 da gelen bilgiler aras\u0131nda.\u00a0<strong>Ye\u015fil, mavi <\/strong>ve<strong> sar\u0131<\/strong> renk se\u00e7eneklerine sahip olmas\u0131 beklenen cihaz muhtemelen 200\u20ac seviyesinde sat\u0131\u015fa sunulacakt\u0131r. Cihaz\u0131n Afrika \u00fclkeleri i\u00e7in ise <em>M-KOPA<\/em> firmas\u0131na lisanslanaca\u011f\u0131 belirtiliyor.<br \/> \u00a0<\/p>\n\n<p>Kaynak\u00a0 :\u00a0<span style=\"background-color: rgb(255, 249, 236); color: rgb(55, 58, 60); font-size: 14px;\">https:\/\/www.donanimhaber.com\/hmd-pulse-2-pro-nun-teknik-ozellikleri-ortaya-cikti&#8211;184265<\/span><\/p>\n","protected":false},"excerpt":{"rendered":"<p>Ge\u00e7ti\u011fimiz y\u0131llarda Nokia\u2019n\u0131n isim haklar\u0131n\u0131 sat\u0131n alarak bir\u00e7ok farkl\u0131 tu\u015flu ve ak\u0131ll\u0131 telefon sat\u0131\u015fa \u00e7\u0131karan HMD Global, ge\u00e7ti\u011fimiz aylarda strateji de\u011fi\u015fikli\u011fine gitti ve HMD markas\u0131 alt\u0131nda telefonlar sat\u0131\u015fa sunmaya ba\u015flad\u0131. Bu do\u011frultuda &#8230;<\/p>\n","protected":false},"author":1,"featured_media":115223,"comment_status":"open","ping_status":"open","sticky":false,"template":"","format":"standard","meta":{"footnotes":""},"categories":[8],"tags":[7652,643,118,7651],"class_list":["post-115222","post","type-post","status-publish","format-standard","has-post-thumbnail","hentry","category-teknoloji","tag-gectigimiz","tag-hmd","tag-pro","tag-pulse"],"_links":{"self":[{"href":"https:\/\/kamucalisani.net\/index.php\/wp-json\/wp\/v2\/posts\/115222","targetHints":{"allow":["GET"]}}],"collection":[{"href":"https:\/\/kamucalisani.net\/index.php\/wp-json\/wp\/v2\/posts"}],"about":[{"href":"https:\/\/kamucalisani.net\/index.php\/wp-json\/wp\/v2\/types\/post"}],"author":[{"embeddable":true,"href":"https:\/\/kamucalisani.net\/index.php\/wp-json\/wp\/v2\/users\/1"}],"replies":[{"embeddable":true,"href":"https:\/\/kamucalisani.net\/index.php\/wp-json\/wp\/v2\/comments?post=115222"}],"version-history":[{"count":1,"href":"https:\/\/kamucalisani.net\/index.php\/wp-json\/wp\/v2\/posts\/115222\/revisions"}],"predecessor-version":[{"id":115225,"href":"https:\/\/kamucalisani.net\/index.php\/wp-json\/wp\/v2\/posts\/115222\/revisions\/115225"}],"wp:featuredmedia":[{"embeddable":true,"href":"https:\/\/kamucalisani.net\/index.php\/wp-json\/wp\/v2\/media\/115223"}],"wp:attachment":[{"href":"https:\/\/kamucalisani.net\/index.php\/wp-json\/wp\/v2\/media?parent=115222"}],"wp:term":[{"taxonomy":"category","embeddable":true,"href":"https:\/\/kamucalisani.net\/index.php\/wp-json\/wp\/v2\/categories?post=115222"},{"taxonomy":"post_tag","embeddable":true,"href":"https:\/\/kamucalisani.net\/index.php\/wp-json\/wp\/v2\/tags?post=115222"}],"curies":[{"name":"wp","href":"https:\/\/api.w.org\/{rel}","templated":true}]}}