{"id":115505,"date":"2025-05-22T00:24:08","date_gmt":"2025-05-22T00:24:08","guid":{"rendered":"https:\/\/kamucalisani.net\/?p=115505"},"modified":"2025-05-22T00:24:08","modified_gmt":"2025-05-22T00:24:08","slug":"manchester-united-matthijs-de-ligt-icin-beklemede","status":"publish","type":"post","link":"https:\/\/kamucalisani.net\/index.php\/2025\/05\/22\/manchester-united-matthijs-de-ligt-icin-beklemede\/","title":{"rendered":"Manchester United, Matthijs de Ligt i\u00e7in beklemede!"},"content":{"rendered":"<p><p>Manchester United, Bayern M\u00fcnih&#8217;ten Matthijs de Ligt transferi i\u00e7in beklemeye ge\u00e7ti.<\/p>\n<p>Sky&#8217;da yer alan habere g\u00f6re, Bayern M\u00fcnih, 24 ya\u015f\u0131ndaki futbolcusu i\u00e7in 50 milyon euro ve bonuslar istiyor. Manchester United, Hollandal\u0131 savunma oyuncusu i\u00e7in bu rakamlar\u0131 \u00f6demek istemedi\u011fi i\u00e7in \u015fimdilik bu transferde beklemeye ge\u00e7ti.<\/p>\n<p>Manchester United Teknik Direkt\u00f6r\u00fc Erik ten Hag, Matthijs de Ligt i\u00e7in, &#8220;Elbette onu iyi tan\u0131yorum, bunu inkar etmeyece\u011fim. \u0130ki y\u0131l \u00f6nce de onu almak istemi\u015ftim ama Bayern M\u00fcnih ile g\u00f6r\u00fc\u015fmeleri ileri d\u00fczeydeydi. Bu s\u00fcre\u00e7te ise onun ismi \u00f6zellikle benden dolay\u0131 ortaya \u00e7\u0131kmad\u0131. De Ligt&#8217;in gelip gelmeyece\u011fini bekleyip g\u00f6rmek zorunday\u0131z.&#8221; diye konu\u015ftu.<\/p>\n<p>G\u00fcncel piyasa de\u011feri 65 milyon euo olarak g\u00f6sterilen 24 ya\u015f\u0131ndaki savunma oyuncusunun Bayern M\u00fcnih ile s\u00f6zle\u015fmesi 2027 y\u0131l\u0131na kadar devam ediyor.<\/p>\n<p>2022 y\u0131l\u0131ndan bu yana Bayern M\u00fcnih&#8217;te oynayan Matthijs de Ligt, Alman ekibinde \u00e7\u0131kt\u0131\u011f\u0131 73 ma\u00e7ta 5 gol att\u0131 ve 2 asist yapt\u0131.<\/p>\n\n<p><\/p>\n<p>Kaynak :\u00a0<span style=\"background-color: rgb(255, 249, 236); color: rgb(55, 58, 60); font-size: 14px;\">http:\/\/www.milliyet.com.tr\/skorer\/manchester-united-matthijs-de-ligt-icin-beklemede-7158986<\/span><\/p>\n","protected":false},"excerpt":{"rendered":"<p>Manchester United&#8217;\u0131n Matthijs de Ligt transferinde beklemeye ge\u00e7ti\u011fi \u00f6\u011frenildi.<\/p>\n","protected":false},"author":1,"featured_media":115506,"comment_status":"open","ping_status":"open","sticky":false,"template":"","format":"standard","meta":{"footnotes":""},"categories":[7],"tags":[331],"class_list":["post-115505","post","type-post","status-publish","format-standard","has-post-thumbnail","hentry","category-spor","tag-bayern-munih"],"_links":{"self":[{"href":"https:\/\/kamucalisani.net\/index.php\/wp-json\/wp\/v2\/posts\/115505","targetHints":{"allow":["GET"]}}],"collection":[{"href":"https:\/\/kamucalisani.net\/index.php\/wp-json\/wp\/v2\/posts"}],"about":[{"href":"https:\/\/kamucalisani.net\/index.php\/wp-json\/wp\/v2\/types\/post"}],"author":[{"embeddable":true,"href":"https:\/\/kamucalisani.net\/index.php\/wp-json\/wp\/v2\/users\/1"}],"replies":[{"embeddable":true,"href":"https:\/\/kamucalisani.net\/index.php\/wp-json\/wp\/v2\/comments?post=115505"}],"version-history":[{"count":1,"href":"https:\/\/kamucalisani.net\/index.php\/wp-json\/wp\/v2\/posts\/115505\/revisions"}],"predecessor-version":[{"id":115507,"href":"https:\/\/kamucalisani.net\/index.php\/wp-json\/wp\/v2\/posts\/115505\/revisions\/115507"}],"wp:featuredmedia":[{"embeddable":true,"href":"https:\/\/kamucalisani.net\/index.php\/wp-json\/wp\/v2\/media\/115506"}],"wp:attachment":[{"href":"https:\/\/kamucalisani.net\/index.php\/wp-json\/wp\/v2\/media?parent=115505"}],"wp:term":[{"taxonomy":"category","embeddable":true,"href":"https:\/\/kamucalisani.net\/index.php\/wp-json\/wp\/v2\/categories?post=115505"},{"taxonomy":"post_tag","embeddable":true,"href":"https:\/\/kamucalisani.net\/index.php\/wp-json\/wp\/v2\/tags?post=115505"}],"curies":[{"name":"wp","href":"https:\/\/api.w.org\/{rel}","templated":true}]}}