{"id":116162,"date":"2025-05-23T07:12:09","date_gmt":"2025-05-23T07:12:09","guid":{"rendered":"https:\/\/kamucalisani.net\/?p=116162"},"modified":"2025-05-23T07:12:09","modified_gmt":"2025-05-23T07:12:09","slug":"istanbulda-korkunc-kaza-kalp-krizi-geciren-surucu-oldu-carptigi-kadinin-bacagi-koptu","status":"publish","type":"post","link":"https:\/\/kamucalisani.net\/index.php\/2025\/05\/23\/istanbulda-korkunc-kaza-kalp-krizi-geciren-surucu-oldu-carptigi-kadinin-bacagi-koptu\/","title":{"rendered":"\u0130stanbul&#8217;da korkun\u00e7 kaza! Kalp krizi ge\u00e7iren s\u00fcr\u00fcc\u00fc \u00f6ld\u00fc, \u00e7arpt\u0131\u011f\u0131 kad\u0131n\u0131n baca\u011f\u0131 koptu"},"content":{"rendered":"<p><p>Ka\u011f\u0131thane Yahya Kemal Mahallesi\u2019nde ge\u00e7ti\u011fimiz Per\u015fembe g\u00fcn\u00fc saat 10.30 s\u0131ralar\u0131nda ya\u015fanan kazada, 61 NE 261 plakal\u0131 otomobille seyreden Oral \u00c7ebi (53), direksiyon ba\u015f\u0131nda kalp krizi ge\u00e7irdi. Fenala\u015fan adam\u0131n kontrol\u00fcnden \u00e7\u0131kan otomobil, yolun kar\u015f\u0131s\u0131na ge\u00e7meye \u00e7al\u0131\u015fan Ay\u015fe Karada\u011f&#8217;a (65) \u00e7arpt\u0131.<\/p>\n<p>Kad\u0131n\u0131 s\u00fcr\u00fckleyen ara\u00e7, park halindeki bir minib\u00fcse \u00e7arparak kad\u0131n\u0131 s\u0131k\u0131\u015ft\u0131rd\u0131, talihsiz kad\u0131n\u0131n baca\u011f\u0131 koptu. \u0130hbar \u00fczerine k\u0131sa s\u00fcrede olay yerine ula\u015fan sa\u011fl\u0131k ekipleri, direksiyon ba\u015f\u0131nda y\u0131\u011f\u0131lan adam\u0131n hayat\u0131n\u0131 kaybetti\u011fini belirledi. Baca\u011f\u0131 kopan kad\u0131n ise \u0130stanbul T\u0131p Fak\u00fcltesi Hastanesine kald\u0131r\u0131larak tedavi alt\u0131na al\u0131nd\u0131. Polis ekipleri ise kazayla ilgili inceleme yaparak tutanak tuttu.<\/p>\n<p><strong>AYNI NOKTADA YA\u015eANAN KAZADA 3 K\u0130\u015e\u0130 YARALANDI, MOTOS\u0130KLET D\u0130K DURUMDA KALDI<\/strong><\/p>\n<p>Talatpa\u015fa Caddesi \u00fczerinde ilk kazadan iki g\u00fcn sonra ba\u015fka bir kaza meydana geldi. Kar\u015f\u0131l\u0131kl\u0131 y\u00f6nlerden gelen 2 motosiklet kafa kafa \u00e7arp\u0131\u015ft\u0131. \u00c7arpman\u0131n etkisiyle motosikletlerden biri park halindeki kamyonetin kap\u0131s\u0131nda dik konumda kald\u0131. Kazada 3 ki\u015fi yaralan\u0131rken, ihbar \u00fczerine olay yerine polis ve sa\u011fl\u0131k ekipleri geldi. Sa\u011fl\u0131k ekipleri yaral\u0131lar\u0131 hastaneye kald\u0131r\u0131rken, trafik ise kontroll\u00fc sa\u011fland\u0131. Ara\u00e7lar\u0131n olay yerinden kald\u0131r\u0131lmas\u0131n\u0131n ard\u0131ndan trafik de normale d\u00f6nd\u00fc.<\/p>\n<div>\n<div><img decoding=\"async\" src=\"https:\/\/kamucalisani.net\/wp-content\/uploads\/2025\/05\/istanbulda-korkunc-kaza-kalp-krizi-geciren-surucu-oldu-carptigi-kadinin-bacagi-koptu-0-FFzWwp2N.jpg\"\/><\/img><\/div>\n<\/div>\n<p><strong>KURYEYE \u00c7ARPIP KA\u00c7TI, A\u0130LES\u0130YLE GER\u0130 D\u00d6ND\u00dc<\/strong><\/p>\n<p>G\u00fcltepe\u2019de \u00f6nceki ak\u015fam bir sokakta ya\u015fanan di\u011fer bir kazada ise sipari\u015f g\u00f6t\u00fcrmek i\u00e7in seyreden motosikletli kuryeye bir otomobil \u00e7arp\u0131p ka\u00e7t\u0131. Yaral\u0131 kurye ambulansla hastaneye kald\u0131r\u0131l\u0131rken, ka\u00e7an s\u00fcr\u00fcc\u00fc ailesiyle birlikte olay yerine geri d\u00f6nd\u00fc. Polis taraf\u0131ndan g\u00f6zalt\u0131na al\u0131nan s\u00fcr\u00fcc\u00fc emniyete g\u00f6t\u00fcr\u00fcld\u00fc.<\/p>\n\n<p><\/p>\n<p>Kaynak :\u00a0<span style=\"background-color: rgb(255, 249, 236); color: rgb(55, 58, 60); font-size: 14px;\">http:\/\/www.milliyet.com.tr\/gundem\/istanbulda-korkunc-kaza-kalp-krizi-geciren-surucu-oldu-carptigi-kadinin-bacagi-koptu-7159134<\/span><\/p>\n","protected":false},"excerpt":{"rendered":"<p>Ka\u011f\u0131thane&#8217;de seyir halindeyken kalp krizi ge\u00e7iren 53 ya\u015f\u0131ndaki s\u00fcr\u00fcc\u00fc, pazara giden 65 ya\u015f\u0131ndaki kad\u0131na \u00e7arpt\u0131. S\u00fcr\u00fcklenerek iki arac\u0131n aras\u0131nda kalan kad\u0131n\u0131n baca\u011f\u0131 koptu. S\u00fcr\u00fcc\u00fc hayat\u0131n\u0131 kaybederken, kad\u0131n ise hastaneye kald\u0131rd\u0131, Ayn\u0131 noktada ya\u015fanan bir kazada ise iki motosikletlinin \u00e7arp\u0131\u015fmas\u0131 sonucu 3 ki\u015fi yaraland\u0131.<\/p>\n","protected":false},"author":1,"featured_media":116163,"comment_status":"open","ping_status":"open","sticky":false,"template":"","format":"standard","meta":{"footnotes":""},"categories":[3],"tags":[5568,2932],"class_list":["post-116162","post","type-post","status-publish","format-standard","has-post-thumbnail","hentry","category-guncel","tag-kaldi","tag-kazada"],"_links":{"self":[{"href":"https:\/\/kamucalisani.net\/index.php\/wp-json\/wp\/v2\/posts\/116162","targetHints":{"allow":["GET"]}}],"collection":[{"href":"https:\/\/kamucalisani.net\/index.php\/wp-json\/wp\/v2\/posts"}],"about":[{"href":"https:\/\/kamucalisani.net\/index.php\/wp-json\/wp\/v2\/types\/post"}],"author":[{"embeddable":true,"href":"https:\/\/kamucalisani.net\/index.php\/wp-json\/wp\/v2\/users\/1"}],"replies":[{"embeddable":true,"href":"https:\/\/kamucalisani.net\/index.php\/wp-json\/wp\/v2\/comments?post=116162"}],"version-history":[{"count":1,"href":"https:\/\/kamucalisani.net\/index.php\/wp-json\/wp\/v2\/posts\/116162\/revisions"}],"predecessor-version":[{"id":116165,"href":"https:\/\/kamucalisani.net\/index.php\/wp-json\/wp\/v2\/posts\/116162\/revisions\/116165"}],"wp:featuredmedia":[{"embeddable":true,"href":"https:\/\/kamucalisani.net\/index.php\/wp-json\/wp\/v2\/media\/116163"}],"wp:attachment":[{"href":"https:\/\/kamucalisani.net\/index.php\/wp-json\/wp\/v2\/media?parent=116162"}],"wp:term":[{"taxonomy":"category","embeddable":true,"href":"https:\/\/kamucalisani.net\/index.php\/wp-json\/wp\/v2\/categories?post=116162"},{"taxonomy":"post_tag","embeddable":true,"href":"https:\/\/kamucalisani.net\/index.php\/wp-json\/wp\/v2\/tags?post=116162"}],"curies":[{"name":"wp","href":"https:\/\/api.w.org\/{rel}","templated":true}]}}