{"id":116333,"date":"2025-05-23T14:36:09","date_gmt":"2025-05-23T14:36:09","guid":{"rendered":"https:\/\/kamucalisani.net\/?p=116333"},"modified":"2025-05-23T14:36:09","modified_gmt":"2025-05-23T14:36:09","slug":"degerli-sanilarak-avlaniyor-maddi-karsiligi-yok-100-bin-lira-cezasi-var","status":"publish","type":"post","link":"https:\/\/kamucalisani.net\/index.php\/2025\/05\/23\/degerli-sanilarak-avlaniyor-maddi-karsiligi-yok-100-bin-lira-cezasi-var\/","title":{"rendered":"De\u011ferli san\u0131larak avlan\u0131yor! Maddi kar\u015f\u0131l\u0131\u011f\u0131 yok, 100 bin lira cezas\u0131 var"},"content":{"rendered":"<p><p>Bing\u00f6l\u2019de 7\u2019nci s\u0131n\u0131f \u00f6\u011frencisi Selman Karatoprak, ailesiyle tatil i\u00e7in gitti\u011fi merkeze ba\u011fl\u0131 A\u011fa\u00e7eli k\u00f6y\u00fcnde, kendi a\u011f\u0131rl\u0131\u011f\u0131n\u0131n y\u00fczlerce kat\u0131n\u0131 ta\u015f\u0131yabilen gergedan b\u00f6ce\u011fini buldu. Karatoprak, ilk defa g\u00f6rd\u00fc\u011f\u00fc b\u00f6ce\u011fi bir s\u00fcre \u00e7e\u015fitli yiyeceklerle beslemeye \u00e7al\u0131\u015ft\u0131.<\/p>\n<p>Karatoprak, daha sonra, b\u00f6ce\u011fin foto\u011fraf\u0131n\u0131 \u00e7ekerek, ailesi arac\u0131l\u0131\u011f\u0131yla Bing\u00f6l \u00dcniversitesi Ziraat Fak\u00fcltesi Bitki Koruma B\u00f6l\u00fcm\u00fc Ba\u015fkan\u0131 Dr. \u00d6\u011fretim G\u00f6revlisi Mustafa \u0130l\u00e7in&#8217;e ula\u015ft\u0131rd\u0131.<\/p>\n<p>B\u00f6ce\u011fi ilk kez g\u00f6rd\u00fc\u011f\u00fcn\u00fc belirten Selman Karatoprak, \u201cArkada\u015flar\u0131mla oynad\u0131ktan sonra eve d\u00f6nerken, \u015f\u00f6yle farkl\u0131 bir b\u00f6cek g\u00f6rd\u00fcm. Eve gelip babam\u0131n telefonundan ara\u015ft\u0131rmaya ba\u015flad\u0131m. Ad\u0131n\u0131n gergedan b\u00f6ce\u011fi oldu\u011funu \u00f6\u011frendik. Bu b\u00f6cek kendi a\u011f\u0131rl\u0131\u011f\u0131n\u0131n kat kat fazlas\u0131n\u0131 ta\u015f\u0131yan bir b\u00f6cek t\u00fcr\u00fcym\u00fc\u015f. B\u00f6ce\u011fi yeniden do\u011faya salaca\u011f\u0131m\u201d dedi. B\u00f6cek daha sonra do\u011fal ortam\u0131na b\u0131rak\u0131ld\u0131.<\/p>\n<div>\n<div><img decoding=\"async\" src=\"https:\/\/kamucalisani.net\/wp-content\/uploads\/2025\/05\/degerli-sanilarak-avlaniyor-maddi-karsiligi-yok-100-bin-lira-cezasi-var-0-zq89SV8E.jpg\"\/><\/img><\/div>\n<\/div>\n<p><strong>\u2018G\u00dc\u00c7L\u00dc B\u0130R YAPIYA SAH\u0130P\u2019<\/strong><\/p>\n<p>Dr. \u00d6\u011fretim G\u00f6revlisi Mustafa \u0130l\u00e7in, gergedan b\u00f6ce\u011finin g\u00fc\u00e7l\u00fc bir yap\u0131ya sahip oldu\u011funu belirterek, \u201cHalk aras\u0131nda gergedan b\u00f6ce\u011fi olarak bilinen bir t\u00fcr olup, olduk\u00e7a spesifik bir yap\u0131ya sahiptir. Erkek b\u00f6ceklerde boynuzumsu bir yap\u0131s\u0131 vard\u0131r. Di\u015fileri ise boynuzsuz bir yap\u0131ya sahiptir. Genel itibariyle 20-60 milimetre aras\u0131nda uzunluklar\u0131 vard\u0131r.<\/p>\n<p>Gergedan b\u00f6ce\u011fimiz, kendi boyutunun 850 kat\u0131ndan daha fazla y\u00fck kald\u0131rabilme potansiyeline sahiptir. Olduk\u00e7a g\u00fc\u00e7l\u00fc bir b\u00f6cektir. Kanat yap\u0131s\u0131 elitrad\u0131r. Elitra kanat yap\u0131s\u0131na sahip olan b\u00f6ceklerin de tabii b\u00f6yle bir g\u00fc\u00e7l\u00fc yap\u0131ya sahip oldu\u011funu da ayr\u0131ca ifade etmek m\u00fcmk\u00fcn\u201d diye konu\u015ftu.<\/p>\n<div>\n<div><img decoding=\"async\" src=\"https:\/\/kamucalisani.net\/wp-content\/uploads\/2025\/05\/degerli-sanilarak-avlaniyor-maddi-karsiligi-yok-100-bin-lira-cezasi-var-1-MvwxkVAf.jpg\"\/><\/img><\/div>\n<\/div>\n<p><strong>\u2018SAYILARININ AZALMASI B\u0130YOLOJ\u0130K \u00c7E\u015e\u0130TL\u0130L\u0130\u011e\u0130M\u0130ZE C\u0130DD\u0130 B\u0130R ZARAR VERMEKTED\u0130R\u2019<\/strong><\/p>\n<p>Ka\u00e7ak avc\u0131lar taraf\u0131ndan de\u011ferli san\u0131larak fazlaca topland\u0131\u011f\u0131 i\u00e7in say\u0131lar\u0131nda azalma oldu\u011funu ifade eden \u0130l\u00e7in, \u015f\u00f6yle konu\u015ftu:<\/p>\n<p>\u201cGergedan b\u00f6ce\u011finin farkl\u0131 \u00fclkelerde \u00f6zellikle ekonomik anlamda bir kullan\u0131\u015f\u0131n\u0131n s\u00f6z konusu oldu\u011funu s\u00f6yleyebiliriz. Ancak T\u00fcrkiye\u2019de maddi bir kar\u015f\u0131l\u0131\u011f\u0131 yoktur. Bu durumun pop\u00fclasyonlar\u0131 a\u00e7\u0131s\u0131ndan, \u00f6zellikle ka\u00e7ak avc\u0131lar noktas\u0131nda ciddi bir tehlike olu\u015fturdu\u011funu s\u00f6ylemek m\u00fcmk\u00fcn. Bu da do\u011fam\u0131za, biyolojik \u00e7e\u015fitlili\u011fimize ciddi bir zarar vermektedir. Tar\u0131msal anlamda bir zarar\u0131 s\u00f6z konusu de\u011fildir. Bing\u00f6l ve \u00e7evresinde bu b\u00f6ce\u011fe rastlamak m\u00fcmk\u00fcn. Ba\u015fta Avrupa, Asya ve Afrika&#8217;n\u0131n kuzey k\u0131s\u0131mlar\u0131nda da yerle\u015fik g\u00f6stermektedir. \u00dclkemizin de bir\u00e7ok b\u00f6lgesinde g\u00f6rebilece\u011fimiz bir b\u00f6cektir. Maalesef pop\u00fclasyonlar\u0131 noktas\u0131nda da ciddi azal\u0131\u015f oldu\u011funu da ifade etmek m\u00fcmk\u00fcn. Bundan mutlaka ka\u00e7\u0131nmak gerekmektedir. Ka\u00e7ak avc\u0131lar taraf\u0131ndan maddi de\u011ferlerinin oldu\u011fu san\u0131l\u0131p fazlaca topland\u0131\u011f\u0131ndan, say\u0131lar\u0131 gittik\u00e7e azalmaktad\u0131r. \u0130dari birimlerce 100 bin liraya kadar cezas\u0131 vard\u0131r.\u201d<\/p>\n\n<p><\/p>\n<p>Kaynak :\u00a0<span style=\"background-color: rgb(255, 249, 236); color: rgb(55, 58, 60); font-size: 14px;\">http:\/\/www.milliyet.com.tr\/gundem\/degerli-sanilarak-avlaniyor-maddi-karsiligi-yok-100-bin-lira-cezasi-var-7159172<\/span><\/p>\n","protected":false},"excerpt":{"rendered":"<p>Gergedan b\u00f6ce\u011finin \u00e7ok de\u011ferli san\u0131ld\u0131\u011f\u0131n\u0131 ve bu y\u00fczden ka\u00e7ak olarak avland\u0131\u011f\u0131n\u0131 belirten Dr. \u00d6\u011fretim G\u00f6revlisi Mustafa \u0130l\u00e7in, vatanda\u015flara \u00e7a\u011fr\u0131da bulundu.<\/p>\n","protected":false},"author":1,"featured_media":116334,"comment_status":"open","ping_status":"open","sticky":false,"template":"","format":"standard","meta":{"footnotes":""},"categories":[3],"tags":[5127,7735],"class_list":["post-116333","post","type-post","status-publish","format-standard","has-post-thumbnail","hentry","category-guncel","tag-bocek","tag-gergedan-bocegi"],"_links":{"self":[{"href":"https:\/\/kamucalisani.net\/index.php\/wp-json\/wp\/v2\/posts\/116333","targetHints":{"allow":["GET"]}}],"collection":[{"href":"https:\/\/kamucalisani.net\/index.php\/wp-json\/wp\/v2\/posts"}],"about":[{"href":"https:\/\/kamucalisani.net\/index.php\/wp-json\/wp\/v2\/types\/post"}],"author":[{"embeddable":true,"href":"https:\/\/kamucalisani.net\/index.php\/wp-json\/wp\/v2\/users\/1"}],"replies":[{"embeddable":true,"href":"https:\/\/kamucalisani.net\/index.php\/wp-json\/wp\/v2\/comments?post=116333"}],"version-history":[{"count":1,"href":"https:\/\/kamucalisani.net\/index.php\/wp-json\/wp\/v2\/posts\/116333\/revisions"}],"predecessor-version":[{"id":116337,"href":"https:\/\/kamucalisani.net\/index.php\/wp-json\/wp\/v2\/posts\/116333\/revisions\/116337"}],"wp:featuredmedia":[{"embeddable":true,"href":"https:\/\/kamucalisani.net\/index.php\/wp-json\/wp\/v2\/media\/116334"}],"wp:attachment":[{"href":"https:\/\/kamucalisani.net\/index.php\/wp-json\/wp\/v2\/media?parent=116333"}],"wp:term":[{"taxonomy":"category","embeddable":true,"href":"https:\/\/kamucalisani.net\/index.php\/wp-json\/wp\/v2\/categories?post=116333"},{"taxonomy":"post_tag","embeddable":true,"href":"https:\/\/kamucalisani.net\/index.php\/wp-json\/wp\/v2\/tags?post=116333"}],"curies":[{"name":"wp","href":"https:\/\/api.w.org\/{rel}","templated":true}]}}