{"id":116682,"date":"2025-05-24T05:48:21","date_gmt":"2025-05-24T05:48:21","guid":{"rendered":"https:\/\/kamucalisani.net\/?p=116682"},"modified":"2025-05-24T05:48:21","modified_gmt":"2025-05-24T05:48:21","slug":"gaziantepten-kan-davasi-nedeniyle-kacmislardi-izmirde-oldurulduler","status":"publish","type":"post","link":"https:\/\/kamucalisani.net\/index.php\/2025\/05\/24\/gaziantepten-kan-davasi-nedeniyle-kacmislardi-izmirde-oldurulduler\/","title":{"rendered":"Gaziantep&#8217;ten kan davas\u0131 nedeniyle ka\u00e7m\u0131\u015flard\u0131! \u0130zmir&#8217;de \u00f6ld\u00fcr\u00fcld\u00fcler"},"content":{"rendered":"<p><p>Olay, sabah saatlerinde Menemen il\u00e7esi \u0130ncirli P\u0131nar Mahallesi&#8217;nde meydana gelmi\u015fti. \u0130ddiaya g\u00f6re, Ali G\u00fcrb\u00fcz (53) ve D\u00f6ne G\u00fcrb\u00fcz (61) \u00e7ifti bir s\u00fcre \u00f6nce k\u0131zlar\u0131 M.G.&#8217;yi Okan Demir ile evlendirdi. Zaman i\u00e7erisinde M.D. ve Okan Demir aras\u0131nda \u00e7\u0131kan tart\u0131\u015fma sonras\u0131 M.D. baba evine d\u00f6nd\u00fc. M.D.&#8217;nin erkek karde\u015fi Alican G\u00fcrb\u00fcz ise \u00e7\u0131kan tart\u0131\u015fmada eni\u015ftesi Okan Demir&#8217;i tabancayla vurarak \u00f6ld\u00fcrd\u00fc. Alican G\u00fcrb\u00fcz, \u00e7\u0131kar\u0131ld\u0131\u011f\u0131 mahkemece tutukland\u0131.<\/p>\n<p><strong>SOKAK ORTASINDA C\u0130NAYETE KURBAN G\u0130TM\u0130\u015eLERD\u0130<\/strong><\/p>\n<p>Ya\u015fanan cinayetin ard\u0131ndan M.D. ile anne ve babas\u0131 ge\u00e7en y\u0131l \u0130zmir&#8217;in Menemen il\u00e7esine ta\u015f\u0131nd\u0131. Erkek taraf\u0131 ise ya\u015fanan cinayetin ard\u0131ndan ailenin pe\u015fine d\u00fc\u015ft\u00fc. Bug\u00fcn sabah saatlerinde kimlikleri hen\u00fcz belirlenemeyen ve 2 ki\u015fi olduklar\u0131 de\u011ferlendirilen eski damatlar\u0131n\u0131n yak\u0131nlar\u0131, ald\u0131klar\u0131 simitlerle evlerine d\u00f6nmekte olan Ali ve D\u00f6ne G\u00fcrb\u00fcz \u00e7iftine tabancayla defalarca ate\u015f etti. \u00c7ift, olay yerinde hayat\u0131n\u0131 kaybederken, sald\u0131rganlar ise h\u0131zla ka\u00e7t\u0131.<\/p>\n<p><strong>\u015e\u00dcPHEL\u0130LER, \u00d6LD\u00dcR\u00dcLEN DAMADIN KARDE\u015e\u0130 VE KUZEN\u0130 \u00c7IKTI<\/strong><\/p>\n<p>\u00c7iftin cenazesi savc\u0131n\u0131n ve olay yeri inceleme ekiplerinin incelemelerinin ard\u0131ndan \u0130zmir Adli T\u0131p Kurumu morguna kald\u0131r\u0131l\u0131rken, adrese gelen Menemen \u0130l\u00e7e Emniyet M\u00fcd\u00fcr\u00fc G\u00fcrcan Alev b\u00f6lgede incelemelerde bulunmu\u015ftu. Yap\u0131lan \u00e7al\u0131\u015fmalar sonucunda \u015f\u00fcpheliler, G\u00fcrb\u00fcz \u00e7iftinin o\u011flu Alican G\u00fcrb\u00fcz taraf\u0131ndan \u00f6ld\u00fcr\u00fclen Okan Demir\u2019in karde\u015fi C.D. (30) ve kuzeni C.D. (39) \u00e7\u0131kt\u0131.<\/p>\n<div>\n<div><img decoding=\"async\" src=\"https:\/\/kamucalisani.net\/wp-content\/uploads\/2025\/05\/gaziantepten-kan-davasi-nedeniyle-kacmislardi-izmirde-oldurulduler-0-DdagXNKY.jpg\"\/><\/img><\/div>\n<\/div>\n<p>\u015e\u00fcpheliler, Menemen \u0130l\u00e7e Emniyet M\u00fcd\u00fcrl\u00fc\u011f\u00fc Asayi\u015f B\u00fcro Amirli\u011fi ve \u0130zmir Emniyet M\u00fcd\u00fcrl\u00fc\u011f\u00fc Asayi\u015f \u015eube M\u00fcd\u00fcrl\u00fc\u011f\u00fc Cinayet B\u00fcro Amirli\u011fi ekiplerince, ka\u00e7t\u0131klar\u0131 \u00c7i\u011fli il\u00e7esinde su\u00e7 aleti tabancalar ile birlikte bir evde yakaland\u0131. G\u00f6zalt\u0131na al\u0131nan \u015f\u00fcphelilerin Menemen \u0130l\u00e7e Emniyet M\u00fcd\u00fcrl\u00fc\u011f\u00fcne g\u00f6t\u00fcr\u00fcld\u00fc\u011f\u00fc ve burada ifadelerinin al\u0131naca\u011f\u0131 belirtildi.\u00a0 Olaydan sonra G\u00fcrb\u00fcz \u00e7iftinin 1,5 y\u0131l \u00f6nce Gaziantep&#8217;ten \u0130zmir&#8217;e yerle\u015ftikleri belirtildi.<\/p>\n<p>Olayla ilgili ba\u015flat\u0131lan soru\u015fturman\u0131n s\u00fcrd\u00fc\u011f\u00fc \u00f6\u011frenildi.<\/p>\n\n<p><\/p>\n<p>Kaynak :\u00a0<span style=\"background-color: rgb(255, 249, 236); color: rgb(55, 58, 60); font-size: 14px;\">http:\/\/www.milliyet.com.tr\/gundem\/gaziantepten-kan-davasi-nedeniyle-kacmislardi-izmirde-oldurulduler-7159271<\/span><\/p>\n","protected":false},"excerpt":{"rendered":"<p>\u0130zmir&#8217;in Menemen il\u00e7esine k\u0131zlar\u0131yla birlikte 1 y\u0131l \u00f6nce ta\u015f\u0131nan Ali ve D\u00f6ne G\u00fcrb\u00fcz \u00e7ifti, ald\u0131klar\u0131 simitlerle evlerine d\u00f6nerken aralar\u0131nda husumet bulunan eski damatlar\u0131n\u0131n yak\u0131nlar\u0131 taraf\u0131ndan tabancayla \u00f6ld\u00fcr\u00fclm\u00fc\u015flerdi. Kan donduran detaylar ortaya \u00e7\u0131kt\u0131.<\/p>\n","protected":false},"author":1,"featured_media":116683,"comment_status":"open","ping_status":"open","sticky":false,"template":"","format":"standard","meta":{"footnotes":""},"categories":[3],"tags":[1835,6545,7753,7754,377],"class_list":["post-116682","post","type-post","status-publish","format-standard","has-post-thumbnail","hentry","category-guncel","tag-ali","tag-cifti","tag-gurbuz","tag-menemen-ilce","tag-olay"],"_links":{"self":[{"href":"https:\/\/kamucalisani.net\/index.php\/wp-json\/wp\/v2\/posts\/116682","targetHints":{"allow":["GET"]}}],"collection":[{"href":"https:\/\/kamucalisani.net\/index.php\/wp-json\/wp\/v2\/posts"}],"about":[{"href":"https:\/\/kamucalisani.net\/index.php\/wp-json\/wp\/v2\/types\/post"}],"author":[{"embeddable":true,"href":"https:\/\/kamucalisani.net\/index.php\/wp-json\/wp\/v2\/users\/1"}],"replies":[{"embeddable":true,"href":"https:\/\/kamucalisani.net\/index.php\/wp-json\/wp\/v2\/comments?post=116682"}],"version-history":[{"count":1,"href":"https:\/\/kamucalisani.net\/index.php\/wp-json\/wp\/v2\/posts\/116682\/revisions"}],"predecessor-version":[{"id":116685,"href":"https:\/\/kamucalisani.net\/index.php\/wp-json\/wp\/v2\/posts\/116682\/revisions\/116685"}],"wp:featuredmedia":[{"embeddable":true,"href":"https:\/\/kamucalisani.net\/index.php\/wp-json\/wp\/v2\/media\/116683"}],"wp:attachment":[{"href":"https:\/\/kamucalisani.net\/index.php\/wp-json\/wp\/v2\/media?parent=116682"}],"wp:term":[{"taxonomy":"category","embeddable":true,"href":"https:\/\/kamucalisani.net\/index.php\/wp-json\/wp\/v2\/categories?post=116682"},{"taxonomy":"post_tag","embeddable":true,"href":"https:\/\/kamucalisani.net\/index.php\/wp-json\/wp\/v2\/tags?post=116682"}],"curies":[{"name":"wp","href":"https:\/\/api.w.org\/{rel}","templated":true}]}}