{"id":116730,"date":"2025-05-24T08:12:17","date_gmt":"2025-05-24T08:12:17","guid":{"rendered":"https:\/\/kamucalisani.net\/?p=116730"},"modified":"2025-05-24T08:12:17","modified_gmt":"2025-05-24T08:12:17","slug":"zenit-baskani-medvedevden-wendel-cevabi-galatasaray-iddialarini-yanitladi","status":"publish","type":"post","link":"https:\/\/kamucalisani.net\/index.php\/2025\/05\/24\/zenit-baskani-medvedevden-wendel-cevabi-galatasaray-iddialarini-yanitladi\/","title":{"rendered":"Zenit Ba\u015fkan\u0131 Medvedev&#8217;den Wendel cevab\u0131! Galatasaray iddialar\u0131n\u0131 yan\u0131tlad\u0131"},"content":{"rendered":"<p><p>Rusya temsilcisi Zenit&#8217;te ba\u015fkan Alexander Medvedev suskunlu\u011funu bozdu. Galatasaray&#8217;\u0131n 20 milyon euroluk teklifte bulundu\u011fu Brezilyal\u0131 orta saha Wendel i\u00e7in dikkat \u00e7eken ifadeler kulland\u0131.<\/p>\n<p>Galatasaray&#8217;la anla\u015fmad\u0131klar\u0131n\u0131 belirten Alexander Medvedev, &#8220;Wendel&#8217;in Galatasaray ile anla\u015fmaya vard\u0131\u011f\u0131 iddialar\u0131 do\u011fru de\u011fil. Wendel, Zenit&#8217;in oyuncusu&#8221; dedi.<\/p>\n<p>26 ya\u015f\u0131ndaki orta saha, Zenit&#8217;in Rusya Premier Ligi&#8217;nde oynad\u0131\u011f\u0131 sezonun ilk ma\u00e7\u0131na 11&#8217;de ba\u015flam\u0131\u015ft\u0131. Wendel, Zenit&#8217;in 4-0 kazand\u0131\u011f\u0131 m\u00fcsabakada yapt\u0131\u011f\u0131 2 asistle galibiyette \u00f6nemli rol \u00fcstlenmi\u015fti.<\/p>\n<div>\n<div><img decoding=\"async\" src=\"https:\/\/kamucalisani.net\/wp-content\/uploads\/2025\/05\/zenit-baskani-medvedevden-wendel-cevabi-galatasaray-iddialarini-yanitladi-0-QlrJeyZg.jpg\"\/><\/img><\/div>\n<\/div>\n<p>Wendel&#8217;in Zenit ile olan s\u00f6zle\u015fmesi 30 Haziran 2027&#8217;de sona erecek. Brezilyal\u0131 orta saha oyuncusunun g\u00fcncel piyasa de\u011feri 20 milyon euro.<\/p>\n<p>Fluminense altyap\u0131s\u0131nda yeti\u015fen Wendel, 2017-2018 sezonu devre aras\u0131nda 7 milyon 500 bin euro kar\u015f\u0131l\u0131\u011f\u0131nda Sporting Lizbon&#8217;un yolunu tuttu. Zenit, 2020-2021 sezonu ba\u015f\u0131nda Brezilyal\u0131 orta saha i\u00e7in 20 milyon 300 bin euro bonservis bedeli \u00f6dedi.<\/p>\n\n<p><\/p>\n<p>Kaynak :\u00a0<span style=\"background-color: rgb(255, 249, 236); color: rgb(55, 58, 60); font-size: 14px;\">http:\/\/www.milliyet.com.tr\/skorer\/zenit-baskani-medvedevden-wendel-cevabi-galatasaray-iddialarini-yanitladi-7159283<\/span><\/p>\n","protected":false},"excerpt":{"rendered":"<p>Zenit Ba\u015fkan\u0131 Alexander Medvedev, Brezilyal\u0131 orta saha Wendel&#8217;in Galatasaray&#8217;la an\u0131lmas\u0131na dair konu\u015ftu.<\/p>\n","protected":false},"author":1,"featured_media":116731,"comment_status":"open","ping_status":"open","sticky":false,"template":"","format":"standard","meta":{"footnotes":""},"categories":[7],"tags":[7757,6873],"class_list":["post-116730","post","type-post","status-publish","format-standard","has-post-thumbnail","hentry","category-spor","tag-wendel","tag-zenit"],"_links":{"self":[{"href":"https:\/\/kamucalisani.net\/index.php\/wp-json\/wp\/v2\/posts\/116730","targetHints":{"allow":["GET"]}}],"collection":[{"href":"https:\/\/kamucalisani.net\/index.php\/wp-json\/wp\/v2\/posts"}],"about":[{"href":"https:\/\/kamucalisani.net\/index.php\/wp-json\/wp\/v2\/types\/post"}],"author":[{"embeddable":true,"href":"https:\/\/kamucalisani.net\/index.php\/wp-json\/wp\/v2\/users\/1"}],"replies":[{"embeddable":true,"href":"https:\/\/kamucalisani.net\/index.php\/wp-json\/wp\/v2\/comments?post=116730"}],"version-history":[{"count":1,"href":"https:\/\/kamucalisani.net\/index.php\/wp-json\/wp\/v2\/posts\/116730\/revisions"}],"predecessor-version":[{"id":116733,"href":"https:\/\/kamucalisani.net\/index.php\/wp-json\/wp\/v2\/posts\/116730\/revisions\/116733"}],"wp:featuredmedia":[{"embeddable":true,"href":"https:\/\/kamucalisani.net\/index.php\/wp-json\/wp\/v2\/media\/116731"}],"wp:attachment":[{"href":"https:\/\/kamucalisani.net\/index.php\/wp-json\/wp\/v2\/media?parent=116730"}],"wp:term":[{"taxonomy":"category","embeddable":true,"href":"https:\/\/kamucalisani.net\/index.php\/wp-json\/wp\/v2\/categories?post=116730"},{"taxonomy":"post_tag","embeddable":true,"href":"https:\/\/kamucalisani.net\/index.php\/wp-json\/wp\/v2\/tags?post=116730"}],"curies":[{"name":"wp","href":"https:\/\/api.w.org\/{rel}","templated":true}]}}