{"id":117594,"date":"2025-05-26T01:00:09","date_gmt":"2025-05-26T01:00:09","guid":{"rendered":"https:\/\/kamucalisani.net\/?p=117594"},"modified":"2025-05-26T01:00:09","modified_gmt":"2025-05-26T01:00:09","slug":"evini-atese-verdi-yakmak-istedim-yaktim-dedi","status":"publish","type":"post","link":"https:\/\/kamucalisani.net\/index.php\/2025\/05\/26\/evini-atese-verdi-yakmak-istedim-yaktim-dedi\/","title":{"rendered":"Evini ate\u015fe verdi, &#8216;Yakmak istedim, yakt\u0131m&#8217; dedi"},"content":{"rendered":"<p><p>Olay, merkez Osmangazi il\u00e7esi Ba\u011flarba\u015f\u0131 Mahallesi&#8217;nde meydana geldi. \u0130ddiaya g\u00f6re, ailesiyle sorun ya\u015fayan Filiz \u015e., evde tart\u0131\u015fma ya\u015fad\u0131.<\/p>\n<p>Sinir krizine giren Filiz \u015e., ya\u015fad\u0131\u011f\u0131 tart\u0131\u015fma sonras\u0131 herkes uyurken gece vakti bulundu\u011fu 4 katl\u0131 binan\u0131n giri\u015f kat\u0131n\u0131 ate\u015fe verdi. \u00c7\u0131kan dumanlar \u00fczerine kom\u015fular panik i\u00e7inde binay\u0131 bo\u015falt\u0131rken, 112 ekiplerini aray\u0131p bilgi verdi.<\/p>\n<p>\u0130hbar \u00fczerine b\u00f6lgeye gelen itfaiye ekipleri, alevleri k\u0131sa s\u00fcrede s\u00f6nd\u00fcrd\u00fc. Facian\u0131n \u00f6n\u00fcne ge\u00e7en itfaiye, dairede s\u00f6nd\u00fcrme \u00e7al\u0131\u015fmalar\u0131n\u0131 tamamlarken, polis ise \u015f\u00fcpheli kad\u0131n\u0131 almak i\u00e7in u\u011fra\u015ft\u0131.<\/p>\n<div>\n<div><img decoding=\"async\" src=\"https:\/\/kamucalisani.net\/wp-content\/uploads\/2025\/05\/evini-atese-verdi-yakmak-istedim-yaktim-dedi-0-3GKSUVUF.jpg\"\/><\/img><\/div>\n<\/div>\n<p>Polisin &#8216;Evi neden yakt\u0131n?&#8217; sorusuna Filiz \u015e.&#8217;nin cevab\u0131 \u201cYakmak istedim, yakt\u0131m\u201d oldu.<\/p>\n<p>Olayla ilgili \u00e7al\u0131\u015fma ba\u015flat\u0131rken, mahallenin panik ya\u015fad\u0131\u011f\u0131 anlar kameraya anbean yans\u0131d\u0131.<\/p>\n\n<p><\/p>\n<p>Kaynak :\u00a0<span style=\"background-color: rgb(255, 249, 236); color: rgb(55, 58, 60); font-size: 14px;\">http:\/\/www.milliyet.com.tr\/gundem\/evini-atese-verdi-yakmak-istedim-yaktim-dedi-7159450<\/span><\/p>\n","protected":false},"excerpt":{"rendered":"<p>Bursa&#8217;n\u0131n Osmangazi il\u00e7esinde bir kad\u0131n, ailevi nedenlerini \u00f6ne s\u00fcrerek 4 katl\u0131 binan\u0131n giri\u015f kat\u0131nda oturdu\u011fu evi ate\u015fe verdi.<\/p>\n","protected":false},"author":1,"featured_media":117595,"comment_status":"open","ping_status":"open","sticky":false,"template":"","format":"standard","meta":{"footnotes":""},"categories":[3],"tags":[],"class_list":["post-117594","post","type-post","status-publish","format-standard","has-post-thumbnail","hentry","category-guncel"],"_links":{"self":[{"href":"https:\/\/kamucalisani.net\/index.php\/wp-json\/wp\/v2\/posts\/117594","targetHints":{"allow":["GET"]}}],"collection":[{"href":"https:\/\/kamucalisani.net\/index.php\/wp-json\/wp\/v2\/posts"}],"about":[{"href":"https:\/\/kamucalisani.net\/index.php\/wp-json\/wp\/v2\/types\/post"}],"author":[{"embeddable":true,"href":"https:\/\/kamucalisani.net\/index.php\/wp-json\/wp\/v2\/users\/1"}],"replies":[{"embeddable":true,"href":"https:\/\/kamucalisani.net\/index.php\/wp-json\/wp\/v2\/comments?post=117594"}],"version-history":[{"count":1,"href":"https:\/\/kamucalisani.net\/index.php\/wp-json\/wp\/v2\/posts\/117594\/revisions"}],"predecessor-version":[{"id":117597,"href":"https:\/\/kamucalisani.net\/index.php\/wp-json\/wp\/v2\/posts\/117594\/revisions\/117597"}],"wp:featuredmedia":[{"embeddable":true,"href":"https:\/\/kamucalisani.net\/index.php\/wp-json\/wp\/v2\/media\/117595"}],"wp:attachment":[{"href":"https:\/\/kamucalisani.net\/index.php\/wp-json\/wp\/v2\/media?parent=117594"}],"wp:term":[{"taxonomy":"category","embeddable":true,"href":"https:\/\/kamucalisani.net\/index.php\/wp-json\/wp\/v2\/categories?post=117594"},{"taxonomy":"post_tag","embeddable":true,"href":"https:\/\/kamucalisani.net\/index.php\/wp-json\/wp\/v2\/tags?post=117594"}],"curies":[{"name":"wp","href":"https:\/\/api.w.org\/{rel}","templated":true}]}}