{"id":118095,"date":"2025-05-27T00:36:17","date_gmt":"2025-05-27T00:36:17","guid":{"rendered":"https:\/\/kamucalisani.net\/?p=118095"},"modified":"2025-05-27T00:36:17","modified_gmt":"2025-05-27T00:36:17","slug":"son-dakika-fenerbahcenin-avrupadaki-muhtemel-rakibi-belli-oldu-basaksehir-ve-trabzonspor-icin-kura-cekimi","status":"publish","type":"post","link":"https:\/\/kamucalisani.net\/index.php\/2025\/05\/27\/son-dakika-fenerbahcenin-avrupadaki-muhtemel-rakibi-belli-oldu-basaksehir-ve-trabzonspor-icin-kura-cekimi\/","title":{"rendered":"SON DAK\u0130KA | Fenerbah\u00e7e&#8217;nin Avrupa&#8217;daki muhtemel rakibi belli oldu! Ba\u015fak\u015fehir ve Trabzonspor i\u00e7in kura \u00e7ekimi"},"content":{"rendered":"<p><p>Bu sene Galatasaray, Fenerbah\u00e7e, Ba\u015fak\u015fehir, Trabzonspor, Be\u015fikta\u015f&#8217;\u0131n Avrupa maceras\u0131 ba\u015flamak \u00fczere. 3 T\u00fcrk tak\u0131m\u0131n\u0131n 2024-2025 sezonunda kar\u015f\u0131la\u015faca\u011f\u0131 muhtemel rakipler belli oluyor.\u00a0Lugano&#8217;yu elemesi halinde Fenerbah\u00e7e&#8217;nin 3. turdaki rakibi belli oldu.<\/p>\n<section>\n<div>\n<div><img decoding=\"async\" src=\"https:\/\/kamucalisani.net\/wp-content\/uploads\/2025\/05\/son-dakika-fenerbahcenin-avrupadaki-muhtemel-rakibi-belli-oldu-basaksehir-ve-trabzonspor-icin-kura-3kEpetIB.jpg\"\/><\/img><\/p>\n<p>CANLI | <\/p>\n<\/div>\n<div><span>13:02<\/span><span>22 Temmuz 2024<\/span><\/p>\n<div>\u0130\u015eTE FENERBAH\u00c7E&#8217;N\u0130N RAK\u0130B\u0130 LILLE OLDU<\/div>\n<div>\n<p>Lugano&#8217;yu elemesi halinde Fenerbah\u00e7e&#8217;nin 3. turdaki rakibi Lille oldu.<\/p>\n<p><img decoding=\"async\" src=\"https:\/\/kamucalisani.net\/wp-content\/uploads\/2025\/05\/son-dakika-fenerbahcenin-avrupadaki-muhtemel-rakibi-belli-oldu-basaksehir-ve-trabzonspor-icin-kura-sDVNOHhc.jpg\"\/><\/img><\/p>\n<\/div>\n<div>\n<div>\n<div><span><img decoding=\"async\" src=\"https:\/\/kamucalisani.net\/wp-content\/uploads\/2025\/05\/son-dakika-fenerbahcenin-avrupadaki-muhtemel-rakibi-belli-oldu-basaksehir-ve-trabzonspor-icin-kura-aW3nISLl.jpg\"\/><\/img><\/span><\/div>\n<\/div>\n<\/div>\n<\/div>\n<div><span>10:40<\/span><span>22 Temmuz 2024<\/span><\/p>\n<div>GALATASARAY VE BE\u015e\u0130KTA\u015e 5 A\u011eUSTOS\u2019U BEKL\u0130YOR<\/div>\n<div>\n<p>UEFA organizasyonlar\u0131nda T\u00fcrkiye\u2019yi temsil eden di\u011fer tak\u0131mlardan Galatasaray Avrupa maceras\u0131na \u015eampiyonlar Ligi play-off turundan ba\u015flayacak.<\/p>\n<p>Be\u015fikta\u015f da Avrupa Ligi\u2019ne play-off turundan dahil olacak. 5 A\u011fustos Pazartesi g\u00fcn\u00fc yap\u0131lacak kura \u00e7ekiminde Galatasaray ile Be\u015fikta\u015f\u2019\u0131n seriba\u015f\u0131 olup olamayaca\u011f\u0131, tur atlayan tak\u0131mlar\u0131n durumuna g\u00f6re belli olacak.<\/p>\n<\/div>\n<div>\n<div>\n<div><span><img decoding=\"async\" src=\"https:\/\/kamucalisani.net\/wp-content\/uploads\/2025\/05\/son-dakika-fenerbahcenin-avrupadaki-muhtemel-rakibi-belli-oldu-basaksehir-ve-trabzonspor-icin-kura-aW3nISLl.jpg\"\/><\/img><\/span><\/div>\n<\/div>\n<\/div>\n<\/div>\n<div><span>10:40<\/span><span>22 Temmuz 2024<\/span><\/p>\n<div>FENERBAH\u00c7E&#8217;N\u0130N MUHTEMEL RAK\u0130PLER\u0130<\/div>\n<div>\n<p>Fenerbah\u00e7e, Lugano&#8217;yu saf d\u0131\u015f\u0131 b\u0131rakmas\u0131 halinde \u015eampiyonlar Ligi 3. \u00d6n Eleme Turu&#8217;na y\u00fckselecek. Sar\u0131-lacivertli tak\u0131m\u0131n, 3. turdaki muhtemel rakibi ise bug\u00fcn saat 13.00&#8217;te \u00e7ekilecek kuran\u0131n ard\u0131ndan belli olacak.<\/p>\n<p>Lille <br \/>Rangers<br \/>Slavia Prag<br \/>Salzburg<\/p>\n<p><strong>KAYBEDERSE (AVRUPA LiGi):<\/strong><br \/>Ajax<br \/>Rapid Wien<br \/>Molde<br \/>Braga<br \/>Dinamo Kiev<br \/>Partizan<br \/>Sheriff<\/p>\n<p><img decoding=\"async\" src=\"https:\/\/kamucalisani.net\/wp-content\/uploads\/2025\/05\/son-dakika-fenerbahcenin-avrupadaki-muhtemel-rakibi-belli-oldu-basaksehir-ve-trabzonspor-icin-kura-aB7lkph6.jpg\"\/><\/img><\/p>\n<\/div>\n<div>\n<div>\n<div><span><img decoding=\"async\" src=\"https:\/\/kamucalisani.net\/wp-content\/uploads\/2025\/05\/son-dakika-fenerbahcenin-avrupadaki-muhtemel-rakibi-belli-oldu-basaksehir-ve-trabzonspor-icin-kura-aW3nISLl.jpg\"\/><\/img><\/span><\/div>\n<\/div>\n<\/div>\n<\/div>\n<div><span>10:39<\/span><span>22 Temmuz 2024<\/span><\/p>\n<div>BA\u015eAK\u015eEH\u0130R&#8217;\u0130N MUHTEMEL RAK\u0130PLER\u0130 BELL\u0130 OLDU<\/div>\n<div>\n<p>Ba\u015fak\u015fehir&#8217;in La Fiorita&#8217;y\u0131 elemesi halinde, Konferans Ligi 3. \u00f6n eleme turundaki muhtemel rakipleri belli oldu.<\/p>\n<p>St Patrick&#8217;s Athletic \/ Vaduz<br \/>Mlada Boleslav \/ Transinvest<br \/>Iberia 1999 Tbilisi \/ Partizani<br \/>Radnicki 1923 \/ Mornar<br \/>Corvinul 1921 Hunedoara \/ Rijeka<\/p>\n<p><img decoding=\"async\" src=\"https:\/\/kamucalisani.net\/wp-content\/uploads\/2025\/05\/son-dakika-fenerbahcenin-avrupadaki-muhtemel-rakibi-belli-oldu-basaksehir-ve-trabzonspor-icin-kura-SxN1LBmr.jpg\"\/><\/img><\/p>\n<\/div>\n<div>\n<div>\n<div><span><img decoding=\"async\" src=\"https:\/\/kamucalisani.net\/wp-content\/uploads\/2025\/05\/son-dakika-fenerbahcenin-avrupadaki-muhtemel-rakibi-belli-oldu-basaksehir-ve-trabzonspor-icin-kura-aW3nISLl.jpg\"\/><\/img><\/span><\/div>\n<\/div>\n<\/div>\n<\/div>\n<div> <span>10:38<\/span><span>22 Temmuz 2024<\/span><\/p>\n<div>TRABZONSPOR&#8217;UN MUHTEMEL RAK\u0130PLER\u0130<\/div>\n<div>\n<p>Trabzonspor&#8217;un Ruzomberok&#8217;u elemesi halinde, Avrupa Ligi 3. \u00f6n eleme turundaki muhtemel rakipleri belli oldu.<\/p>\n<p>Ajax &#8211; Vojvodina<br \/>Molde &#8211; Silkeborg<br \/>Wisla Krakow &#8211; Rapid Wien<br \/>Dinamo Kiev &#8211; Partizan<\/p>\n<p><img decoding=\"async\" src=\"https:\/\/kamucalisani.net\/wp-content\/uploads\/2025\/05\/son-dakika-fenerbahcenin-avrupadaki-muhtemel-rakibi-belli-oldu-basaksehir-ve-trabzonspor-icin-kura-aXZ6Owwq.jpg\"\/><\/img><\/p>\n<\/div>\n<div>\n<div>\n<div><span><img decoding=\"async\" src=\"https:\/\/kamucalisani.net\/wp-content\/uploads\/2025\/05\/son-dakika-fenerbahcenin-avrupadaki-muhtemel-rakibi-belli-oldu-basaksehir-ve-trabzonspor-icin-kura-aW3nISLl.jpg\"\/><\/img><\/span><\/div>\n<\/div>\n<\/div>\n<\/div>\n<\/div>\n<div>\n<div><img decoding=\"async\" src=\"https:\/\/kamucalisani.net\/wp-content\/uploads\/2025\/05\/son-dakika-fenerbahcenin-avrupadaki-muhtemel-rakibi-belli-oldu-basaksehir-ve-trabzonspor-icin-kura-9HKYTUbG.jpg\"\/><\/img><\/p>\n<p><b>Canl\u0131 Anlat\u0131m \u00d6zeti<\/b><\/p>\n<\/div>\n<ul>\n<li><img decoding=\"async\" src=\"https:\/\/kamucalisani.net\/wp-content\/uploads\/2025\/05\/son-dakika-fenerbahcenin-avrupadaki-muhtemel-rakibi-belli-oldu-basaksehir-ve-trabzonspor-icin-kura-YYSe8iWm.jpg\"\/><\/img>\u0130\u015eTE FENERBAH\u00c7E&#8217;N\u0130N RAK\u0130B\u0130 LILLE OLDU<\/li>\n<li><img decoding=\"async\" src=\"https:\/\/kamucalisani.net\/wp-content\/uploads\/2025\/05\/son-dakika-fenerbahcenin-avrupadaki-muhtemel-rakibi-belli-oldu-basaksehir-ve-trabzonspor-icin-kura-YYSe8iWm.jpg\"\/><\/img>GALATASARAY VE BE\u015e\u0130KTA\u015e 5 A\u011eUSTOS\u2019U BEKL\u0130YOR<\/li>\n<li><img decoding=\"async\" src=\"https:\/\/kamucalisani.net\/wp-content\/uploads\/2025\/05\/son-dakika-fenerbahcenin-avrupadaki-muhtemel-rakibi-belli-oldu-basaksehir-ve-trabzonspor-icin-kura-YYSe8iWm.jpg\"\/><\/img>FENERBAH\u00c7E&#8217;N\u0130N MUHTEMEL RAK\u0130PLER\u0130<\/li>\n<li><img decoding=\"async\" src=\"https:\/\/kamucalisani.net\/wp-content\/uploads\/2025\/05\/son-dakika-fenerbahcenin-avrupadaki-muhtemel-rakibi-belli-oldu-basaksehir-ve-trabzonspor-icin-kura-YYSe8iWm.jpg\"\/><\/img>BA\u015eAK\u015eEH\u0130R&#8217;\u0130N MUHTEMEL RAK\u0130PLER\u0130 BELL\u0130 OLDU<\/li>\n<li><img decoding=\"async\" src=\"https:\/\/kamucalisani.net\/wp-content\/uploads\/2025\/05\/son-dakika-fenerbahcenin-avrupadaki-muhtemel-rakibi-belli-oldu-basaksehir-ve-trabzonspor-icin-kura-YYSe8iWm.jpg\"\/><\/img>TRABZONSPOR&#8217;UN MUHTEMEL RAK\u0130PLER\u0130<\/li>\n<\/ul>\n<\/div>\n<\/section>\n<p><\/p>\n<p>Kaynak :\u00a0<span style=\"background-color: rgb(255, 249, 236); color: rgb(55, 58, 60); font-size: 14px;\">http:\/\/www.milliyet.com.tr\/skorer\/live-fenerbahcenin-avrupadaki-muhtemel-rakibi-belli-oldu-basaksehir-ve-trabzonspor-icin-kura-cekimi-7159503<\/span><\/p>\n","protected":false},"excerpt":{"rendered":"<p>T\u00fcrk tak\u0131mlar\u0131n\u0131n 2024-2025 sezonu Avrupa maceras\u0131 ba\u015flamak \u00fczere. Fenerbah\u00e7e&#8217;nin Avrupa&#8217;daki rakibi belli oldu. Di\u011fer temsilcilerimiz Trabzonspor ve Ba\u015fak\u015fehir&#8217;in de muhtemel rakipleri belli oluyor.<\/p>\n","protected":false},"author":1,"featured_media":118096,"comment_status":"open","ping_status":"open","sticky":false,"template":"","format":"standard","meta":{"footnotes":""},"categories":[7],"tags":[7810,3502,466,7809,1521],"class_list":["post-118095","post","type-post","status-publish","format-standard","has-post-thumbnail","hentry","category-spor","tag-belli","tag-eleme","tag-ligi","tag-muhtemel-rakipleri","tag-tur"],"_links":{"self":[{"href":"https:\/\/kamucalisani.net\/index.php\/wp-json\/wp\/v2\/posts\/118095","targetHints":{"allow":["GET"]}}],"collection":[{"href":"https:\/\/kamucalisani.net\/index.php\/wp-json\/wp\/v2\/posts"}],"about":[{"href":"https:\/\/kamucalisani.net\/index.php\/wp-json\/wp\/v2\/types\/post"}],"author":[{"embeddable":true,"href":"https:\/\/kamucalisani.net\/index.php\/wp-json\/wp\/v2\/users\/1"}],"replies":[{"embeddable":true,"href":"https:\/\/kamucalisani.net\/index.php\/wp-json\/wp\/v2\/comments?post=118095"}],"version-history":[{"count":1,"href":"https:\/\/kamucalisani.net\/index.php\/wp-json\/wp\/v2\/posts\/118095\/revisions"}],"predecessor-version":[{"id":118113,"href":"https:\/\/kamucalisani.net\/index.php\/wp-json\/wp\/v2\/posts\/118095\/revisions\/118113"}],"wp:featuredmedia":[{"embeddable":true,"href":"https:\/\/kamucalisani.net\/index.php\/wp-json\/wp\/v2\/media\/118096"}],"wp:attachment":[{"href":"https:\/\/kamucalisani.net\/index.php\/wp-json\/wp\/v2\/media?parent=118095"}],"wp:term":[{"taxonomy":"category","embeddable":true,"href":"https:\/\/kamucalisani.net\/index.php\/wp-json\/wp\/v2\/categories?post=118095"},{"taxonomy":"post_tag","embeddable":true,"href":"https:\/\/kamucalisani.net\/index.php\/wp-json\/wp\/v2\/tags?post=118095"}],"curies":[{"name":"wp","href":"https:\/\/api.w.org\/{rel}","templated":true}]}}