{"id":118347,"date":"2025-05-27T11:36:08","date_gmt":"2025-05-27T11:36:08","guid":{"rendered":"https:\/\/kamucalisani.net\/?p=118347"},"modified":"2025-05-27T11:36:08","modified_gmt":"2025-05-27T11:36:08","slug":"bakan-uraloglundan-dusuk-internet-hizi-itirafi-birincil-sorumlu-turk-telekomdur","status":"publish","type":"post","link":"https:\/\/kamucalisani.net\/index.php\/2025\/05\/27\/bakan-uraloglundan-dusuk-internet-hizi-itirafi-birincil-sorumlu-turk-telekomdur\/","title":{"rendered":"Bakan Uralo\u011flu\u2019ndan d\u00fc\u015f\u00fck internet h\u0131z\u0131 itiraf\u0131: \u201cBirincil sorumlu T\u00fcrk Telekom\u2019dur\u201d"},"content":{"rendered":"<p><figure> <span> <img decoding=\"async\" src=\"https:\/\/kamucalisani.net\/wp-content\/uploads\/2025\/05\/bakan-uraloglundan-dusuk-internet-hizi-itirafi-birincil-sorumlu-turk-telekomdur-0-nUcKH6WH.jpg\"\/> <\/span> Ula\u015ft\u0131rma ve Altyap\u0131 Bakan\u0131 <strong>Abdulkadir Uralo\u011flu<\/strong>, kat\u0131ld\u0131\u011f\u0131 bir canl\u0131 yay\u0131nda T\u00fcrkiye\u2019nin internet altyap\u0131s\u0131na ve h\u0131z\u0131na dair \u00f6nemli a\u00e7\u0131klamalarda bulundu. T\u00fcrkiye&#8217;deki <strong>internet h\u0131z\u0131n\u0131n<\/strong> istenilen seviyede olmad\u0131\u011f\u0131n\u0131 kabul eden Bakan Uralo\u011flu, bu alandaki sorumlunun <strong>T\u00fcrk Telekom<\/strong> oldu\u011funu belirtti. <\/figure>\n<p><b>Sorumlu T\u00fcrk Telekom<\/b><\/p>\n<p>Bakan Uralo\u011flu, HaberT\u00fcrk yay\u0131n\u0131nda T\u00fcrkiye&#8217;de <strong>600 bin kilometre fiber<\/strong> hatt\u0131n\u0131n oldu\u011funu belirtirken bunun bir k\u0131sm\u0131n\u0131n caddeye kadar, bir k\u0131sm\u0131n\u0131n soka\u011fa kadar bir k\u0131sm\u0131n\u0131n da binaya kadar oldu\u011funu aktard\u0131. T\u00fcrkiye\u2019de bina i\u00e7in hatt\u0131n genellikle bak\u0131r oldu\u011funu ifade eden Uralo\u011flu, \u201c<em>Son kullan\u0131c\u0131n\u0131n T\u00fcrkiye&#8217;deki ortalama h\u0131z\u0131na bakt\u0131\u011f\u0131m\u0131zda istedi\u011fimiz yerde de\u011filiz, \u00e7ok net. Daha iyi yerde olmal\u0131y\u0131z. Biraz daha yapmam\u0131z gereken i\u015f var. Burada kilometreyi <strong>milyonlara yakla\u015ft\u0131rmam\u0131z laz\u0131m<\/strong>. \u015eimdilik 600 bin. 700-800 binlere \u00e7\u0131kt\u0131\u011f\u0131m\u0131zda bir\u00e7ok problemi \u00e7\u00f6zece\u011fiz.\u201d<\/em><\/p>\n<p>Uralo\u011flu, &#8220;<strong>Neden yapt\u0131rm\u0131yorsunuz?<\/strong>&#8221; sorusuna ise \u015f\u00f6yle yan\u0131t verdi: <em>\u201cBu konuda <strong>birincil derecede sorumlu ve yetkili T\u00fcrk Telekom\u2019dur<\/strong>. \u015eirketin 2026 y\u0131l\u0131nda imtiyaz hakk\u0131 yenilenmesi gerekiyor. Mevcut fiber altyap\u0131n\u0131n geli\u015ftirilmesi ve yayg\u0131nla\u015ft\u0131r\u0131lmas\u0131 T\u00fcrk Telekom\u2019un sorumlulu\u011fundad\u0131r.\u201d<\/em><\/p>\n<p><b>Daha fazla yat\u0131r\u0131m, daha az Hazine\u2019ye pay<\/b><\/p>\n<p>\u00d6te yandan Uralo\u011flu, T\u00fcrk Telekom&#8217;un 2026&#8217;da imtiyaz hakk\u0131n\u0131n yenilenmesi gerekti\u011fini ve yeni ihalede de\u011fi\u015fiklikle yap\u0131laca\u011f\u0131n\u0131n alt\u0131n\u0131 \u00e7izdi: <em>\u201cDaha \u00f6nce yapt\u0131\u011f\u0131m\u0131z ihalelerden T\u00fcrk Telekom&#8217;dan Hazine&#8217;ye ne kadar para alaca\u011f\u0131m\u0131zd\u0131. \u015eimdi para almaktan ziyade yat\u0131r\u0131m \u015fart\u0131 koymay\u0131 d\u00fc\u015f\u00fcn\u00fcyoruz. Genel anlamda T\u00fcrk Telekom&#8217;un \u00f6ng\u00f6r\u00fclenleri yapt\u0131\u011f\u0131n\u0131 s\u00f6yleyebilirim. Yeterli mi, yeterli de\u011fil. 2026&#8217;da imtiyaz s\u00f6zle\u015fmesinde <strong>daha \u00e7ok yat\u0131r\u0131m, daha az Hazine&#8217;ye pay<\/strong> <strong>isteyece\u011fiz<\/strong>.\u201d<\/em><\/p>\n<p><b>5G\u2019de 2026\u2019da ilk sinyal al\u0131nacak<\/b><\/p>\n<p><strong>T\u00fcrkiye\u2019nin 4.5G\u2019sinin G\u00fcney Kore\u2019nin 5G\u2019sinden \u201ch\u0131zl\u0131\u201d oldu\u011funu<\/strong> s\u00f6yleyen Uralo\u011flu, \u201c<em>Biz 4,5G&#8217;de yabanc\u0131 ekipman kulland\u0131k. 5G ekipman\u0131n\u0131 daha uygun fiyatla yerlile\u015ftirebildi\u011fimiz kadar\u0131yla ge\u00e7elim. Cumhurba\u015fkan\u0131m\u0131za arz edip, onun talimat\u0131n\u0131 alaca\u011f\u0131z. <strong>2026&#8217;da sinyal<\/strong> almaya ba\u015flar\u0131z diye d\u00fc\u015f\u00fcn\u00fcyoruz.\u201d <\/em>dedi.<\/p>\n\n<p>Kaynak\u00a0 :\u00a0<span style=\"background-color: rgb(255, 249, 236); color: rgb(55, 58, 60); font-size: 14px;\">https:\/\/www.donanimhaber.com\/bakan-uraloglu-ndan-dusuk-internet-hizi-itirafi&#8211;184777<\/span><\/p>\n","protected":false},"excerpt":{"rendered":"<p>Ula\u015ft\u0131rma ve Altyap\u0131 Bakan\u0131 Abdulkadir Uralo\u011flu, kat\u0131ld\u0131\u011f\u0131 bir canl\u0131 yay\u0131nda T\u00fcrkiye\u2019nin internet altyap\u0131s\u0131na ve h\u0131z\u0131na dair \u00f6nemli a\u00e7\u0131klamalarda bulundu. T\u00fcrkiye&#8217;deki internet h\u0131z\u0131n\u0131n istenilen seviyede olmad\u0131\u011f\u0131n\u0131 kabul eden Bakan Uralo\u011flu, bu &#8230;<\/p>\n","protected":false},"author":1,"featured_media":118348,"comment_status":"open","ping_status":"open","sticky":false,"template":"","format":"standard","meta":{"footnotes":""},"categories":[8],"tags":[1524,221,2040,375],"class_list":["post-118347","post","type-post","status-publish","format-standard","has-post-thumbnail","hentry","category-teknoloji","tag-1524","tag-turk","tag-turk-telekom","tag-uraloglu"],"_links":{"self":[{"href":"https:\/\/kamucalisani.net\/index.php\/wp-json\/wp\/v2\/posts\/118347","targetHints":{"allow":["GET"]}}],"collection":[{"href":"https:\/\/kamucalisani.net\/index.php\/wp-json\/wp\/v2\/posts"}],"about":[{"href":"https:\/\/kamucalisani.net\/index.php\/wp-json\/wp\/v2\/types\/post"}],"author":[{"embeddable":true,"href":"https:\/\/kamucalisani.net\/index.php\/wp-json\/wp\/v2\/users\/1"}],"replies":[{"embeddable":true,"href":"https:\/\/kamucalisani.net\/index.php\/wp-json\/wp\/v2\/comments?post=118347"}],"version-history":[{"count":1,"href":"https:\/\/kamucalisani.net\/index.php\/wp-json\/wp\/v2\/posts\/118347\/revisions"}],"predecessor-version":[{"id":118350,"href":"https:\/\/kamucalisani.net\/index.php\/wp-json\/wp\/v2\/posts\/118347\/revisions\/118350"}],"wp:featuredmedia":[{"embeddable":true,"href":"https:\/\/kamucalisani.net\/index.php\/wp-json\/wp\/v2\/media\/118348"}],"wp:attachment":[{"href":"https:\/\/kamucalisani.net\/index.php\/wp-json\/wp\/v2\/media?parent=118347"}],"wp:term":[{"taxonomy":"category","embeddable":true,"href":"https:\/\/kamucalisani.net\/index.php\/wp-json\/wp\/v2\/categories?post=118347"},{"taxonomy":"post_tag","embeddable":true,"href":"https:\/\/kamucalisani.net\/index.php\/wp-json\/wp\/v2\/tags?post=118347"}],"curies":[{"name":"wp","href":"https:\/\/api.w.org\/{rel}","templated":true}]}}