{"id":118623,"date":"2025-05-27T23:36:08","date_gmt":"2025-05-27T23:36:08","guid":{"rendered":"https:\/\/kamucalisani.net\/?p=118623"},"modified":"2025-05-27T23:36:08","modified_gmt":"2025-05-27T23:36:08","slug":"teleferikte-akima-kapilip-olen-hizir-can-ile-ilgili-kahreden-detay","status":"publish","type":"post","link":"https:\/\/kamucalisani.net\/index.php\/2025\/05\/27\/teleferikte-akima-kapilip-olen-hizir-can-ile-ilgili-kahreden-detay\/","title":{"rendered":"Teleferikte ak\u0131ma kap\u0131l\u0131p \u00f6len H\u0131z\u0131r Can ile ilgili kahreden detay!"},"content":{"rendered":"<p><p>Olay, d\u00fcn il\u00e7eye ba\u011fl\u0131 Yenik\u00f6y k\u00f6y\u00fcnde meydana geldi. H\u0131z\u0131r Can Torpil, ara\u00e7 yoluna \u00e7\u0131karmak i\u00e7in \u00e7ay boh\u00e7alar\u0131n\u0131 ilkel teleferi\u011fe yerle\u015ftirirken elektrik ak\u0131m\u0131na kap\u0131ld\u0131.<\/p>\n<p>Torpil&#8217;in \u00e7ay bah\u00e7esinde hareketsiz yatt\u0131\u011f\u0131n\u0131 g\u00f6renler 112 Acil \u00c7a\u011fr\u0131 Merkezi\u2019ne haber verdi. \u0130hbar \u00fczerine b\u00f6lgeye AFAD, jandarma ve sa\u011fl\u0131k ekipleri sevk edildi. Ekipler, \u00e7ay bah\u00e7esindeki patika yoldan y\u00fcr\u00fcyerek ula\u015ft\u0131klar\u0131 H\u0131z\u0131r Can Torpil\u2019e m\u00fcdahale etti.<\/p>\n<p>Dik ve engebeli arazide kurtarma \u00e7al\u0131\u015fmas\u0131 ba\u015flatan AFAD ekipleri, yaral\u0131y\u0131 sedye ile ta\u015f\u0131yarak ambulansa ula\u015ft\u0131rd\u0131. Rize E\u011fitim ve Ara\u015ft\u0131rma Hastanesi&#8217;ne kald\u0131r\u0131lan Torpil, doktorlar\u0131n t\u00fcm \u00e7abas\u0131na kar\u015f\u0131n kurtar\u0131lamad\u0131.<\/p>\n<div>\n<div><img decoding=\"async\" src=\"https:\/\/kamucalisani.net\/wp-content\/uploads\/2025\/05\/teleferikte-akima-kapilip-olen-hizir-can-ile-ilgili-kahreden-detay-0-i2vJUtkM.jpg\"\/><\/img><\/div>\n<\/div>\n<p><strong>AKRABASINA YARDIMA G\u0130TM\u0130\u015e<\/strong><\/p>\n<p>Akrabas\u0131na yard\u0131m i\u00e7in bah\u00e7eye gitti\u011fi bildirilen H\u0131z\u0131r Can Torpil i\u00e7in G\u00fcneysu Merkez Camii\u2019nde cenaze namaz\u0131 k\u0131l\u0131nd\u0131. Cenazeye, Torpil\u2019in akrabalar\u0131 ile \u00e7ok say\u0131da vatanda\u015f kat\u0131ld\u0131. H\u0131z\u0131r Can Torpil\u2019in cenazesi, \u00f6\u011fle vakti k\u0131l\u0131nan cenaze namaz\u0131 sonras\u0131 aile kabristanl\u0131\u011f\u0131nda topra\u011fa verildi.\u00a0<\/p>\n\n<p><\/p>\n<p>Kaynak :\u00a0<span style=\"background-color: rgb(255, 249, 236); color: rgb(55, 58, 60); font-size: 14px;\">http:\/\/www.milliyet.com.tr\/gundem\/teleferikte-akima-kapilip-olen-hizir-can-ile-ilgili-kahreden-detay-7159740<\/span><\/p>\n","protected":false},"excerpt":{"rendered":"<p>Rize&#8217;de \u00e7ay boh\u00e7alar\u0131n\u0131 ara\u00e7 yoluna \u00e7\u0131karmak i\u00e7in yerle\u015ftirdi\u011fi ilkel teleferikte ak\u0131ma kap\u0131l\u0131p hayat\u0131n\u0131 kaybeden H\u0131z\u0131r Can Torpil (25) ile ilgili kahreden detay ortaya \u00e7\u0131kt\u0131.<\/p>\n","protected":false},"author":1,"featured_media":118624,"comment_status":"open","ping_status":"open","sticky":false,"template":"","format":"standard","meta":{"footnotes":""},"categories":[3],"tags":[7885],"class_list":["post-118623","post","type-post","status-publish","format-standard","has-post-thumbnail","hentry","category-guncel","tag-torpil"],"_links":{"self":[{"href":"https:\/\/kamucalisani.net\/index.php\/wp-json\/wp\/v2\/posts\/118623","targetHints":{"allow":["GET"]}}],"collection":[{"href":"https:\/\/kamucalisani.net\/index.php\/wp-json\/wp\/v2\/posts"}],"about":[{"href":"https:\/\/kamucalisani.net\/index.php\/wp-json\/wp\/v2\/types\/post"}],"author":[{"embeddable":true,"href":"https:\/\/kamucalisani.net\/index.php\/wp-json\/wp\/v2\/users\/1"}],"replies":[{"embeddable":true,"href":"https:\/\/kamucalisani.net\/index.php\/wp-json\/wp\/v2\/comments?post=118623"}],"version-history":[{"count":1,"href":"https:\/\/kamucalisani.net\/index.php\/wp-json\/wp\/v2\/posts\/118623\/revisions"}],"predecessor-version":[{"id":118626,"href":"https:\/\/kamucalisani.net\/index.php\/wp-json\/wp\/v2\/posts\/118623\/revisions\/118626"}],"wp:featuredmedia":[{"embeddable":true,"href":"https:\/\/kamucalisani.net\/index.php\/wp-json\/wp\/v2\/media\/118624"}],"wp:attachment":[{"href":"https:\/\/kamucalisani.net\/index.php\/wp-json\/wp\/v2\/media?parent=118623"}],"wp:term":[{"taxonomy":"category","embeddable":true,"href":"https:\/\/kamucalisani.net\/index.php\/wp-json\/wp\/v2\/categories?post=118623"},{"taxonomy":"post_tag","embeddable":true,"href":"https:\/\/kamucalisani.net\/index.php\/wp-json\/wp\/v2\/tags?post=118623"}],"curies":[{"name":"wp","href":"https:\/\/api.w.org\/{rel}","templated":true}]}}