{"id":120085,"date":"2025-05-30T17:12:07","date_gmt":"2025-05-30T17:12:07","guid":{"rendered":"https:\/\/kamucalisani.net\/?p=120085"},"modified":"2025-05-30T17:12:07","modified_gmt":"2025-05-30T17:12:07","slug":"rafta-unutulan-yarim-asirlik-dava-47-yil-sonra-mirascilara-ulasildi","status":"publish","type":"post","link":"https:\/\/kamucalisani.net\/index.php\/2025\/05\/30\/rafta-unutulan-yarim-asirlik-dava-47-yil-sonra-mirascilara-ulasildi\/","title":{"rendered":"Rafta unutulan yar\u0131m as\u0131rl\u0131k dava! 47 y\u0131l sonra miras\u00e7\u0131lara ula\u015f\u0131ld\u0131"},"content":{"rendered":"<p><p>\u0130zmir&#8217;in Menderes il\u00e7esinde G\u00fclizar C\u00f6nk ile 4 akrabas\u0131n\u0131n aras\u0131nda, il\u00e7edeki bir arsa nedeniyle anla\u015fmazl\u0131k ya\u015fand\u0131. Bunun \u00fczerine G\u00fclizar C\u00f6nk, 1974 y\u0131l\u0131nda tapu iptali ve tescil davas\u0131 a\u00e7t\u0131. \u0130zmir 6&#8217;nc\u0131 Asliye Hukuk Mahkemesi, 1 Kas\u0131m 1976&#8217;da davan\u0131n reddine ve s\u00f6z konusu ta\u015f\u0131nmaz\u0131n davac\u0131 G\u00fclizar C\u00f6nk&#8217;\u00fcn lehine tesciline karar verdi. Taraflar, karara itiraz etti. Dosyay\u0131 inceleyen Yarg\u0131tay, 4 May\u0131s 1977&#8217;de \u0130zmir 6&#8217;nc\u0131 Asliye Hukuk Mahkemesi&#8217;nin karar\u0131n\u0131 bozup, dosyay\u0131 yeniden yerel mahkemeye g\u00f6nderdi. Taraflara ve avukatlara herhangi bir tebligat yap\u0131lmazken, Yarg\u0131tay&#8217;\u0131n bozma karar\u0131n\u0131n ard\u0131ndan yerel mahkeme taraf\u0131ndan da hi\u00e7bir i\u015flem yap\u0131lmad\u0131.<\/p>\n<p><strong>YEN\u0130 DAVA A\u00c7ILINCA ORTAYA \u00c7IKTI<\/strong><\/p>\n<p>Bunun \u00fczerine miras\u00e7\u0131lar, ayn\u0131 ta\u015f\u0131nmaz\u0131n sat\u0131lmas\u0131 ile ilgili 3 y\u0131l \u00f6nce ta\u015f\u0131nmaz\u0131n sat\u0131lmas\u0131 i\u00e7in dava a\u00e7t\u0131. O d\u00f6nemde Menderes&#8217;te adliye a\u00e7\u0131ld\u0131. Buradaki Menderes Sulh Hukuk Mahkemesi&#8217;nde a\u00e7\u0131lan davada ta\u015f\u0131nmaz\u0131n \u00fczerinde tedbir oldu\u011funu saptad\u0131. Ayr\u0131ca ta\u015f\u0131nmaz\u0131n tapu iptali ve tescil i\u00e7in a\u00e7\u0131lan davan\u0131n rafta unutuldu\u011fu ortaya \u00e7\u0131kt\u0131. Ancak davac\u0131 ve daval\u0131lar\u0131n \u00f6ld\u00fc\u011f\u00fc belirlendi. Kimlik \u00e7al\u0131\u015fmalar\u0131 sonucunda 30 miras\u00e7\u0131ya ula\u015f\u0131ld\u0131. Al\u0131nan veraset ilamlar\u0131na istinaden taraf te\u015fkili sa\u011fland\u0131. 13 davac\u0131s\u0131 olan, 30 da daval\u0131s\u0131 olan bir dosyay\u0131 tekemm\u00fcl ettikten sonra yarg\u0131lama, 47 y\u0131l sonra kald\u0131\u011f\u0131 yerden yeniden ba\u015flad\u0131. Yeni bir esas numaras\u0131 al\u0131nd\u0131 ve dava Menderes Asliye Hukuk Mahkemesi&#8217;nde g\u00f6r\u00fclmeye ba\u015fland\u0131. Mahkemedeki duru\u015fmalarda dosyadaki eksiklikler tamamland\u0131. Mahkeme, 17 Temmuz&#8217;da karar\u0131n\u0131 verip, ta\u015f\u0131nmaz\u0131n 50 y\u0131l sonra G\u00fclizar C\u00f6nk&#8217;\u00fcn o\u011flu davac\u0131 Celal C\u00f6nk ad\u0131na tesciline karar verdi.<\/p>\n<p><strong>&#8216;ADALET GE\u00c7 DE OLSA TECELL\u0130 ETT\u0130&#8217;<\/strong><\/p>\n<p>Davac\u0131 C\u00f6nk&#8217;\u00fcn avukat\u0131 Erdo\u011fan Zeren, mesle\u011findeki en ilgin\u00e7 davalardan biri ile kar\u015f\u0131la\u015ft\u0131\u011f\u0131n\u0131 belirterek, s\u00f6z konusu dosyan\u0131n 47 y\u0131l rafta unutuldu\u011funu ortaya \u00e7\u0131kard\u0131klar\u0131n\u0131 s\u00f6yledi. Avukat Zeren, &#8220;Dava dosyas\u0131, 50 ya\u015f\u0131n\u0131 ge\u00e7tikten 1 ay sonra sonu\u00e7land\u0131. 50 ya\u015f\u0131ndaki bir dosyan\u0131n karara \u00e7\u0131kmas\u0131 bizim i\u00e7in gurur ve onur verici. En az\u0131ndan adalet ge\u00e7 de olsa tecelli etti. Yar\u0131m as\u0131r dile kolay herkese hay\u0131rl\u0131 olsun&#8221; dedi. (DHA)<\/p>\n<p>\u00a0<\/p>\n\n<p><\/p>\n<p>Kaynak :\u00a0<span style=\"background-color: rgb(255, 249, 236); color: rgb(55, 58, 60); font-size: 14px;\">http:\/\/www.milliyet.com.tr\/gundem\/rafta-unutulan-yarim-asirlik-dava-47-yil-sonra-mirascilara-ulasildi-7160041<\/span><\/p>\n","protected":false},"excerpt":{"rendered":"<p>Yarg\u0131tay taraf\u0131ndan 1977 y\u0131l\u0131nda bozulup yerel mahkemeye g\u00f6nderilen ve rafta unutulan tapu iptali ve tescil davas\u0131 dosyas\u0131, yar\u0131m as\u0131r sonra sonu\u00e7land\u0131<\/p>\n","protected":false},"author":1,"featured_media":120086,"comment_status":"open","ping_status":"open","sticky":false,"template":"","format":"standard","meta":{"footnotes":""},"categories":[3],"tags":[1406,7972,578,446,7971],"class_list":["post-120085","post","type-post","status-publish","format-standard","has-post-thumbnail","hentry","category-guncel","tag-dava","tag-davaci","tag-karar","tag-mahkeme","tag-tasinmazin"],"_links":{"self":[{"href":"https:\/\/kamucalisani.net\/index.php\/wp-json\/wp\/v2\/posts\/120085","targetHints":{"allow":["GET"]}}],"collection":[{"href":"https:\/\/kamucalisani.net\/index.php\/wp-json\/wp\/v2\/posts"}],"about":[{"href":"https:\/\/kamucalisani.net\/index.php\/wp-json\/wp\/v2\/types\/post"}],"author":[{"embeddable":true,"href":"https:\/\/kamucalisani.net\/index.php\/wp-json\/wp\/v2\/users\/1"}],"replies":[{"embeddable":true,"href":"https:\/\/kamucalisani.net\/index.php\/wp-json\/wp\/v2\/comments?post=120085"}],"version-history":[{"count":1,"href":"https:\/\/kamucalisani.net\/index.php\/wp-json\/wp\/v2\/posts\/120085\/revisions"}],"predecessor-version":[{"id":120087,"href":"https:\/\/kamucalisani.net\/index.php\/wp-json\/wp\/v2\/posts\/120085\/revisions\/120087"}],"wp:featuredmedia":[{"embeddable":true,"href":"https:\/\/kamucalisani.net\/index.php\/wp-json\/wp\/v2\/media\/120086"}],"wp:attachment":[{"href":"https:\/\/kamucalisani.net\/index.php\/wp-json\/wp\/v2\/media?parent=120085"}],"wp:term":[{"taxonomy":"category","embeddable":true,"href":"https:\/\/kamucalisani.net\/index.php\/wp-json\/wp\/v2\/categories?post=120085"},{"taxonomy":"post_tag","embeddable":true,"href":"https:\/\/kamucalisani.net\/index.php\/wp-json\/wp\/v2\/tags?post=120085"}],"curies":[{"name":"wp","href":"https:\/\/api.w.org\/{rel}","templated":true}]}}