{"id":120192,"date":"2025-10-04T20:00:49","date_gmt":"2025-10-04T20:00:49","guid":{"rendered":"https:\/\/kamucalisani.net\/?p=120192"},"modified":"2025-10-04T20:00:49","modified_gmt":"2025-10-04T20:00:49","slug":"faiz-indirimi-ne-zaman-yapilir-ekonomist-develi-merak-edilen-soruyu-cevapladi","status":"publish","type":"post","link":"https:\/\/kamucalisani.net\/index.php\/2025\/10\/04\/faiz-indirimi-ne-zaman-yapilir-ekonomist-develi-merak-edilen-soruyu-cevapladi\/","title":{"rendered":"Faiz indirimi ne zaman yap\u0131l\u0131r? Ekonomist Develi merak edilen soruyu cevaplad\u0131"},"content":{"rendered":"<p><p>T\u00fcrkiye Cumhuriyet Merkez Bankas\u0131 (TCMB), temmuz ay\u0131 faiz karar\u0131n\u0131 a\u00e7\u0131klad\u0131. TCMB, politika faizini beklentilere paralel y\u00fczde 50 seviyesinde sabit tuttu.<\/p>\n<p>TCMB&#8217;den yap\u0131lan a\u00e7\u0131klamada \u00f6nc\u00fc g\u00f6stergelerin temmuz ay\u0131 enflasyonunda ge\u00e7ici art\u0131\u015fa i\u015faret etti\u011fi belirtildi. Yurt i\u00e7i talebin halen enflasyonist oldu\u011fu kaydedildi. Metinde para politikas\u0131nda s\u0131k\u0131la\u015ft\u0131r\u0131c\u0131 mesajlar da dikkat \u00e7ekti.<\/p>\n<p><strong>\u2018\u015eU AN EV ALMANIN, ARABA ALMANIN ZAMANI DE\u011e\u0130L\u2019<\/strong><\/p>\n<p>Ekonomist Muhammet Bayram konuyla ilgili CNN T\u00fcrk canl\u0131 yay\u0131n\u0131nda \u015fu ifadeleri kulland\u0131: \u201cSadece yurt i\u00e7indeki turizm harcamalar\u0131 dahi rekor d\u00fczeydi. Bunlar hizmet enflasyonunda kat\u0131l\u0131\u011fa sebebiyet veriyor. Kredi kart\u0131 limitinden dolay\u0131 harcamada fazla bir art\u0131\u015f var. Jeopolitik riskler hala devam ediyor.<\/p>\n<p>Vatanda\u015f olarak biz harcamam\u0131z\u0131 ne kadar \u00f6zg\u00fcrce yapabiliyoruz? \u00dccretlerde art\u0131\u015f s\u0131n\u0131rl\u0131 kald\u0131. Bununla beraber bir vatanda\u015f ev alaca\u011f\u0131 zaman, ihtiya\u00e7 kredisi kullanaca\u011f\u0131 zaman buna yans\u0131mas\u0131 ne? 100 bin TL t\u00fcketici kredisi \u00e7ekilirse 24 ay vadede 7 bin 895 TL.<\/p>\n<p>1 milyon TL ta\u015f\u0131t kredisi i\u00e7in 24 ay vadede ayl\u0131k 78 bin TL, geri \u00f6demesi 1 milyon 895 bin TL. 3 milyon TL konut alsan\u0131z 120 ay vade olsa ayl\u0131k \u00f6demesi 106 bin TL. Geri \u00f6demesi 12 milyon TL. Ne araba alman\u0131n ne konut alman\u0131n \u015fu an zaman\u0131 de\u011fil.\u201d<\/p>\n<p><strong>FA\u0130Z \u0130ND\u0130R\u0130M\u0130 NE ZAMAN YAPILIR?<\/strong><\/p>\n<p>Konuyla ilgili Prof. Dr. Abdulkadir Develi \u015fu ifadeleri kulland\u0131: \u201cHizmet enflasyonundaki kat\u0131l\u0131k devam diyor. G\u0131da fiyatlar\u0131na dikkat \u00e7ekiliyor. Enflasyonist bask\u0131dan korunmak amac\u0131yla de\u011ferli TL destekleniyor. G\u00fc\u00e7l\u00fc TL s\u00fcreci destekleniyor. ABD\u2019de Fed halen politika faizini indirmedi. Belki se\u00e7imlerden sonras\u0131na kald\u0131.<\/p>\n<p>Biz ancak Fed burada ilk faiz indirimini yapt\u0131ktan sonra gidi\u015fata g\u00f6re faiz indirimlerini konu\u015fabiliriz. S\u0131k\u0131la\u015ft\u0131rma s\u00fcreci devam ediyor. Kredi b\u00fcy\u00fcmesine y\u00f6nelik ilave d\u00fczenlemeler de gelebilir.&#8221;<\/p>\n<p><strong>TONGU\u00c7 ERBA\u015e: YIL SONUNA KADAR BENZER POL\u0130T\u0130KA DEVAM EDECEK<\/strong><\/p>\n<p>Ahlatc\u0131 Yat\u0131r\u0131m Genel M\u00fcd\u00fcr Yard\u0131mc\u0131s\u0131 Tongu\u00e7 Erba\u015f konuyla ilgili \u015fu ifadeleri kulland\u0131: \u201cAyl\u0131k enflasyonun ana e\u011filiminde belirgin d\u00fc\u015f\u00fc\u015f sa\u011flayana kadar s\u0131k\u0131 para politikas\u0131 devam edecek. \u00c7ok faiz indirimi beklentisi yok. Enflasyon beklentileri ayl\u0131kta belli bir noktaya gelirse bu en iyi kas\u0131m, aral\u0131k gibi olabilir. Ben y\u0131l sonuna kadar benzer bir politika faizi ile devam edece\u011fimizi d\u00fc\u015f\u00fcn\u00fcyorum.<\/p>\n<p>Gerekirse daha da s\u0131k\u0131la\u015fabiliriz mesaj\u0131 var. Asl\u0131nda bize \u015f\u00f6yle bir sinyal veriyor Merkez Bankas\u0131. Temmuzda beklenti \u00fczerinde enflasyon ya\u015fayaca\u011f\u0131z. A\u015fa\u011f\u0131 y\u00f6nl\u00fc patika olu\u015fuyor. Biz s\u0131k\u0131 duru\u015fumuzu koruyoruz gibi bir y\u00f6nlendirme yapmaya \u00e7al\u0131\u015f\u0131yor.<\/p>\n\n<p><\/p>\n<p>Kaynak :\u00a0<span style=\"background-color: rgb(255, 249, 236); color: rgb(55, 58, 60); font-size: 14px;\">http:\/\/www.milliyet.com.tr\/ekonomi\/faiz-indirimi-ne-zaman-yapilir-ekonomist-develi-merak-edilen-soruyu-cevapladi-7160153<\/span><\/p>\n","protected":false},"excerpt":{"rendered":"<p>Merkez Bankas\u0131, politika faizini beklentilere paralel y\u00fczde 50 seviyesinde sabit tuttu. Peki faiz indirimi ne zaman yap\u0131l\u0131r? Uzman isimler ne diyor? \u0130\u015fte detaylar&#8230;.<\/p>\n","protected":false},"author":1,"featured_media":120193,"comment_status":"open","ping_status":"open","sticky":false,"template":"","format":"standard","meta":{"footnotes":""},"categories":[2],"tags":[49,41,857,5128,1321],"class_list":["post-120192","post","type-post","status-publish","format-standard","has-post-thumbnail","hentry","category-ekonomi","tag-enflasyon","tag-faiz","tag-politika","tag-siki","tag-zaman"],"_links":{"self":[{"href":"https:\/\/kamucalisani.net\/index.php\/wp-json\/wp\/v2\/posts\/120192","targetHints":{"allow":["GET"]}}],"collection":[{"href":"https:\/\/kamucalisani.net\/index.php\/wp-json\/wp\/v2\/posts"}],"about":[{"href":"https:\/\/kamucalisani.net\/index.php\/wp-json\/wp\/v2\/types\/post"}],"author":[{"embeddable":true,"href":"https:\/\/kamucalisani.net\/index.php\/wp-json\/wp\/v2\/users\/1"}],"replies":[{"embeddable":true,"href":"https:\/\/kamucalisani.net\/index.php\/wp-json\/wp\/v2\/comments?post=120192"}],"version-history":[{"count":1,"href":"https:\/\/kamucalisani.net\/index.php\/wp-json\/wp\/v2\/posts\/120192\/revisions"}],"predecessor-version":[{"id":120194,"href":"https:\/\/kamucalisani.net\/index.php\/wp-json\/wp\/v2\/posts\/120192\/revisions\/120194"}],"wp:featuredmedia":[{"embeddable":true,"href":"https:\/\/kamucalisani.net\/index.php\/wp-json\/wp\/v2\/media\/120193"}],"wp:attachment":[{"href":"https:\/\/kamucalisani.net\/index.php\/wp-json\/wp\/v2\/media?parent=120192"}],"wp:term":[{"taxonomy":"category","embeddable":true,"href":"https:\/\/kamucalisani.net\/index.php\/wp-json\/wp\/v2\/categories?post=120192"},{"taxonomy":"post_tag","embeddable":true,"href":"https:\/\/kamucalisani.net\/index.php\/wp-json\/wp\/v2\/tags?post=120192"}],"curies":[{"name":"wp","href":"https:\/\/api.w.org\/{rel}","templated":true}]}}