{"id":120254,"date":"2025-10-04T22:48:14","date_gmt":"2025-10-04T22:48:14","guid":{"rendered":"https:\/\/kamucalisani.net\/?p=120254"},"modified":"2025-10-04T22:48:14","modified_gmt":"2025-10-04T22:48:14","slug":"sporcular-olimpiyata-ugurlandi-pariste-zirveyi-zorlayacagimiza-inaniyorum","status":"publish","type":"post","link":"https:\/\/kamucalisani.net\/index.php\/2025\/10\/04\/sporcular-olimpiyata-ugurlandi-pariste-zirveyi-zorlayacagimiza-inaniyorum\/","title":{"rendered":"Sporcular olimpiyata u\u011furland\u0131! &#8220;Paris&#8217;te zirveyi zorlayaca\u011f\u0131m\u0131za inan\u0131yorum&#8221;"},"content":{"rendered":"<p><p>\u00a0Cumhurba\u015fkan\u0131 Yard\u0131mc\u0131s\u0131 Cevdet Y\u0131lmaz, olimpiyatlara kat\u0131lacak sporculara g\u00fcvenlerinin tam oldu\u011funu belirterek, &#8220;Sizlerin uluslararas\u0131 alandaki ba\u015far\u0131lar\u0131 artt\u0131k\u00e7a, \u00e7ocuklar\u0131m\u0131z ve gen\u00e7lerimiz ba\u015fta olmak \u00fczere \u00fclkemizdeki t\u00fcm sporseverlere rol model olacaks\u0131n\u0131z ve sizler gibi ba\u015far\u0131l\u0131 nice sporcunun yeti\u015fmesine de vesile olacaks\u0131n\u0131z.&#8221; dedi.<\/p>\n<p>\u0130stanbul Havaliman\u0131 VIP Salonu&#8217;nda ger\u00e7ekle\u015ftirilen, Paris 2024 Yaz Olimpiyat Oyunlar\u0131&#8217;na kat\u0131lan sporcular\u0131n yer ald\u0131\u011f\u0131 &#8220;Team T\u00fcrkiye&#8221; kafilesini u\u011furlama t\u00f6reninde konu\u015fan Y\u0131lmaz, T\u00fcrkiye&#8217;yi olimpiyatlarda temsil edecek sporcularla bir arada bulunmaktan ve bu co\u015fkuya ortak olmaktan duydu\u011fu mutlulu\u011fu dile getirdi.<\/p>\n<p>Cumhurba\u015fkan\u0131 Recep Tayyip Erdo\u011fan&#8217;\u0131n selamlar\u0131n\u0131 ve t\u00fcm sporculara ba\u015far\u0131 dileklerini ileten Y\u0131lmaz, &#8220;Son y\u0131llarda, \u00fclkemiz spor alan\u0131nda b\u00fcy\u00fck ba\u015far\u0131lara imza atm\u0131\u015f, uluslararas\u0131 alanda ad\u0131ndan s\u0131k\u00e7a s\u00f6z ettirmi\u015ftir.&#8221; diye konu\u015ftu.<\/p>\n<p>Almanya&#8217;da d\u00fczenlenen Avrupa Futbol \u015eampiyonas\u0131&#8217;ndan milli tak\u0131m\u0131n sergiledi\u011fi performans\u0131n T\u00fcrk milletine b\u00fcy\u00fck sevin\u00e7 ve gurur ya\u015fatt\u0131\u011f\u0131n\u0131, gelece\u011fe \u00e7ok daha umutla bakmalar\u0131na vesile oldu\u011funu ifade eden Y\u0131lmaz, s\u00f6zlerini \u015f\u00f6yle s\u00fcrd\u00fcrd\u00fc:<\/p>\n<p>&#8220;Filenin Sultanlar\u0131&#8217;n\u0131n Avrupa \u015eampiyonas\u0131&#8217;ndaki birincilikleri, Mete Gazoz evlad\u0131m\u0131z\u0131n ok\u00e7uluktaki \u00fcst\u00fcn ba\u015far\u0131lar\u0131, g\u00fcre\u015fte elde edilen alt\u0131n madalyalar ve atletizmde k\u0131r\u0131lan rekorlar gibi daha pek \u00e7ok alanda spor, y\u00fckselen y\u0131ld\u0131z\u0131m\u0131zd\u0131r. Bu ba\u015far\u0131lar sadece sahada kalmay\u0131p, bir duygu seli olup \u00fclkemizin d\u00f6rt bir yan\u0131na yay\u0131l\u0131yor. 85 milyonu birbirine adeta kenetleyerek birlik beraberlik duygusunu peki\u015ftiriyor.<\/p>\n<p>102 sporcumuzdan olu\u015fan olimpiyat kafilemiz de ge\u00e7mi\u015ften bu yana nice ba\u015far\u0131y\u0131 tatm\u0131\u015f, milletimizin g\u00f6\u011fs\u00fcn\u00fc kabartm\u0131\u015ft\u0131r. Sizler \u00f6n m\u00fcsabakalar\u0131 ba\u015far\u0131yla tamamlad\u0131n\u0131z ve zorlu bir haz\u0131rl\u0131k s\u00fcrecini geride b\u0131rakt\u0131n\u0131z. T\u00fcrkiye Cumhuriyeti&#8217;nin Olimpiyat Oyunlar\u0131&#8217;ndaki 100. y\u0131l\u0131nda her birinizin \u00fcst\u00fcn gayret g\u00f6sterece\u011fine ve bize yeni sevin\u00e7ler ya\u015fataca\u011f\u0131n\u0131za y\u00fcrekten inan\u0131yorum. G\u00f6z\u00fcm\u00fcz, kula\u011f\u0131m\u0131z, g\u00f6nl\u00fcm\u00fcz sizlerin yan\u0131nda olacak.&#8221;<\/p>\n<div>\n<div><img decoding=\"async\" src=\"https:\/\/kamucalisani.net\/wp-content\/uploads\/2025\/10\/sporcular-olimpiyata-ugurlandi-pariste-zirveyi-zorlayacagimiza-inaniyorum-0-rXwTjZGb.jpg\"\/><\/img><\/div>\n<\/div>\n<p><strong>&#8220;Lisansl\u0131 sporcu say\u0131m\u0131z 2024&#8217;te 16 milyona ula\u015ft\u0131&#8221;<\/strong><\/p>\n<p>Y\u0131lmaz, son y\u0131llarda artan sportif ba\u015far\u0131lar\u0131n ve T\u00fcrkiye&#8217;nin uluslararas\u0131 organizasyonlarda tercih edilen bir \u00fclke olmas\u0131n\u0131n tesad\u00fcf olmad\u0131\u011f\u0131n\u0131, bu ba\u015far\u0131n\u0131n temelinde Cumhurba\u015fkan\u0131 Erdo\u011fan&#8217;\u0131n gen\u00e7li\u011fe ve spora verdi\u011fi \u00f6nem ile sahip oldu\u011fu insan odakl\u0131 kalk\u0131nma vizyonunun bulundu\u011funu aktard\u0131.<\/p>\n<p>Tesisle\u015fme h\u0131z\u0131, tesis say\u0131s\u0131 ve tesislerin kalitesi ile spor altyap\u0131s\u0131nda T\u00fcrkiye&#8217;nin Avrupa&#8217;n\u0131n en iddial\u0131 \u00fclkelerinden biri haline geldi\u011fini kaydeden Y\u0131lmaz, &#8220;Do\u011fu bat\u0131 ay\u0131rt etmeksizin bug\u00fcn 81 ilimizde farkl\u0131 spor dallar\u0131na ve sporcular\u0131m\u0131za \u00f6zel tasarlanm\u0131\u015f 4 bin 547 modern spor tesisimiz var. 2002&#8217;de 278 bin olan lisansl\u0131 sporcu say\u0131m\u0131z\u0131n 2024&#8217;te 16 milyona ula\u015fmas\u0131 ki bu rakam baz\u0131 \u00fclkelerin n\u00fcfusundan daha fazla, spora ve sporcuya verdi\u011fimiz de\u011ferin en \u00f6nemli g\u00f6stergesidir.&#8221; ifadelerini kulland\u0131.<\/p>\n<p>\u00d6zellikle kad\u0131n sporcular\u0131n artan ba\u015far\u0131s\u0131n\u0131n g\u00f6z ard\u0131 edilemeyece\u011fini vurgulayan Y\u0131lmaz, \u015f\u00f6yle konu\u015ftu:<\/p>\n<p>&#8220;Paris 2024 Olimpiyat Oyunlar\u0131&#8217;na 48 erkek sporcu ve 54 kad\u0131n sporcu ile 18 bran\u015fta kat\u0131l\u0131yoruz. Kad\u0131nlar \u015fimdiden erkekleri ge\u00e7mi\u015f durumda. Kat\u0131l\u0131mdaki madalya kad\u0131nlar\u0131m\u0131zda, tebrik ediyoruz. Kad\u0131n Boks ve Kad\u0131n G\u00fcre\u015f Milli Tak\u0131mlar\u0131m\u0131z\u0131n en fazla sporcu ile kat\u0131ld\u0131\u011f\u0131 olimpiyat olacak. K\u00fcrek bran\u015f\u0131na ise ilk kez kad\u0131n sporcumuzla kat\u0131l\u0131yoruz. Artistik Cimnastik Erkek Milli Tak\u0131m\u0131m\u0131z, tarihimizde bir ilki ba\u015fararak tak\u0131m olarak olimpiyat kotas\u0131 almay\u0131 ba\u015fard\u0131, onlar\u0131 da y\u00fcrekten tebrik ediyorum. Modern pentatlonda Paris 2024 Olimpiyat Oyunlar\u0131&#8217;na gitmeye hak kazanan ilk erkek sporcumuz ile yar\u0131\u015faca\u011f\u0131z. G\u00fcre\u015ften boksa, judodan k\u00fcre\u011fe, cimnastikten eskrime kadar pek \u00e7ok farkl\u0131 bran\u015fta bizlere ilkleri ya\u015fatacak sporcular\u0131m\u0131za g\u00fcvenimiz tamd\u0131r. Sizlerin uluslararas\u0131 alandaki ba\u015far\u0131lar\u0131 artt\u0131k\u00e7a \u00e7ocuklar\u0131m\u0131z ve gen\u00e7lerimiz ba\u015fta olmak \u00fczere \u00fclkemizdeki t\u00fcm sporseverlere rol model olacaks\u0131n\u0131z ve sizler gibi ba\u015far\u0131l\u0131 nice sporcunun yeti\u015fmesine de vesile olacaks\u0131n\u0131z.&#8221;<\/p>\n<p><strong>&#8220;Sizi bug\u00fcn dualarla u\u011furluyoruz, madalyalarla bekliyoruz&#8221;<\/strong><\/p>\n<p>Cumhurba\u015fkan\u0131 Yard\u0131mc\u0131s\u0131 Y\u0131lmaz, 15 g\u00fcn s\u00fcrecek Paris 2024 Yaz Olimpiyat Oyunlar\u0131&#8217;nda birbirinden \u00f6zel ve heyecanl\u0131 anlara \u015fahitlik edeceklerini, sporcular\u0131n podyuma \u00e7\u0131k\u0131p \u0130stiklal Mar\u015f\u0131&#8217;n\u0131 olimpiyatlarda dinletmesi ve ay y\u0131ld\u0131zl\u0131 bayra\u011f\u0131 en \u00fcstte g\u00f6ndere \u00e7ekmesi i\u00e7in dualarla yanlar\u0131nda olacaklar\u0131n\u0131 s\u00f6yledi.<\/p>\n<p>Sportif ba\u015far\u0131n\u0131n m\u00fchim oldu\u011funu, ancak netice ne olursa olsun olimpiyatlara kat\u0131lma ba\u015far\u0131s\u0131 g\u00f6steren, duru\u015fuyla ve m\u00fccadele ruhuyla milyonlara \u00f6rnek olan sporcular\u0131n her durumda k\u0131ymetli oldu\u011funu belirten Y\u0131lmaz, &#8220;Kalbinizin \u00fczerinde ay y\u0131ld\u0131z\u0131m\u0131z\u0131 ta\u015f\u0131yarak ringe, mindere, arenaya \u00e7\u0131kt\u0131\u011f\u0131n\u0131zda sizinle atan 85 milyon y\u00fcre\u011fi, milletimizin g\u00fc\u00e7l\u00fc deste\u011fini hissetmenizi ve sizlerle her durumda gurur duydu\u011fumuzu hat\u0131rlaman\u0131z\u0131 isterim.&#8221; ifadesini kulland\u0131.<\/p>\n<p>Sporculara kapsaml\u0131 bir haz\u0131rl\u0131k ortam\u0131 sa\u011flayan ve her y\u00f6nden destekleyerek motive eden Gen\u00e7lik ve Spor Bakan\u0131 Osman A\u015fk\u0131n Bak ba\u015fta olmak \u00fczere t\u00fcm bakanl\u0131k \u00e7al\u0131\u015fanlar\u0131na, spor federasyonlar\u0131 ile federasyon \u00e7al\u0131\u015fanlar\u0131na te\u015fekk\u00fcr eden Y\u0131lmaz, \u015funlar\u0131 kaydetti:<\/p>\n<p>&#8220;Paris 2024 Olimpiyatlar\u0131&#8217;nda sporcular\u0131m\u0131zla birlikte ter d\u00f6kecek olan antren\u00f6rlerimize, destek personeli ve teknik ekiplere de ba\u015far\u0131lar diliyorum. Sporcular\u0131m\u0131z\u0131n bu a\u015famalar\u0131na gelmelerinde yak\u0131n destek veren ailelerine \u00f6zellikle te\u015fekk\u00fcr ediyorum. Sporcular\u0131m\u0131z\u0131n Paris&#8217;ten ba\u015far\u0131 hikayeleri ile d\u00f6nerek milletimizi gururland\u0131raca\u011f\u0131na y\u00fcrekten inan\u0131yorum. Team T\u00fcrkiye yolunuz a\u00e7\u0131k olsun. Sizi bug\u00fcn dualarla, alk\u0131\u015flarla u\u011furluyoruz, madalyalarla da geri d\u00f6nmenizi bekliyoruz. Yolunuz, baht\u0131n\u0131z a\u00e7\u0131k olsun, Allah yar ve yard\u0131mc\u0131n\u0131z olsun.&#8221;<\/p>\n<p><strong>Bakan Bak:\u00a0 &#8220;Paris&#8217;te zirveyi zorlayaca\u011f\u0131m\u0131za inan\u0131yorum<\/strong><br \/>Gen\u00e7lik ve Spor Bakan\u0131 Osman A\u015fk\u0131n Bak, t\u00f6rende yapt\u0131\u011f\u0131 konu\u015fmada, herkesin olimpiyat \u015fampiyonlar\u0131n\u0131 hat\u0131rlayaca\u011f\u0131n\u0131, tarih sayfalar\u0131nda \u015fampiyonlar\u0131n yer ald\u0131\u011f\u0131n\u0131 ifade ederek, &#8220;\u0130yi haz\u0131rland\u0131k. Eme\u011fi ge\u00e7en herkese te\u015fekk\u00fcr ediyoruz. Bu bir heyecan ve tutku.&#8221; dedi.<\/p>\n<p>Olimpiyatlara sporcu g\u00f6ndermeyi ba\u015faran kul\u00fcplere te\u015fekk\u00fcr eden Bakan Bak, t\u00fcm kul\u00fcpleri olimpiyat bran\u015flar\u0131na yat\u0131r\u0131m yapmaya \u00e7a\u011f\u0131rd\u0131. Bak, &#8220;Paris&#8217;te zirveyi zorlayaca\u011f\u0131m\u0131za ve g\u00fczel sonu\u00e7larla d\u00f6nece\u011fimize inan\u0131yorum. Hepinize ba\u015far\u0131lar diliyorum.&#8221; dedi.<\/p>\n<p>Konu\u015fman\u0131n ard\u0131ndan Cumhurba\u015fkan\u0131 Yard\u0131mc\u0131s\u0131 Y\u0131lmaz, Gen\u00e7lik ve Spor Bakan\u0131 Bak ve \u0130stanbul Valisi Davut G\u00fcl ile federasyonlar\u0131n yetkilileri ve milli sporcular, Paris&#8217;e gidecek u\u00e7a\u011f\u0131n \u00f6n\u00fcnde aile foto\u011fraf\u0131 \u00e7ektirdi.<\/p>\n\n<p><\/p>\n<p>Kaynak :\u00a0<span style=\"background-color: rgb(255, 249, 236); color: rgb(55, 58, 60); font-size: 14px;\">http:\/\/www.milliyet.com.tr\/skorer\/sporcular-olimpiyata-ugurlandi-pariste-zirveyi-zorlayacagimiza-inaniyorum-7160198<\/span><\/p>\n","protected":false},"excerpt":{"rendered":"<p>Paris 2024 Olimpiyatlar\u0131&#8217;nda m\u00fccadele edecek &#8220;Team T\u00fcrkiye&#8221; kafilesi, Fransa&#8217;ya u\u011furland\u0131. Cumhurba\u015fkan\u0131 Yard\u0131mc\u0131s\u0131 Cevdet Y\u0131lmaz ile Gen\u00e7lik ve Spor Bakan\u0131 Osman A\u015fk\u0131n Bak, \u0130stanbul Havaliman\u0131 VIP Salonu&#8217;nda ger\u00e7ekle\u015ftirilen, Paris 2024 Yaz Olimpiyat Oyunlar\u0131&#8217;na kat\u0131lan sporcular\u0131n yer ald\u0131\u011f\u0131 &#8220;Team T\u00fcrkiye&#8221; kafilesini u\u011furlama t\u00f6renine kat\u0131ld\u0131.<\/p>\n","protected":false},"author":1,"featured_media":120255,"comment_status":"open","ping_status":"open","sticky":false,"template":"","format":"standard","meta":{"footnotes":""},"categories":[7],"tags":[2406,1526,1781,397,238],"class_list":["post-120254","post","type-post","status-publish","format-standard","has-post-thumbnail","hentry","category-spor","tag-bak","tag-basari","tag-olimpiyat","tag-spor","tag-yilmaz"],"_links":{"self":[{"href":"https:\/\/kamucalisani.net\/index.php\/wp-json\/wp\/v2\/posts\/120254","targetHints":{"allow":["GET"]}}],"collection":[{"href":"https:\/\/kamucalisani.net\/index.php\/wp-json\/wp\/v2\/posts"}],"about":[{"href":"https:\/\/kamucalisani.net\/index.php\/wp-json\/wp\/v2\/types\/post"}],"author":[{"embeddable":true,"href":"https:\/\/kamucalisani.net\/index.php\/wp-json\/wp\/v2\/users\/1"}],"replies":[{"embeddable":true,"href":"https:\/\/kamucalisani.net\/index.php\/wp-json\/wp\/v2\/comments?post=120254"}],"version-history":[{"count":1,"href":"https:\/\/kamucalisani.net\/index.php\/wp-json\/wp\/v2\/posts\/120254\/revisions"}],"predecessor-version":[{"id":120257,"href":"https:\/\/kamucalisani.net\/index.php\/wp-json\/wp\/v2\/posts\/120254\/revisions\/120257"}],"wp:featuredmedia":[{"embeddable":true,"href":"https:\/\/kamucalisani.net\/index.php\/wp-json\/wp\/v2\/media\/120255"}],"wp:attachment":[{"href":"https:\/\/kamucalisani.net\/index.php\/wp-json\/wp\/v2\/media?parent=120254"}],"wp:term":[{"taxonomy":"category","embeddable":true,"href":"https:\/\/kamucalisani.net\/index.php\/wp-json\/wp\/v2\/categories?post=120254"},{"taxonomy":"post_tag","embeddable":true,"href":"https:\/\/kamucalisani.net\/index.php\/wp-json\/wp\/v2\/tags?post=120254"}],"curies":[{"name":"wp","href":"https:\/\/api.w.org\/{rel}","templated":true}]}}