{"id":120865,"date":"2025-10-06T02:24:22","date_gmt":"2025-10-06T02:24:22","guid":{"rendered":"https:\/\/kamucalisani.net\/?p=120865"},"modified":"2025-10-06T02:24:22","modified_gmt":"2025-10-06T02:24:22","slug":"boluspor-ali-ulgeni-kadrosuna-katti","status":"publish","type":"post","link":"https:\/\/kamucalisani.net\/index.php\/2025\/10\/06\/boluspor-ali-ulgeni-kadrosuna-katti\/","title":{"rendered":"Boluspor, Ali \u00dclgen&#8217;i kadrosuna katt\u0131!"},"content":{"rendered":"<p><p>Trendyol 1. Lig ekiplerinden Boluspor, kadrosuna takviyede bulundu. K\u0131rm\u0131z\u0131-beyazl\u0131 ekip, Samsunspor&#8217;dan Ali \u00dclgen&#8217;i sezon sonuna kadar kiralad\u0131.<\/p>\n<p>Boluspor&#8217;dan yap\u0131lan a\u00e7\u0131klamada \u015fu ifadeler kullan\u0131ld\u0131:<\/p>\n<p>&#8220;Kul\u00fcb\u00fcm\u00fcz, Y\u0131lport Samsunspor kul\u00fcb\u00fc futbolcusu Ali \u00dclgen\u2019in ge\u00e7ici transferi konusunda bir y\u0131ll\u0131k anla\u015fma sa\u011flam\u0131\u015ft\u0131r.&#8221;<\/p>\n\n<p><\/p>\n<p>Kaynak :\u00a0<span style=\"background-color: rgb(255, 249, 236); color: rgb(55, 58, 60); font-size: 14px;\">http:\/\/www.milliyet.com.tr\/skorer\/boluspor-ali-ulgeni-kadrosuna-katti-7160326<\/span><\/p>\n","protected":false},"excerpt":{"rendered":"<p>Boluspor, Samsunspor&#8217;dan Ali \u00dclgen&#8217;i renklerine ba\u011flad\u0131.<\/p>\n","protected":false},"author":1,"featured_media":120866,"comment_status":"open","ping_status":"open","sticky":false,"template":"","format":"standard","meta":{"footnotes":""},"categories":[7],"tags":[],"class_list":["post-120865","post","type-post","status-publish","format-standard","has-post-thumbnail","hentry","category-spor"],"_links":{"self":[{"href":"https:\/\/kamucalisani.net\/index.php\/wp-json\/wp\/v2\/posts\/120865","targetHints":{"allow":["GET"]}}],"collection":[{"href":"https:\/\/kamucalisani.net\/index.php\/wp-json\/wp\/v2\/posts"}],"about":[{"href":"https:\/\/kamucalisani.net\/index.php\/wp-json\/wp\/v2\/types\/post"}],"author":[{"embeddable":true,"href":"https:\/\/kamucalisani.net\/index.php\/wp-json\/wp\/v2\/users\/1"}],"replies":[{"embeddable":true,"href":"https:\/\/kamucalisani.net\/index.php\/wp-json\/wp\/v2\/comments?post=120865"}],"version-history":[{"count":1,"href":"https:\/\/kamucalisani.net\/index.php\/wp-json\/wp\/v2\/posts\/120865\/revisions"}],"predecessor-version":[{"id":120867,"href":"https:\/\/kamucalisani.net\/index.php\/wp-json\/wp\/v2\/posts\/120865\/revisions\/120867"}],"wp:featuredmedia":[{"embeddable":true,"href":"https:\/\/kamucalisani.net\/index.php\/wp-json\/wp\/v2\/media\/120866"}],"wp:attachment":[{"href":"https:\/\/kamucalisani.net\/index.php\/wp-json\/wp\/v2\/media?parent=120865"}],"wp:term":[{"taxonomy":"category","embeddable":true,"href":"https:\/\/kamucalisani.net\/index.php\/wp-json\/wp\/v2\/categories?post=120865"},{"taxonomy":"post_tag","embeddable":true,"href":"https:\/\/kamucalisani.net\/index.php\/wp-json\/wp\/v2\/tags?post=120865"}],"curies":[{"name":"wp","href":"https:\/\/api.w.org\/{rel}","templated":true}]}}