{"id":121037,"date":"2025-10-06T10:00:36","date_gmt":"2025-10-06T10:00:36","guid":{"rendered":"https:\/\/kamucalisani.net\/?p=121037"},"modified":"2025-10-06T10:00:36","modified_gmt":"2025-10-06T10:00:36","slug":"lugano-fenerbahce-macinda-sentetik-cim-skandali-koku-problemi","status":"publish","type":"post","link":"https:\/\/kamucalisani.net\/index.php\/2025\/10\/06\/lugano-fenerbahce-macinda-sentetik-cim-skandali-koku-problemi\/","title":{"rendered":"Lugano &#8211; Fenerbah\u00e7e ma\u00e7\u0131nda sentetik \u00e7im skandal\u0131! Koku problemi"},"content":{"rendered":"<p><p>Lugano, UEFA \u015eampiyonlar Ligi 2. \u00d6n Eleme Turu&#8217;nda Fenerbah\u00e7e&#8217;yi konuk etti. D-Smart ekranlar\u0131nda canl\u0131 yay\u0131nlanan kar\u015f\u0131la\u015fma Stockhorn Arena&#8217;da oynand\u0131. Sentetik \u00e7im bulunan stadyumda oynana kar\u015f\u0131la\u015fmadaki koku problemi dikkat \u00e7ekti.<\/p>\n<p>Lugano&#8217;nun Fenerbah\u00e7e ma\u00e7\u0131n\u0131 oynamak i\u00e7in tercih etti\u011fi Stockhorn Arena&#8217;da s\u0131cak hava nedeniyle zeminden k\u00f6t\u00fc kokular gelmeye ba\u015flad\u0131.<\/p>\n<p>Bu s\u0131rada ma\u00e7a 1 saat kala stadyumda zemin \u0131slatma \u00e7al\u0131\u015fmalar\u0131 ba\u015flad\u0131. Zemin \u0131slatma \u00e7al\u0131\u015fmalar\u0131 s\u0131ras\u0131nda, trib\u00fcnde \u00f6n s\u0131rada bulunan Fenerbah\u00e7e taraftarlar\u0131na da sular\u0131n geldi\u011fi g\u00f6zlemlendi.<\/p>\n<p>D-Smart spikeri Damla U\u011furt\u00fcrk&#8217;\u00fcn aktard\u0131\u011f\u0131 bilgiye g\u00f6re; Stockhorn Arena&#8217;daki zeminin kokusu trib\u00fcnde bulunan taraftarlar\u0131 da etkiledi. Futbolcular\u0131m zeminde hareket etti\u011fi s\u0131rada bu kokunun daha \u00e7ok art\u0131\u011f\u0131 ifade edildi.<\/p>\n<p><strong>TR\u0130B\u00dcNLERDE T\u00dcRK ETK\u0130S\u0130<\/strong><\/p>\n<p>Fenerbah\u00e7e taraftarlar\u0131, deplasman yasa\u011f\u0131 olmas\u0131na ra\u011fmen Lugano ma\u00e7\u0131na b\u00fcy\u00fck ilgi g\u00f6sterdi. Lugano deplasman\u0131nda trib\u00fcn\u00fcn y\u00fczde 80&#8217;inin Fenerbah\u00e7e taraftarlar\u0131n\u0131n olu\u015fturdu\u011fu g\u00f6zlemlendi.<\/p>\n<p>Ev sahibi Lugano&#8217;da futbolcular \u0131sl\u0131klan\u0131rken, Fenerbah\u00e7e&#8217;de futbolculara ma\u00e7 \u00f6ncesi b\u00fcy\u00fck destek verildi.<\/p>\n<p><strong>MOURINHO S\u0130TEM ETM\u0130\u015eT\u0130<\/strong><\/p>\n<p>Fenerbah\u00e7e Teknik Direkt\u00f6r\u00fc Jose Mourinho, Lugano ma\u00e7\u0131 \u00f6ncesi d\u00fczenlenen bas\u0131n toplant\u0131s\u0131nda kar\u015f\u0131la\u015fman\u0131n oynanaca\u011f\u0131 stadyumun zeminine de\u011finmi\u015fti.<\/p>\n<p>Jose Mourinho, kar\u015f\u0131la\u015fman\u0131n sentetik \u00e7imde oynanacak olmas\u0131n\u0131n hat\u0131rlat\u0131lmas\u0131 \u00fczerine \u015fu ifadeleri kullanm\u0131\u015ft\u0131: &#8220;Sentetik \u00e7imde oynanacak olmas\u0131 ev sahibi tak\u0131m\u0131n tercihi, kendileri i\u00e7in avantaj oldu\u011funu d\u00fc\u015f\u00fcn\u00fcyorlard\u0131r. Futbol her zaman g\u00fczel, ye\u015fil zeminde oynanmal\u0131. Bunu hala avantaj olarak kullanmaya \u00e7al\u0131\u015fan kul\u00fcpler var. Biz de buna adapte olmal\u0131y\u0131z. Zeminin kuru oldu\u011fu yerlerde idman yapt\u0131k, ye\u015fil zemine k\u0131yasla top daha yava\u015f ilerliyor ama buna adapte olmal\u0131y\u0131z.&#8221;<\/p>\n\n<p><\/p>\n<p>Kaynak :\u00a0<span style=\"background-color: rgb(255, 249, 236); color: rgb(55, 58, 60); font-size: 14px;\">http:\/\/www.milliyet.com.tr\/skorer\/lugano-fenerbahce-macinda-sentetik-cim-skandali-koku-problemi-7160354<\/span><\/p>\n","protected":false},"excerpt":{"rendered":"<p>\u0130svi\u00e7re ekibi Lugano ile Fenerbah\u00e7e, UEFA \u015eampiyonlar Ligi 2. \u00d6n Eleme Turu&#8217;nda kar\u015f\u0131 kar\u015f\u0131ya geldi. M\u00fcsabakan\u0131n sentetik \u00e7im bulunan Stockhorn Arena&#8217;da oynanmas\u0131 ma\u00e7\u0131n \u00f6n\u00fcne ge\u00e7ti.<\/p>\n","protected":false},"author":1,"featured_media":121038,"comment_status":"open","ping_status":"open","sticky":false,"template":"","format":"standard","meta":{"footnotes":""},"categories":[7],"tags":[184,7920,288,1510],"class_list":["post-121037","post","type-post","status-publish","format-standard","has-post-thumbnail","hentry","category-spor","tag-fenerbahce","tag-lugano","tag-mac","tag-zemin"],"_links":{"self":[{"href":"https:\/\/kamucalisani.net\/index.php\/wp-json\/wp\/v2\/posts\/121037","targetHints":{"allow":["GET"]}}],"collection":[{"href":"https:\/\/kamucalisani.net\/index.php\/wp-json\/wp\/v2\/posts"}],"about":[{"href":"https:\/\/kamucalisani.net\/index.php\/wp-json\/wp\/v2\/types\/post"}],"author":[{"embeddable":true,"href":"https:\/\/kamucalisani.net\/index.php\/wp-json\/wp\/v2\/users\/1"}],"replies":[{"embeddable":true,"href":"https:\/\/kamucalisani.net\/index.php\/wp-json\/wp\/v2\/comments?post=121037"}],"version-history":[{"count":1,"href":"https:\/\/kamucalisani.net\/index.php\/wp-json\/wp\/v2\/posts\/121037\/revisions"}],"predecessor-version":[{"id":121039,"href":"https:\/\/kamucalisani.net\/index.php\/wp-json\/wp\/v2\/posts\/121037\/revisions\/121039"}],"wp:featuredmedia":[{"embeddable":true,"href":"https:\/\/kamucalisani.net\/index.php\/wp-json\/wp\/v2\/media\/121038"}],"wp:attachment":[{"href":"https:\/\/kamucalisani.net\/index.php\/wp-json\/wp\/v2\/media?parent=121037"}],"wp:term":[{"taxonomy":"category","embeddable":true,"href":"https:\/\/kamucalisani.net\/index.php\/wp-json\/wp\/v2\/categories?post=121037"},{"taxonomy":"post_tag","embeddable":true,"href":"https:\/\/kamucalisani.net\/index.php\/wp-json\/wp\/v2\/tags?post=121037"}],"curies":[{"name":"wp","href":"https:\/\/api.w.org\/{rel}","templated":true}]}}