{"id":121170,"date":"2025-10-06T17:12:23","date_gmt":"2025-10-06T17:12:23","guid":{"rendered":"https:\/\/kamucalisani.net\/?p=121170"},"modified":"2025-10-06T17:12:23","modified_gmt":"2025-10-06T17:12:23","slug":"mac-ozeti-fenerbahce-tur-kapisini-araladi-lugano-deplasmaninda-4-golle-kazandi","status":"publish","type":"post","link":"https:\/\/kamucalisani.net\/index.php\/2025\/10\/06\/mac-ozeti-fenerbahce-tur-kapisini-araladi-lugano-deplasmaninda-4-golle-kazandi\/","title":{"rendered":"MA\u00c7 \u00d6ZET\u0130 | Fenerbah\u00e7e tur kap\u0131s\u0131n\u0131 aralad\u0131! Lugano deplasman\u0131nda 4 golle kazand\u0131"},"content":{"rendered":"<p><p>Lugano, UEFA \u015eampiyonlar Ligi 2. \u00d6n Eleme Turu&#8217;ndaki ilk ma\u00e7\u0131nda Fenerbah\u00e7e ile kar\u015f\u0131 kar\u015f\u0131ya geldi. Zorlu m\u00fcsabaka Thun Stadyumu&#8217;nda oynand\u0131.<\/p>\n<p>Heyecan dolu m\u00fccadelede Portekizli hakem Tiago Martins g\u00f6rev ald\u0131. Fenerbah\u00e7e, Lugano deplasman\u0131nda 4-3 kazand\u0131.<\/p>\n<p>Kar\u015f\u0131la\u015fman\u0131n heyecan\u0131 D-Smart ve D-Smart GO ekranlar\u0131nda ya\u015fand\u0131.<\/p>\n<section>\n<div>\n<div><img decoding=\"async\" src=\"https:\/\/kamucalisani.net\/wp-content\/uploads\/2025\/10\/mac-ozeti-fenerbahce-tur-kapisini-araladi-lugano-deplasmaninda-4-golle-kazandi-0-ZOvJgV8N.jpg\"\/><\/img><\/p>\n<p>Fenerbah\u00e7e, Lugano engeline tak\u0131lmad\u0131<\/p>\n<\/div>\n<div><span>23:26<\/span><span>23 Temmuz 2024<\/span><\/p>\n<div>R\u00d6VAN\u015e KADIK\u00d6Y&#8217;DE<\/div>\n<div>\n<p>Fenerbah\u00e7e ile Lugano aras\u0131ndaki e\u015fle\u015fmenin r\u00f6van\u015f\u0131 30 Temmuz&#8217;da Kad\u0131k\u00f6y&#8217;de oynanacak. E\u015fle\u015fmede turlayan taraf Frans\u0131z ekibi Lille&#8217;in rakibi olacak.<\/p>\n<\/div>\n<div><img decoding=\"async\" src=\"https:\/\/kamucalisani.net\/wp-content\/uploads\/2025\/10\/mac-ozeti-fenerbahce-tur-kapisini-araladi-lugano-deplasmaninda-4-golle-kazandi-1-RFggp2fS.jpg\"\/><\/div>\n<div>\n<div>\n<div><span><img decoding=\"async\" src=\"https:\/\/kamucalisani.net\/wp-content\/uploads\/2025\/10\/mac-ozeti-fenerbahce-tur-kapisini-araladi-lugano-deplasmaninda-4-golle-kazandi-2-zbQaapQX.jpg\"\/><\/img><\/span><\/div>\n<\/div>\n<\/div>\n<\/div>\n<div><span>23:25<\/span><span>23 Temmuz 2024<\/span><\/p>\n<div>KAZANAN FENERBAH\u00c7E<\/div>\n<div>\n<p>Kar\u015f\u0131la\u015fman\u0131n kalan s\u00fcresinde ba\u015fka gol sesi \u00e7\u0131kmad\u0131. Fenerbah\u00e7e, Lugano deplasman\u0131ndan 4-3 galip ayr\u0131ld\u0131. Sar\u0131-lacivertlilerin gollerini Edin Dzeko (3) ve Ferdi Kad\u0131o\u011flu kaydetti.<\/p>\n<\/div>\n<div><img decoding=\"async\" src=\"https:\/\/kamucalisani.net\/wp-content\/uploads\/2025\/10\/mac-ozeti-fenerbahce-tur-kapisini-araladi-lugano-deplasmaninda-4-golle-kazandi-3-3gEadaYn.jpg\"\/><\/div>\n<div>\n<div>\n<div><span><img decoding=\"async\" src=\"https:\/\/kamucalisani.net\/wp-content\/uploads\/2025\/10\/mac-ozeti-fenerbahce-tur-kapisini-araladi-lugano-deplasmaninda-4-golle-kazandi-2-zbQaapQX.jpg\"\/><\/img><\/span><\/div>\n<\/div>\n<\/div>\n<\/div>\n<div><span>23:25<\/span><span>23 Temmuz 2024<\/span><\/p>\n<div>VALENZUELA SKORU BEL\u0130RLED\u0130<\/div>\n<div>\n<p>90+4&#8217;\u00fcnc\u00fc dakikada Fenerbah\u00e7e&#8217;de Mert M\u00fcld\u00fcr ata\u011fa \u00e7\u0131karken topu kapt\u0131rd\u0131. Valenzuela&#8217;n\u0131n \u015futunda top a\u011flarla bulu\u015ftu. Bu gol ma\u00e7\u0131n skorunu belirledi: 4-3.<\/p>\n<\/div>\n<div>\n<div>\n<div><span><img decoding=\"async\" src=\"https:\/\/kamucalisani.net\/wp-content\/uploads\/2025\/10\/mac-ozeti-fenerbahce-tur-kapisini-araladi-lugano-deplasmaninda-4-golle-kazandi-2-zbQaapQX.jpg\"\/><\/img><\/span><\/div>\n<\/div>\n<\/div>\n<\/div>\n<div><span>23:04<\/span><span>23 Temmuz 2024<\/span><\/p>\n<div>FERD\u0130&#8217;DEN ENFES GOL<\/div>\n<div>\n<p>74&#8217;\u00fcnc\u00fc dakikada Fenerbah\u00e7e&#8217;de Ferdi Kad\u0131o\u011flu sol kanatta topla bulu\u015ftuktan sonra merkeze do\u011fru y\u00f6neldi. Ferdi Kad\u0131o\u011flu&#8217;nun uzaktan sert vuru\u015funda top yak\u0131n k\u00f6\u015feden a\u011flara gitti. Fenerbah\u00e7e, Lugano kar\u015f\u0131s\u0131nda d\u00f6rd\u00fcnc\u00fc gol\u00fcn\u00fc buldu: 4-2.<\/p>\n<\/div>\n<div>\n<div>\n<div><span><img decoding=\"async\" src=\"https:\/\/kamucalisani.net\/wp-content\/uploads\/2025\/10\/mac-ozeti-fenerbahce-tur-kapisini-araladi-lugano-deplasmaninda-4-golle-kazandi-2-zbQaapQX.jpg\"\/><\/img><\/span><\/div>\n<\/div>\n<\/div>\n<\/div>\n<div><span>23:00<\/span><span>23 Temmuz 2024<\/span><\/p>\n<div>OOSTERWOLDE&#8217;YE KART \u00c7IKTI<\/div>\n<div>\n<p>70&#8217;inci dakikada Fenerbah\u00e7e&#8217;de Jayden Oosterwolde, rakibine yapt\u0131\u011f\u0131 faul sonras\u0131 sar\u0131 kartla cezaland\u0131r\u0131ld\u0131.<\/p>\n<\/div>\n<div>\n<div>\n<div><span><img decoding=\"async\" src=\"https:\/\/kamucalisani.net\/wp-content\/uploads\/2025\/10\/mac-ozeti-fenerbahce-tur-kapisini-araladi-lugano-deplasmaninda-4-golle-kazandi-2-zbQaapQX.jpg\"\/><\/img><\/span><\/div>\n<\/div>\n<\/div>\n<\/div>\n<div><span>22:59<\/span><span>23 Temmuz 2024<\/span><\/p>\n<div>MOURINHO&#8217;DAN 3 HAMLE<\/div>\n<div>\n<p>68&#8217;inci dakikada Fenerbah\u00e7e&#8217;de Ryan Kent, Dusan Tadic ve Bright Osayi Samuel kenara geldi. Kalan s\u00fcrede \u0130rfan Can Kahveci, Mert M\u00fcld\u00fcr ile Bartu\u011f Elmaz oyuna dahil oldu.<\/p>\n<\/div>\n<div>\n<div>\n<div><span><img decoding=\"async\" src=\"https:\/\/kamucalisani.net\/wp-content\/uploads\/2025\/10\/mac-ozeti-fenerbahce-tur-kapisini-araladi-lugano-deplasmaninda-4-golle-kazandi-2-zbQaapQX.jpg\"\/><\/img><\/span><\/div>\n<\/div>\n<\/div>\n<\/div>\n<div><span>22:58<\/span><span>23 Temmuz 2024<\/span><\/p>\n<div>DZEKO HAT-TRICK YAPTI<\/div>\n<div>\n<p>67&#8217;nci dakikada Lugano savunmas\u0131n\u0131n hatas\u0131nda araya Sebastian Szymanski girdi. Sebastian Szymanski&#8217;nin \u00e7evirdi\u011fi topta Edin Dzeko&#8217;nun sa\u011f aya\u011f\u0131yla yapt\u0131\u011f\u0131 vuru\u015fta top a\u011flara gitti. Edin Dzeko, ma\u00e7ta hat-trick yapt\u0131. Fenerbah\u00e7e, Lugano kar\u015f\u0131s\u0131nda yeniden \u00f6ne ge\u00e7ti: 3-2.<\/p>\n<\/div>\n<div>\n<div>\n<div><span><img decoding=\"async\" src=\"https:\/\/kamucalisani.net\/wp-content\/uploads\/2025\/10\/mac-ozeti-fenerbahce-tur-kapisini-araladi-lugano-deplasmaninda-4-golle-kazandi-2-zbQaapQX.jpg\"\/><\/img><\/span><\/div>\n<\/div>\n<\/div>\n<\/div>\n<div><span>22:55<\/span><span>23 Temmuz 2024<\/span><\/p>\n<div>LUGANO BERABERL\u0130\u011e\u0130 YAKALADI<\/div>\n<div>\n<p>64&#8217;\u00fcnc\u00fc dakikada Lugano sol kanattan etkili geldi. Sol kanattan geli\u015fen atakta ceza sahas\u0131na at\u0131lan pasta Bislimi topu \u00f6n\u00fcne ald\u0131 ve uzak k\u00f6\u015feye do\u011fru \u015futunu \u00e7ekti. Bislimi&#8217;nin \u015futunda top a\u011flarla bulu\u015ftu. Lugano skoru e\u015fitledi: 2-2.<\/p>\n<\/div>\n<div>\n<div>\n<div><span><img decoding=\"async\" src=\"https:\/\/kamucalisani.net\/wp-content\/uploads\/2025\/10\/mac-ozeti-fenerbahce-tur-kapisini-araladi-lugano-deplasmaninda-4-golle-kazandi-2-zbQaapQX.jpg\"\/><\/img><\/span><\/div>\n<\/div>\n<\/div>\n<\/div>\n<div><span>22:50<\/span><span>23 Temmuz 2024<\/span><\/p>\n<div>2 KART B\u0130RDEN \u00c7IKTI<\/div>\n<div>\n<p>59&#8217;uncu dakikada topu kapt\u0131rd\u0131ktan sonra Jayden Oosterwolde&#8217;yi \u015fortundan \u00e7eken Bottani sar\u0131 kartla cezaland\u0131r\u0131ld\u0131. Ma\u00e7\u0131n hakemine itiraz eden Papadopoulos, sar\u0131 kart g\u00f6ren bir di\u011fer isim oldu.<\/p>\n<\/div>\n<div>\n<div>\n<div><span><img decoding=\"async\" src=\"https:\/\/kamucalisani.net\/wp-content\/uploads\/2025\/10\/mac-ozeti-fenerbahce-tur-kapisini-araladi-lugano-deplasmaninda-4-golle-kazandi-2-zbQaapQX.jpg\"\/><\/img><\/span><\/div>\n<\/div>\n<\/div>\n<\/div>\n<div><span>22:37<\/span><span>23 Temmuz 2024<\/span><\/p>\n<div>DZEKO&#8217;DAN M\u00dcTH\u0130\u015e GOL<\/div>\n<div>\n<p>46&#8217;nc\u0131 dakikada Osayi Samuel&#8217;in geli\u015ftirdi\u011fi atakta Dusan Tadic ceza sahas\u0131nda topla bulu\u015ftu. Dusan Tadic&#8217;in pas\u0131nda Edin Dzeko&#8217;nun sa\u011f aya\u011f\u0131yla yapt\u0131\u011f\u0131 vuru\u015fta top a\u011flara gitti. Fenerbah\u00e7e, Lugano deplasman\u0131nda \u00f6ne ge\u00e7ti: 2-1.<\/p>\n<\/div>\n<div>\n<div>\n<div><span><img decoding=\"async\" src=\"https:\/\/kamucalisani.net\/wp-content\/uploads\/2025\/10\/mac-ozeti-fenerbahce-tur-kapisini-araladi-lugano-deplasmaninda-4-golle-kazandi-2-zbQaapQX.jpg\"\/><\/img><\/span><\/div>\n<\/div>\n<\/div>\n<\/div>\n<div><span>22:36<\/span><span>23 Temmuz 2024<\/span><\/p>\n<div>\u0130K\u0130NC\u0130 YARI BA\u015eLADI<\/div>\n<div>\n<p>M\u00fcsabakan\u0131n ikinci yar\u0131s\u0131 ba\u015flad\u0131. Jose Mourinho, ikinci yar\u0131n\u0131n ba\u015f\u0131nda oyuna hamlede bulunmad\u0131.<\/p>\n<\/div>\n<div>\n<div>\n<div><span><img decoding=\"async\" src=\"https:\/\/kamucalisani.net\/wp-content\/uploads\/2025\/10\/mac-ozeti-fenerbahce-tur-kapisini-araladi-lugano-deplasmaninda-4-golle-kazandi-2-zbQaapQX.jpg\"\/><\/img><\/span><\/div>\n<\/div>\n<\/div>\n<\/div>\n<div><span>22:20<\/span><span>23 Temmuz 2024<\/span><\/p>\n<div>\u0130LK YARIDA 2 GOL SES\u0130<\/div>\n<div>\n<p>M\u00fcsabakan\u0131n ilk yar\u0131s\u0131nda ba\u015fka gol sesi \u00e7\u0131kmad\u0131. Tak\u0131mlar soyunma odas\u0131na 1-1&#8217;lik beraberlikle gitti.<\/p>\n<p>Lugano&#8217;da fileleri El Wafi havaland\u0131rd\u0131. Fenerbah\u00e7e&#8217;nin gol\u00fcn\u00fc penalt\u0131dan Edin Dzeko kaydetti.<\/p>\n<\/div>\n<div><img decoding=\"async\" src=\"https:\/\/kamucalisani.net\/wp-content\/uploads\/2025\/10\/mac-ozeti-fenerbahce-tur-kapisini-araladi-lugano-deplasmaninda-4-golle-kazandi-14-66auUpMe.jpg\"\/><\/div>\n<div>\n<div>\n<div><span> <img decoding=\"async\" src=\"https:\/\/kamucalisani.net\/wp-content\/uploads\/2025\/10\/mac-ozeti-fenerbahce-tur-kapisini-araladi-lugano-deplasmaninda-4-golle-kazandi-2-zbQaapQX.jpg\"\/><\/img><\/span><\/div>\n<\/div>\n<\/div>\n<\/div>\n<div><span>22:18<\/span><span>23 Temmuz 2024<\/span><\/p>\n<div>TADIC&#8217;E KART \u00c7IKTI<\/div>\n<div>\n<p>45+3&#8217;\u00fcnc\u00fc dakikada Fenerbah\u00e7e&#8217;de Dusan Tadic hakeme y\u00f6nelik itirazlarda bulundu. M\u00fcsabakan\u0131n hakemi Martins, Dusan Tadic&#8217;e sar\u0131 kart g\u00f6sterdi.<\/p>\n<\/div>\n<div>\n<div>\n<div><span><img decoding=\"async\" src=\"https:\/\/kamucalisani.net\/wp-content\/uploads\/2025\/10\/mac-ozeti-fenerbahce-tur-kapisini-araladi-lugano-deplasmaninda-4-golle-kazandi-2-zbQaapQX.jpg\"\/><\/img><\/span><\/div>\n<\/div>\n<\/div>\n<\/div>\n<div><span>22:16<\/span><span>23 Temmuz 2024<\/span><\/p>\n<div>DZEKO A\u011eLARI HAVALANDIRDI<\/div>\n<div>\n<p>45+1&#8217;inci dakikada Fenerbah\u00e7e&#8217;nin kazand\u0131\u011f\u0131 penalt\u0131da topun ba\u015f\u0131na Edin Dzeko ge\u00e7ti. Edin Dzeko beyaz noktada sa\u011f aya\u011f\u0131yla vuru\u015f yapt\u0131. Saipi&#8217;nin aya\u011f\u0131ndan seken top di\u011fer k\u00f6\u015feden a\u011flarla bulu\u015ftu. Ma\u00e7ta skor dengelendi: 1-1.<\/p>\n<\/div>\n<div><img decoding=\"async\" src=\"https:\/\/kamucalisani.net\/wp-content\/uploads\/2025\/10\/mac-ozeti-fenerbahce-tur-kapisini-araladi-lugano-deplasmaninda-4-golle-kazandi-17-2duTUz5S.jpg\"\/><\/div>\n<div>\n<div>\n<div><span><img decoding=\"async\" src=\"https:\/\/kamucalisani.net\/wp-content\/uploads\/2025\/10\/mac-ozeti-fenerbahce-tur-kapisini-araladi-lugano-deplasmaninda-4-golle-kazandi-2-zbQaapQX.jpg\"\/><\/img><\/span><\/div>\n<\/div>\n<\/div>\n<\/div>\n<div><span>22:16<\/span><span>23 Temmuz 2024<\/span><\/p>\n<div>PENALTI KARARI<\/div>\n<div>\n<p>44&#8217;\u00fcnc\u00fc dakikada Fenerbah\u00e7e&#8217;de Oosterwolde&#8217;nin kazand\u0131\u011f\u0131 top sonras\u0131 Osayi Samuel sa\u011f kanattan ata\u011f\u0131 haz\u0131rlad\u0131. Osayi&#8217;nin pas\u0131 sonras\u0131 Dusan Tadic ceza sahas\u0131nda rakibinin m\u00fcdahalesiyle yerde kald\u0131. Ma\u00e7\u0131n hakemi penalt\u0131 noktas\u0131n\u0131 i\u015faret etti.<\/p>\n<\/div>\n<div><img decoding=\"async\" src=\"https:\/\/kamucalisani.net\/wp-content\/uploads\/2025\/10\/mac-ozeti-fenerbahce-tur-kapisini-araladi-lugano-deplasmaninda-4-golle-kazandi-19-ar2rbVYT.jpg\"\/><\/div>\n<div>\n<div>\n<div><span><img decoding=\"async\" src=\"https:\/\/kamucalisani.net\/wp-content\/uploads\/2025\/10\/mac-ozeti-fenerbahce-tur-kapisini-araladi-lugano-deplasmaninda-4-golle-kazandi-2-zbQaapQX.jpg\"\/><\/img><\/span><\/div>\n<\/div>\n<\/div>\n<\/div>\n<div><span>22:07<\/span><span>23 Temmuz 2024<\/span><\/p>\n<div>SZYMANSKI D\u0130RE\u011eE TAKILDI<\/div>\n<div>\n<p>36&#8217;nc\u0131 dakikada Fenerbah\u00e7e&#8217;de Sebastian Szymanski gole \u00e7ok yakla\u015ft\u0131. Polonyal\u0131 futbolcunun sert \u015futunda top direkten oyun alan\u0131na geri d\u00f6nd\u00fc.<\/p>\n<\/div>\n<div>\n<div>\n<div><span><img decoding=\"async\" src=\"https:\/\/kamucalisani.net\/wp-content\/uploads\/2025\/10\/mac-ozeti-fenerbahce-tur-kapisini-araladi-lugano-deplasmaninda-4-golle-kazandi-2-zbQaapQX.jpg\"\/><\/img><\/span><\/div>\n<\/div>\n<\/div>\n<\/div>\n<div><span>22:01<\/span><span>23 Temmuz 2024<\/span><\/p>\n<div>SON ANDA SAIPI<\/div>\n<div>\n<p>30&#8217;uncu dakikada \u00c7a\u011flar S\u00f6y\u00fcnc\u00fc&#8217;n\u00fcn pas\u0131nda Dusan Tadic, yan\u0131ndaki Fred&#8217;e m\u00fcthi\u015f bir topuk pas\u0131 verdi. Fred&#8217;in geli\u015fine yapt\u0131\u011f\u0131 plase vuru\u015fta, Saipi son anda araya girdi. Fenerbah\u00e7e goe \u00e7ok yakla\u015ft\u0131.<\/p>\n<\/div>\n<div>\n<div>\n<div><span><img decoding=\"async\" src=\"https:\/\/kamucalisani.net\/wp-content\/uploads\/2025\/10\/mac-ozeti-fenerbahce-tur-kapisini-araladi-lugano-deplasmaninda-4-golle-kazandi-2-zbQaapQX.jpg\"\/><\/img><\/span><\/div>\n<\/div>\n<\/div>\n<\/div>\n<div><span>21:59<\/span><span>23 Temmuz 2024<\/span><\/p>\n<div>AYMAN EL WAFI&#8217;YE KART \u00c7IKTI<\/div>\n<div>\n<p>29&#8217;uncu dakikada savunman\u0131n arkas\u0131na do\u011fru at\u0131lan topta Edin Dzeko topa hareketlendi. Ayman El Wafi, Edin Dzeko&#8217;yu formas\u0131ndan \u00e7ekerek durdurdu. Ma\u00e7\u0131n hakemi, Ayman El Wafi&#8217;ye sar\u0131 kart g\u00f6sterdi.<\/p>\n<\/div>\n<div>\n<div>\n<div><span><img decoding=\"async\" src=\"https:\/\/kamucalisani.net\/wp-content\/uploads\/2025\/10\/mac-ozeti-fenerbahce-tur-kapisini-araladi-lugano-deplasmaninda-4-golle-kazandi-2-zbQaapQX.jpg\"\/><\/img><\/span><\/div>\n<\/div>\n<\/div>\n<\/div>\n<div><span>21:57<\/span><span>23 Temmuz 2024<\/span><\/p>\n<div>SZYMANSKI SAVUNMAYA TAKILDI<\/div>\n<div>\n<p>26&#8217;nc\u0131 dakikada Fenerbah\u00e7e&#8217;de kullan\u0131lan ta\u00e7 at\u0131\u015f\u0131 sonras\u0131 \u00c7a\u011flar S\u00f6y\u00fcnc\u00fc \u00f6ne \u00e7\u0131kt\u0131. \u00c7a\u011flar S\u00f6y\u00fcnc\u00fc&#8217;den \u00f6nce savunman\u0131n dokundu\u011fu top Sebastian Szymanski&#8217;nin \u00f6n\u00fcnde kald\u0131. Polonyal\u0131 futbolcunun \u015futunda top savunmadan d\u00f6nd\u00fc.<\/p>\n<\/div>\n<div>\n<div>\n<div><span><img decoding=\"async\" src=\"https:\/\/kamucalisani.net\/wp-content\/uploads\/2025\/10\/mac-ozeti-fenerbahce-tur-kapisini-araladi-lugano-deplasmaninda-4-golle-kazandi-2-zbQaapQX.jpg\"\/><\/img><\/span><\/div>\n<\/div>\n<\/div>\n<\/div>\n<div><span>21:49<\/span><span>23 Temmuz 2024<\/span><\/p>\n<div>\u00c7A\u011eLAR&#8217;A KART \u00c7IKTI<\/div>\n<div>\n<p>18&#8217;inci dakikada Fenerbah\u00e7e&#8217;de Alexander Djiku, Doumbia ile \u00e7arp\u0131\u015ft\u0131. \u00c7a\u011flar S\u00f6y\u00fcnc\u00fc bu pozisyonda penalt\u0131 bekledi. Ma\u00e7\u0131n hakemi Martins, Lugano lehine faul karar\u0131 verdi.<\/p>\n<p>\u00c7a\u011flar S\u00f6y\u00fcnc\u00fc hakeme y\u00f6nelik itirazlar\u0131n\u0131 devam ettirmesinin ard\u0131ndan sar\u0131 kartla cezaland\u0131r\u0131ld\u0131.<\/p>\n<\/div>\n<div>\n<div>\n<div><span><img decoding=\"async\" src=\"https:\/\/kamucalisani.net\/wp-content\/uploads\/2025\/10\/mac-ozeti-fenerbahce-tur-kapisini-araladi-lugano-deplasmaninda-4-golle-kazandi-2-zbQaapQX.jpg\"\/><\/img><\/span><\/div>\n<\/div>\n<\/div>\n<\/div>\n<div><span>21:42<\/span><span>23 Temmuz 2024<\/span><\/p>\n<div>OOSTERWOLDE ARAYA G\u0130RD\u0130<\/div>\n<div>\n<p>11&#8217;inci dakikada sa\u011f kanattan geli\u015fen Lugano ata\u011f\u0131nda savunma arkas\u0131na at\u0131lan topta son anda araya Jayden Oosterwolde girdi ve tehlikeyi \u00f6nledi.<\/p>\n<\/div>\n<div>\n<div>\n<div><span><img decoding=\"async\" src=\"https:\/\/kamucalisani.net\/wp-content\/uploads\/2025\/10\/mac-ozeti-fenerbahce-tur-kapisini-araladi-lugano-deplasmaninda-4-golle-kazandi-2-zbQaapQX.jpg\"\/><\/img><\/span><\/div>\n<\/div>\n<\/div>\n<\/div>\n<div><span>21:35<\/span><span>23 Temmuz 2024<\/span><\/p>\n<div>LUGANO \u00d6NE GE\u00c7T\u0130<\/div>\n<div>\n<p>4&#8217;\u00fcnc\u00fc dakikada Lugano&#8217;nun kazand\u0131\u011f\u0131 k\u00f6\u015fe vuru\u015fu sonras\u0131 uzakla\u015ft\u0131r\u0131lan topta ikinci \u015fans geldi. Sa\u011f kanattan yap\u0131lan ortada Djiku&#8217;dan \u00f6nce topa kafa vuran El Wafi topu a\u011flara g\u00f6nderdi. Lugano, Fenerbah\u00e7e kar\u015f\u0131s\u0131nda \u00f6ne ge\u00e7ti: 1-0.<\/p>\n<\/div>\n<div><img decoding=\"async\" src=\"https:\/\/kamucalisani.net\/wp-content\/uploads\/2025\/10\/mac-ozeti-fenerbahce-tur-kapisini-araladi-lugano-deplasmaninda-4-golle-kazandi-27-eVDQkYr4.jpg\"\/><\/div>\n<div>\n<div>\n<div><span><img decoding=\"async\" src=\"https:\/\/kamucalisani.net\/wp-content\/uploads\/2025\/10\/mac-ozeti-fenerbahce-tur-kapisini-araladi-lugano-deplasmaninda-4-golle-kazandi-2-zbQaapQX.jpg\"\/><\/img><\/span><\/div>\n<\/div>\n<\/div>\n<\/div>\n<div><span>21:34<\/span><span>23 Temmuz 2024<\/span><\/p>\n<div>SON ANDA LIVAKOVIC<\/div>\n<div>\n<p>3&#8217;\u00fcnc\u00fc dakikada Lugano sol kanattan etkili geldi. Cimignani&#8217;nin orta \u015fut kar\u0131\u015f\u0131m\u0131 vuru\u015funda, me\u015fin yuvarlak uzak dire\u011fe do\u011fru gitti. Dominik Livakovic topu son anda kornere \u00e7elme ba\u015far\u0131s\u0131 g\u00f6sterdi.<\/p>\n<\/div>\n<div>\n<div>\n<div><span><img decoding=\"async\" src=\"https:\/\/kamucalisani.net\/wp-content\/uploads\/2025\/10\/mac-ozeti-fenerbahce-tur-kapisini-araladi-lugano-deplasmaninda-4-golle-kazandi-2-zbQaapQX.jpg\"\/><\/img><\/span><\/div>\n<\/div>\n<\/div>\n<\/div>\n<div><span>20:52<\/span><span>23 Temmuz 2024<\/span><\/p>\n<div>TARAFTARDAN B\u00dcY\u00dcK DESTEK<\/div>\n<div>\n<p>Fenerbah\u00e7eli futbolcular, \u0131s\u0131nma \u00e7al\u0131\u015fmalar\u0131 i\u00e7in zemine gelirken trib\u00fcnde b\u00fcy\u00fck co\u015fku ya\u015fand\u0131. Fenerbah\u00e7e taraftarlar\u0131, futbolcular\u0131n hepsini alk\u0131\u015flad\u0131.<\/p>\n<\/div>\n<div>\n<div>\n<div><span><img decoding=\"async\" src=\"https:\/\/kamucalisani.net\/wp-content\/uploads\/2025\/10\/mac-ozeti-fenerbahce-tur-kapisini-araladi-lugano-deplasmaninda-4-golle-kazandi-2-zbQaapQX.jpg\"\/><\/img><\/span><\/div>\n<\/div>\n<\/div>\n<\/div>\n<div><span>20:40<\/span><span>23 Temmuz 2024<\/span><\/p>\n<div>LUGANOLU FUTBOLCULARA ISLIK<\/div>\n<div>\n<p>Fenerbah\u00e7e taraftarlar\u0131n\u0131n b\u00fcy\u00fck ilgi g\u00f6sterdi\u011fi ma\u00e7ta trib\u00fcnlerin \u00e7o\u011funlu\u011fu sar\u0131-lacivertli taraftarlar taraf\u0131ndan dolduruldu. Luganolu futbolcular \u0131s\u0131nmak i\u00e7in zemine \u00e7\u0131karken \u0131sl\u0131kland\u0131.<\/p>\n<\/div>\n<div>\n<div>\n<div><span><img decoding=\"async\" src=\"https:\/\/kamucalisani.net\/wp-content\/uploads\/2025\/10\/mac-ozeti-fenerbahce-tur-kapisini-araladi-lugano-deplasmaninda-4-golle-kazandi-2-zbQaapQX.jpg\"\/><\/img><\/span><\/div>\n<\/div>\n<\/div>\n<\/div>\n<div><span>20:23<\/span><span>23 Temmuz 2024<\/span><\/p>\n<div>&#8220;HER YER SARI-LAC\u0130VERT&#8221;<\/div>\n<div>\n<p>Fenerbah\u00e7eli futbolcu Bartu\u011f Elmaz, Lugano ma\u00e7\u0131 \u00f6ncesi D-Smart&#8217;a konu\u015ftu. Bartu\u011f Elmaz \u015fu ifadeleri kulland\u0131:<\/p>\n<p>&#8220;Her zaman oldu\u011fu gibi taraftarlar\u0131m\u0131z yine bu ma\u00e7a gelmi\u015fler. Bu deste\u011fi bekliyorduk, her deplasmanda yan\u0131m\u0131zdalar. Yine her yer sar\u0131-lacivert.<\/p>\n<p>Rakibimizi en iyi \u015fekilde analiz etti\u011fimizi d\u00fc\u015f\u00fcn\u00fcyoruz. Bug\u00fcn buraya kazanmaya geldik. \u00c7ok yo\u011fun \u00e7al\u0131\u015ft\u0131k. Hocam da bana g\u00fcvendi, bana \u015fans verdi. Performans\u0131mdan dolay\u0131 kendi a\u00e7\u0131mdan mutluyum. Bug\u00fcn in\u015fallah hocam bana \u015fans verirse, en iyi \u015fekilde kullanaca\u011f\u0131m\u0131 d\u00fc\u015f\u00fcn\u00fcyorum.&#8221;<\/p>\n<\/div>\n<div>\n<div>\n<div><span><img decoding=\"async\" src=\"https:\/\/kamucalisani.net\/wp-content\/uploads\/2025\/10\/mac-ozeti-fenerbahce-tur-kapisini-araladi-lugano-deplasmaninda-4-golle-kazandi-2-zbQaapQX.jpg\"\/><\/img><\/span><\/div>\n<\/div>\n<\/div>\n<\/div>\n<div><span>20:21<\/span><span>23 Temmuz 2024<\/span><\/p>\n<div>LUGANO&#8217;NUN 11&#8217;\u0130 BELL\u0130 OLDU<\/div>\n<div>\n<p>Mattia Croci-Torti y\u00f6netimindeki Lugano&#8217;nun Fenerbah\u00e7e kar\u015f\u0131s\u0131ndaki 11&#8217;i netlik kazand\u0131. Lugano&#8217;nun Fenerbah\u00e7e ma\u00e7\u0131 ilk 11&#8217;i \u015fu \u015fekilde:<\/p>\n<p>Saipi, Zanotti, Papadopoulos, El Wafi, Valenzuela, Bislimi, Grgic, Doumbia, Cimignani, Bottani, Aliseda.<\/p>\n<\/div>\n<div>\n<div>\n<div><span><img decoding=\"async\" src=\"https:\/\/kamucalisani.net\/wp-content\/uploads\/2025\/10\/mac-ozeti-fenerbahce-tur-kapisini-araladi-lugano-deplasmaninda-4-golle-kazandi-2-zbQaapQX.jpg\"\/><\/img><\/span><\/div>\n<\/div>\n<\/div>\n<\/div>\n<div><span>20:19<\/span><span>23 Temmuz 2024<\/span><\/p>\n<div>F.BAH\u00c7E&#8217;N\u0130N 11&#8217;\u0130 BELL\u0130 OLDU<\/div>\n<div>\n<p>Jose Mourinho y\u00f6netimindeki Fenerbah\u00e7e&#8217;nin Lugano ma\u00e7\u0131 ilk 11&#8217;i belli oldu. Sar\u0131-lacivertlilerin, Lugano deplasman\u0131ndaki ilk 11&#8217;i \u015fu \u015fekilde:<\/p>\n<p><strong>Livakovic, Osayi, \u00c7a\u011flar S\u00f6y\u00fcnc\u00fc, Djiku, Oosterwolde, Krunic, Fred, Szymanski, Kent, Tadic, Dzeko.<\/strong><\/p>\n<\/div>\n<div>\n<div>\n<div><span><img decoding=\"async\" src=\"https:\/\/kamucalisani.net\/wp-content\/uploads\/2025\/10\/mac-ozeti-fenerbahce-tur-kapisini-araladi-lugano-deplasmaninda-4-golle-kazandi-2-zbQaapQX.jpg\"\/><\/img><\/span><\/div>\n<\/div>\n<\/div>\n<\/div>\n<div><span>20:16<\/span><span>23 Temmuz 2024<\/span><\/p>\n<div>F.BAH\u00c7E BEYAZ FORMA G\u0130YECEK<\/div>\n<div>\n<div>\n<div><span><img decoding=\"async\" src=\"https:\/\/kamucalisani.net\/wp-content\/uploads\/2025\/10\/mac-ozeti-fenerbahce-tur-kapisini-araladi-lugano-deplasmaninda-4-golle-kazandi-2-zbQaapQX.jpg\"\/><\/img><\/span><\/div>\n<\/div>\n<\/div>\n<\/div>\n<div><span>20:11<\/span><span>23 Temmuz 2024<\/span><\/p>\n<div>F.BAH\u00c7E FUTBOLCULARI SAHADA<\/div>\n<div>\n<p>Fenerbah\u00e7e&#8217;de futbolcular, stada ula\u015ft\u0131ktan sonra zemin kontrol\u00fc i\u00e7in sahaya \u00e7\u0131kt\u0131. Trib\u00fcnde bulunan Fenerbah\u00e7e taraftarlar\u0131, futbolcular sahaya \u00e7\u0131karken alk\u0131\u015flarla destek verdi.<\/p>\n<\/div>\n<div>\n<div>\n<div><span><img decoding=\"async\" src=\"https:\/\/kamucalisani.net\/wp-content\/uploads\/2025\/10\/mac-ozeti-fenerbahce-tur-kapisini-araladi-lugano-deplasmaninda-4-golle-kazandi-2-zbQaapQX.jpg\"\/><\/img><\/span><\/div>\n<\/div>\n<\/div>\n<\/div>\n<div><span>20:10<\/span><span>23 Temmuz 2024<\/span><\/p>\n<div>LUGANO FUTBOLCULARI SAHADA<\/div>\n<div>\n<p>Luganolu futbolcular, Fenerbah\u00e7e ma\u00e7\u0131 \u00f6ncesi zemin kontrol\u00fc i\u00e7in sahaya \u00e7\u0131kt\u0131.<\/p>\n<\/div>\n<div>\n<div>\n<div><span><img decoding=\"async\" src=\"https:\/\/kamucalisani.net\/wp-content\/uploads\/2025\/10\/mac-ozeti-fenerbahce-tur-kapisini-araladi-lugano-deplasmaninda-4-golle-kazandi-2-zbQaapQX.jpg\"\/><\/img><\/span><\/div>\n<\/div>\n<\/div>\n<\/div>\n<div><span>18:30<\/span><span>23 Temmuz 2024<\/span><\/p>\n<div>Y\u00d6NET\u0130C\u0130LER DOSTLUK YEME\u011e\u0130NDE BULU\u015eTU<\/div>\n<div>\n<p>Ma\u00e7 \u00f6ncesi \u0130svi\u00e7re kul\u00fcb\u00fcn\u00fcn ev sahipli\u011finde d\u00fczenlenen dostluk yeme\u011fine Genel Sekreter Burak \u00c7a\u011flan K\u0131z\u0131lhan, Y\u00f6netim Kurulu \u00dcyeleri Hulusi Belg\u00fc ve R\u0131fat Perahya ile FC Lugano CEO\u2019su Martin Blaser, Sportif Direkt\u00f6r\u00fc Carlos Da Silva, Spor Y\u00f6netim M\u00fcd\u00fcr\u00fc Luca Baldo ve CFO\u2019su Michele Campana kat\u0131ld\u0131.<\/p>\n<p>UEFA delegesi Emil Ubias\u2019\u0131n da yer ald\u0131\u011f\u0131 dostluk yeme\u011finin ard\u0131ndan iki tak\u0131m y\u00f6neticileri kar\u015f\u0131l\u0131kl\u0131 hediye takdiminde bulundu.<\/p>\n<\/div>\n<div><img decoding=\"async\" src=\"https:\/\/kamucalisani.net\/wp-content\/uploads\/2025\/10\/mac-ozeti-fenerbahce-tur-kapisini-araladi-lugano-deplasmaninda-4-golle-kazandi-38-JTs13C6S.jpg\"\/><\/div>\n<div>\n<div>\n<div><span><img decoding=\"async\" src=\"https:\/\/kamucalisani.net\/wp-content\/uploads\/2025\/10\/mac-ozeti-fenerbahce-tur-kapisini-araladi-lugano-deplasmaninda-4-golle-kazandi-2-zbQaapQX.jpg\"\/><\/img><\/span><\/div>\n<\/div>\n<\/div>\n<\/div>\n<div><span>18:24<\/span><span>23 Temmuz 2024<\/span><\/p>\n<div>MA\u00c7 \u00d6NCES\u0130 SON DETAYLAR<\/div>\n<div>\n<div>\n<div><span><img decoding=\"async\" src=\"https:\/\/kamucalisani.net\/wp-content\/uploads\/2025\/10\/mac-ozeti-fenerbahce-tur-kapisini-araladi-lugano-deplasmaninda-4-golle-kazandi-2-zbQaapQX.jpg\"\/><\/img><\/span><\/div>\n<\/div>\n<\/div>\n<\/div>\n<div><span>13:58<\/span><span>23 Temmuz 2024<\/span><\/p>\n<div>MA\u00c7 \u00d6NCES\u0130 SON GEL\u0130\u015eMELER<\/div>\n<div>\n<p>DHA Spor muhabiri Sezer Af\u015far, CNN T\u00fcrk yay\u0131n\u0131nda Lugano &#8211; Fenerbah\u00e7e kar\u015f\u0131la\u015fmas\u0131 \u00f6ncesi \u0130svi\u00e7re&#8217;den son geli\u015fmeleri aktard\u0131.<\/p>\n<\/div>\n<div>\n<div>\n<div><span><img decoding=\"async\" src=\"https:\/\/kamucalisani.net\/wp-content\/uploads\/2025\/10\/mac-ozeti-fenerbahce-tur-kapisini-araladi-lugano-deplasmaninda-4-golle-kazandi-2-zbQaapQX.jpg\"\/><\/img><\/span><\/div>\n<\/div>\n<\/div>\n<\/div>\n<div><span>13:57<\/span><span>23 Temmuz 2024<\/span><\/p>\n<div>CNN T\u00dcRK EKRANLARINDA DE\u011eERLEND\u0130RME<\/div>\n<div>\n<p>D-Smart Spor Direkt\u00f6r\u00fc Aykut Ayd\u0131n, CNN T\u00fcrk yay\u0131n\u0131nda Lugano &#8211; Fenerbah\u00e7e ma\u00e7\u0131n\u0131 de\u011ferlendirdi.<\/p>\n<p>Dev m\u00fcsabaka, bu ak\u015fam 21.30&#8217;da D-Smart ve D-Smart GO&#8217;da yay\u0131nlanacak.<\/p>\n<\/div>\n<div>\n<div>\n<div><span><img decoding=\"async\" src=\"https:\/\/kamucalisani.net\/wp-content\/uploads\/2025\/10\/mac-ozeti-fenerbahce-tur-kapisini-araladi-lugano-deplasmaninda-4-golle-kazandi-2-zbQaapQX.jpg\"\/><\/img><\/span><\/div>\n<\/div>\n<\/div>\n<\/div>\n<div><span>13:55<\/span><span>23 Temmuz 2024<\/span><\/p>\n<div>F.BAH\u00c7E&#8217;DEN MA\u00c7 G\u00dcN\u00dc PAYLA\u015eIMI<\/div>\n<div>\n<div>\n<div><span><img decoding=\"async\" src=\"https:\/\/kamucalisani.net\/wp-content\/uploads\/2025\/10\/mac-ozeti-fenerbahce-tur-kapisini-araladi-lugano-deplasmaninda-4-golle-kazandi-2-zbQaapQX.jpg\"\/><\/img><\/span><\/div>\n<\/div>\n<\/div>\n<\/div>\n<div><span>13:53<\/span><span>23 Temmuz 2024<\/span><\/p>\n<div>MAXIMIN KADRODA YOK<\/div>\n<div>\n<p>Fenerbah\u00e7e&#8217;nin Lugano ma\u00e7\u0131 kamp kadrosunda Allan Saint Maximin ve \u0130rfan Can E\u011fribayat yer almad\u0131. Allan Saint Maximin ile \u0130rfan Can E\u011fribayat, \u0130svi\u00e7re&#8217;ye getirilmedi.<\/p>\n<p>Jose Mourinho&#8217;nun \u015fans vermesi halinde bu isimler r\u00f6van\u015f ma\u00e7\u0131nda forma giyebilecek.<\/p>\n<\/div>\n<div>\n<div>\n<div><span><img decoding=\"async\" src=\"https:\/\/kamucalisani.net\/wp-content\/uploads\/2025\/10\/mac-ozeti-fenerbahce-tur-kapisini-araladi-lugano-deplasmaninda-4-golle-kazandi-2-zbQaapQX.jpg\"\/><\/img><\/span><\/div>\n<\/div>\n<\/div>\n<\/div>\n<div><span>13:53<\/span><span>23 Temmuz 2024<\/span><\/p>\n<div>D-SMART&#8217;TA YAYINLANACAK<\/div>\n<div>\n<p>Jose Mourinho y\u00f6netimindeki Fenerbah\u00e7e&#8217;nin 2024-2025 sezonunda oynayaca\u011f\u0131 ilk resmi ma\u00e7 D-Smart ve D-Smart GO&#8217;da futbolseverlerle bulu\u015facak.<\/p>\n<p>Heyecan dolu kar\u015f\u0131la\u015fman\u0131n canl\u0131 anlat\u0131m\u0131 SKORER&#8217;de olacak.<\/p>\n<\/div>\n<div>\n<div>\n<div><span><img decoding=\"async\" src=\"https:\/\/kamucalisani.net\/wp-content\/uploads\/2025\/10\/mac-ozeti-fenerbahce-tur-kapisini-araladi-lugano-deplasmaninda-4-golle-kazandi-2-zbQaapQX.jpg\"\/><\/img><\/span><\/div>\n<\/div>\n<\/div>\n<\/div>\n<div><span>13:53<\/span><span>23 Temmuz 2024<\/span><\/p>\n<div>G\u00d6REV PORTEK\u0130ZL\u0130 HAKEMDE<\/div>\n<div>\n<p>Lugano ile Fenerbah\u00e7e aras\u0131ndaki e\u015fle\u015fmenin ilk ma\u00e7\u0131nda Portekiz Futbol Federasyonu&#8217;ndan Tiago Martins d\u00fcd\u00fck \u00e7alacak. Tiago Martins&#8217;in yard\u0131mc\u0131l\u0131klar\u0131n\u0131 Bruno Jesus ile Hugo Andre Pires Ribeiro \u00fcstlenecek.<\/p>\n<\/div>\n<div>\n<div>\n<div><span><img decoding=\"async\" src=\"https:\/\/kamucalisani.net\/wp-content\/uploads\/2025\/10\/mac-ozeti-fenerbahce-tur-kapisini-araladi-lugano-deplasmaninda-4-golle-kazandi-2-zbQaapQX.jpg\"\/><\/img><\/span><\/div>\n<\/div>\n<\/div>\n<\/div>\n<div><span>13:53<\/span><span>23 Temmuz 2024<\/span><\/p>\n<div>THUN ARENA&#8217;DA OYNANACAK<\/div>\n<div>\n<p>Lugano ile Fenerbah\u00e7e aras\u0131ndaki kritik kar\u015f\u0131la\u015fma Thun \u015fehrinde bulunan Thun Arena&#8217;da oynanacak. Heyecan dolu m\u00fcsabaka 21.30&#8217;da ba\u015flayacak.<\/p>\n<p>Zorlu m\u00fccadelenin heyecan\u0131 SKORER ve D-Smart&#8217;ta ya\u015fanacak.<\/p>\n<\/div>\n<div>\n<div>\n<div><span><img decoding=\"async\" src=\"https:\/\/kamucalisani.net\/wp-content\/uploads\/2025\/10\/mac-ozeti-fenerbahce-tur-kapisini-araladi-lugano-deplasmaninda-4-golle-kazandi-2-zbQaapQX.jpg\"\/><\/img><\/span><\/div>\n<\/div>\n<\/div>\n<\/div>\n<div><span>13:52<\/span><span>23 Temmuz 2024<\/span> <\/p>\n<div>R\u00d6VAN\u015e GELECEK HAFTA<\/div>\n<div>\n<p>Lugano ile Fenerbah\u00e7e aras\u0131ndaki UEFA \u015eampiyonlar Ligi 2. \u00d6n Eleme Turu e\u015fle\u015fmesinde r\u00f6van\u015f ma\u00e7\u0131 Kad\u0131k\u00f6y&#8217;de oynanacak.<\/p>\n<p>Heyecan dolu m\u00fcsabaka 30 Temmuz \u00c7ar\u015famba g\u00fcn\u00fc 20.00&#8217;de ba\u015flayacak.<\/p>\n<\/div>\n<div>\n<div>\n<div><span><img decoding=\"async\" src=\"https:\/\/kamucalisani.net\/wp-content\/uploads\/2025\/10\/mac-ozeti-fenerbahce-tur-kapisini-araladi-lugano-deplasmaninda-4-golle-kazandi-2-zbQaapQX.jpg\"\/><\/img><\/span><\/div>\n<\/div>\n<\/div>\n<\/div>\n<div><span>13:52<\/span><span>23 Temmuz 2024<\/span><\/p>\n<div>DEV KADRO, USTA YORUMCULAR<\/div>\n<div>\n<p>Damla U\u011furt\u00fcrk ve Sezer Af\u015far, \u0130svi\u00e7re\u2019deki Stochorn Arena\u2019dan canl\u0131 ba\u011flant\u0131lar ve r\u00f6portajlarla ma\u00e7 \u00f6ncesi son durumu aktaracak. Ma\u00e7\u0131n anlat\u0131m\u0131nda ise mikrofon ba\u015f\u0131nda Alp \u00d6zgen ve Emre \u00d6zcan olacak.<\/p>\n<p>Kar\u015f\u0131la\u015fma sonras\u0131 Teknik Direkt\u00f6r Mourinho\u2019nun a\u00e7\u0131klamalar\u0131 ve futbolcular\u0131n de\u011ferlendirmeleri, \u201cMa\u00e7\u0131n Ard\u0131ndan\u201d program\u0131nda Berke Kosova\u2019n\u0131n sunumu, U\u011fur Demirk\u0131rd\u0131 ve Mesut Ayd\u0131n Kale\u2019nin yorumlar\u0131yla ekrana gelecek.<\/p>\n<\/div>\n<div>\n<div>\n<div><span><img decoding=\"async\" src=\"https:\/\/kamucalisani.net\/wp-content\/uploads\/2025\/10\/mac-ozeti-fenerbahce-tur-kapisini-araladi-lugano-deplasmaninda-4-golle-kazandi-2-zbQaapQX.jpg\"\/><\/img><\/span><\/div>\n<\/div>\n<\/div>\n<\/div>\n<div><span>13:52<\/span><span>23 Temmuz 2024<\/span><\/p>\n<div>D-SMART&#8217;TA M\u00dcTH\u0130\u015e GECE<\/div>\n<div>\n<p>Fenerbah\u00e7eliler, UEFA taraf\u0131ndan verilen \u00fc\u00e7 ma\u00e7l\u0131k deplasman trib\u00fcn\u00fc yasa\u011f\u0131 nedeniyle trib\u00fcnde yer alamayacak. Sar\u0131-lacivertliler, bu nedenle Lugano kar\u015f\u0131la\u015fmas\u0131n\u0131 televizyondan izlemek zorunda kalacak.<\/p>\n<p>Sezonun ilk resmi ma\u00e7\u0131n\u0131 T\u00fcrkiye\u2019de sadece D-Smart ve D-Smart GO\u2019dan canl\u0131 olarak yay\u0131nlanacak. Saat 20.00\u2019de ba\u015flayacak \u201cMa\u00e7a Do\u011fru\u201d program\u0131nda Aykut Ayd\u0131n, Ya\u011f\u0131z Sabuncuo\u011flu ve Semih Sezerli, kar\u015f\u0131la\u015fma \u00f6ncesi kadrolar\u0131 de\u011ferlendirecek.<\/p>\n<\/div>\n<div>\n<div>\n<div><span><img decoding=\"async\" src=\"https:\/\/kamucalisani.net\/wp-content\/uploads\/2025\/10\/mac-ozeti-fenerbahce-tur-kapisini-araladi-lugano-deplasmaninda-4-golle-kazandi-2-zbQaapQX.jpg\"\/><\/img><\/span><\/div>\n<\/div>\n<\/div>\n<\/div>\n<\/div>\n<div>\n<div><img decoding=\"async\" src=\"https:\/\/kamucalisani.net\/wp-content\/uploads\/2025\/10\/mac-ozeti-fenerbahce-tur-kapisini-araladi-lugano-deplasmaninda-4-golle-kazandi-51-wzqFikAz.jpg\"\/><\/img><\/p>\n<p><b>Canl\u0131 Anlat\u0131m \u00d6zeti<\/b><\/p>\n<\/div>\n<ul>\n<li><img decoding=\"async\" src=\"https:\/\/kamucalisani.net\/wp-content\/uploads\/2025\/10\/mac-ozeti-fenerbahce-tur-kapisini-araladi-lugano-deplasmaninda-4-golle-kazandi-52-1REr2wWj.jpg\"\/><\/img>R\u00d6VAN\u015e KADIK\u00d6Y&#8217;DE<\/li>\n<li><img decoding=\"async\" src=\"https:\/\/kamucalisani.net\/wp-content\/uploads\/2025\/10\/mac-ozeti-fenerbahce-tur-kapisini-araladi-lugano-deplasmaninda-4-golle-kazandi-52-1REr2wWj.jpg\"\/><\/img>KAZANAN FENERBAH\u00c7E<\/li>\n<li><img decoding=\"async\" src=\"https:\/\/kamucalisani.net\/wp-content\/uploads\/2025\/10\/mac-ozeti-fenerbahce-tur-kapisini-araladi-lugano-deplasmaninda-4-golle-kazandi-52-1REr2wWj.jpg\"\/><\/img>VALENZUELA SKORU BEL\u0130RLED\u0130<\/li>\n<li><img decoding=\"async\" src=\"https:\/\/kamucalisani.net\/wp-content\/uploads\/2025\/10\/mac-ozeti-fenerbahce-tur-kapisini-araladi-lugano-deplasmaninda-4-golle-kazandi-52-1REr2wWj.jpg\"\/><\/img>FERD\u0130&#8217;DEN ENFES GOL<\/li>\n<li><img decoding=\"async\" src=\"https:\/\/kamucalisani.net\/wp-content\/uploads\/2025\/10\/mac-ozeti-fenerbahce-tur-kapisini-araladi-lugano-deplasmaninda-4-golle-kazandi-52-1REr2wWj.jpg\"\/><\/img>OOSTERWOLDE&#8217;YE KART \u00c7IKTI<\/li>\n<li><img decoding=\"async\" src=\"https:\/\/kamucalisani.net\/wp-content\/uploads\/2025\/10\/mac-ozeti-fenerbahce-tur-kapisini-araladi-lugano-deplasmaninda-4-golle-kazandi-52-1REr2wWj.jpg\"\/><\/img>MOURINHO&#8217;DAN 3 HAMLE<\/li>\n<li><img decoding=\"async\" src=\"https:\/\/kamucalisani.net\/wp-content\/uploads\/2025\/10\/mac-ozeti-fenerbahce-tur-kapisini-araladi-lugano-deplasmaninda-4-golle-kazandi-52-1REr2wWj.jpg\"\/><\/img>DZEKO HAT-TRICK YAPTI<\/li>\n<li><img decoding=\"async\" src=\"https:\/\/kamucalisani.net\/wp-content\/uploads\/2025\/10\/mac-ozeti-fenerbahce-tur-kapisini-araladi-lugano-deplasmaninda-4-golle-kazandi-52-1REr2wWj.jpg\"\/><\/img>LUGANO BERABERL\u0130\u011e\u0130 YAKALADI<\/li>\n<li><img decoding=\"async\" src=\"https:\/\/kamucalisani.net\/wp-content\/uploads\/2025\/10\/mac-ozeti-fenerbahce-tur-kapisini-araladi-lugano-deplasmaninda-4-golle-kazandi-52-1REr2wWj.jpg\"\/><\/img>2 KART B\u0130RDEN \u00c7IKTI<\/li>\n<li><img decoding=\"async\" src=\"https:\/\/kamucalisani.net\/wp-content\/uploads\/2025\/10\/mac-ozeti-fenerbahce-tur-kapisini-araladi-lugano-deplasmaninda-4-golle-kazandi-52-1REr2wWj.jpg\"\/><\/img>DZEKO&#8217;DAN M\u00dcTH\u0130\u015e GOL<\/li>\n<li><img decoding=\"async\" src=\"https:\/\/kamucalisani.net\/wp-content\/uploads\/2025\/10\/mac-ozeti-fenerbahce-tur-kapisini-araladi-lugano-deplasmaninda-4-golle-kazandi-52-1REr2wWj.jpg\"\/><\/img>\u0130K\u0130NC\u0130 YARI BA\u015eLADI<\/li>\n<li><img decoding=\"async\" src=\"https:\/\/kamucalisani.net\/wp-content\/uploads\/2025\/10\/mac-ozeti-fenerbahce-tur-kapisini-araladi-lugano-deplasmaninda-4-golle-kazandi-52-1REr2wWj.jpg\"\/><\/img>\u0130LK YARIDA 2 GOL SES\u0130<\/li>\n<li><img decoding=\"async\" src=\"https:\/\/kamucalisani.net\/wp-content\/uploads\/2025\/10\/mac-ozeti-fenerbahce-tur-kapisini-araladi-lugano-deplasmaninda-4-golle-kazandi-52-1REr2wWj.jpg\"\/><\/img>TADIC&#8217;E KART \u00c7IKTI<\/li>\n<li><img decoding=\"async\" src=\"https:\/\/kamucalisani.net\/wp-content\/uploads\/2025\/10\/mac-ozeti-fenerbahce-tur-kapisini-araladi-lugano-deplasmaninda-4-golle-kazandi-52-1REr2wWj.jpg\"\/><\/img>DZEKO A\u011eLARI HAVALANDIRDI<\/li>\n<li><img decoding=\"async\" src=\"https:\/\/kamucalisani.net\/wp-content\/uploads\/2025\/10\/mac-ozeti-fenerbahce-tur-kapisini-araladi-lugano-deplasmaninda-4-golle-kazandi-52-1REr2wWj.jpg\"\/><\/img>PENALTI KARARI<\/li>\n<li><img decoding=\"async\" src=\"https:\/\/kamucalisani.net\/wp-content\/uploads\/2025\/10\/mac-ozeti-fenerbahce-tur-kapisini-araladi-lugano-deplasmaninda-4-golle-kazandi-52-1REr2wWj.jpg\"\/><\/img>SZYMANSKI D\u0130RE\u011eE TAKILDI<\/li>\n<li><img decoding=\"async\" src=\"https:\/\/kamucalisani.net\/wp-content\/uploads\/2025\/10\/mac-ozeti-fenerbahce-tur-kapisini-araladi-lugano-deplasmaninda-4-golle-kazandi-52-1REr2wWj.jpg\"\/><\/img>SON ANDA SAIPI<\/li>\n<li><img decoding=\"async\" src=\"https:\/\/kamucalisani.net\/wp-content\/uploads\/2025\/10\/mac-ozeti-fenerbahce-tur-kapisini-araladi-lugano-deplasmaninda-4-golle-kazandi-52-1REr2wWj.jpg\"\/><\/img>AYMAN EL WAFI&#8217;YE KART \u00c7IKTI<\/li>\n<li><img decoding=\"async\" src=\"https:\/\/kamucalisani.net\/wp-content\/uploads\/2025\/10\/mac-ozeti-fenerbahce-tur-kapisini-araladi-lugano-deplasmaninda-4-golle-kazandi-52-1REr2wWj.jpg\"\/><\/img>SZYMANSKI SAVUNMAYA TAKILDI<\/li>\n<li><img decoding=\"async\" src=\"https:\/\/kamucalisani.net\/wp-content\/uploads\/2025\/10\/mac-ozeti-fenerbahce-tur-kapisini-araladi-lugano-deplasmaninda-4-golle-kazandi-52-1REr2wWj.jpg\"\/><\/img>\u00c7A\u011eLAR&#8217;A KART \u00c7IKTI<\/li>\n<li><img decoding=\"async\" src=\"https:\/\/kamucalisani.net\/wp-content\/uploads\/2025\/10\/mac-ozeti-fenerbahce-tur-kapisini-araladi-lugano-deplasmaninda-4-golle-kazandi-52-1REr2wWj.jpg\"\/><\/img>OOSTERWOLDE ARAYA G\u0130RD\u0130<\/li>\n<li><img decoding=\"async\" src=\"https:\/\/kamucalisani.net\/wp-content\/uploads\/2025\/10\/mac-ozeti-fenerbahce-tur-kapisini-araladi-lugano-deplasmaninda-4-golle-kazandi-52-1REr2wWj.jpg\"\/><\/img>LUGANO \u00d6NE GE\u00c7T\u0130<\/li>\n<li><img decoding=\"async\" src=\"https:\/\/kamucalisani.net\/wp-content\/uploads\/2025\/10\/mac-ozeti-fenerbahce-tur-kapisini-araladi-lugano-deplasmaninda-4-golle-kazandi-52-1REr2wWj.jpg\"\/><\/img>SON ANDA LIVAKOVIC<\/li>\n<li><img decoding=\"async\" src=\"https:\/\/kamucalisani.net\/wp-content\/uploads\/2025\/10\/mac-ozeti-fenerbahce-tur-kapisini-araladi-lugano-deplasmaninda-4-golle-kazandi-52-1REr2wWj.jpg\"\/><\/img>TARAFTARDAN B\u00dcY\u00dcK DESTEK<\/li>\n<li><img decoding=\"async\" src=\"https:\/\/kamucalisani.net\/wp-content\/uploads\/2025\/10\/mac-ozeti-fenerbahce-tur-kapisini-araladi-lugano-deplasmaninda-4-golle-kazandi-52-1REr2wWj.jpg\"\/><\/img>LUGANOLU FUTBOLCULARA ISLIK<\/li>\n<li><img decoding=\"async\" src=\"https:\/\/kamucalisani.net\/wp-content\/uploads\/2025\/10\/mac-ozeti-fenerbahce-tur-kapisini-araladi-lugano-deplasmaninda-4-golle-kazandi-52-1REr2wWj.jpg\"\/><\/img>&#8220;HER YER SARI-LAC\u0130VERT&#8221;<\/li>\n<li><img decoding=\"async\" src=\"https:\/\/kamucalisani.net\/wp-content\/uploads\/2025\/10\/mac-ozeti-fenerbahce-tur-kapisini-araladi-lugano-deplasmaninda-4-golle-kazandi-52-1REr2wWj.jpg\"\/><\/img>LUGANO&#8217;NUN 11&#8217;\u0130 BELL\u0130 OLDU<\/li>\n<li><img decoding=\"async\" src=\"https:\/\/kamucalisani.net\/wp-content\/uploads\/2025\/10\/mac-ozeti-fenerbahce-tur-kapisini-araladi-lugano-deplasmaninda-4-golle-kazandi-52-1REr2wWj.jpg\"\/><\/img>F.BAH\u00c7E&#8217;N\u0130N 11&#8217;\u0130 BELL\u0130 OLDU<\/li>\n<li><img decoding=\"async\" src=\"https:\/\/kamucalisani.net\/wp-content\/uploads\/2025\/10\/mac-ozeti-fenerbahce-tur-kapisini-araladi-lugano-deplasmaninda-4-golle-kazandi-52-1REr2wWj.jpg\"\/><\/img>F.BAH\u00c7E BEYAZ FORMA G\u0130YECEK<\/li>\n<li><img decoding=\"async\" src=\"https:\/\/kamucalisani.net\/wp-content\/uploads\/2025\/10\/mac-ozeti-fenerbahce-tur-kapisini-araladi-lugano-deplasmaninda-4-golle-kazandi-52-1REr2wWj.jpg\"\/><\/img>F.BAH\u00c7E FUTBOLCULARI SAHADA<\/li>\n<li><img decoding=\"async\" src=\"https:\/\/kamucalisani.net\/wp-content\/uploads\/2025\/10\/mac-ozeti-fenerbahce-tur-kapisini-araladi-lugano-deplasmaninda-4-golle-kazandi-52-1REr2wWj.jpg\"\/><\/img>LUGANO FUTBOLCULARI SAHADA<\/li>\n<li><img decoding=\"async\" src=\"https:\/\/kamucalisani.net\/wp-content\/uploads\/2025\/10\/mac-ozeti-fenerbahce-tur-kapisini-araladi-lugano-deplasmaninda-4-golle-kazandi-52-1REr2wWj.jpg\"\/><\/img>Y\u00d6NET\u0130C\u0130LER DOSTLUK YEME\u011e\u0130NDE BULU\u015eTU<\/li>\n<li><img decoding=\"async\" src=\"https:\/\/kamucalisani.net\/wp-content\/uploads\/2025\/10\/mac-ozeti-fenerbahce-tur-kapisini-araladi-lugano-deplasmaninda-4-golle-kazandi-52-1REr2wWj.jpg\"\/><\/img>MA\u00c7 \u00d6NCES\u0130 SON DETAYLAR<\/li>\n<li><img decoding=\"async\" src=\"https:\/\/kamucalisani.net\/wp-content\/uploads\/2025\/10\/mac-ozeti-fenerbahce-tur-kapisini-araladi-lugano-deplasmaninda-4-golle-kazandi-52-1REr2wWj.jpg\"\/><\/img>MA\u00c7 \u00d6NCES\u0130 SON GEL\u0130\u015eMELER<\/li>\n<li><img decoding=\"async\" src=\"https:\/\/kamucalisani.net\/wp-content\/uploads\/2025\/10\/mac-ozeti-fenerbahce-tur-kapisini-araladi-lugano-deplasmaninda-4-golle-kazandi-52-1REr2wWj.jpg\"\/><\/img>CNN T\u00dcRK EKRANLARINDA DE\u011eERLEND\u0130RME<\/li>\n<li><img decoding=\"async\" src=\"https:\/\/kamucalisani.net\/wp-content\/uploads\/2025\/10\/mac-ozeti-fenerbahce-tur-kapisini-araladi-lugano-deplasmaninda-4-golle-kazandi-52-1REr2wWj.jpg\"\/><\/img>F.BAH\u00c7E&#8217;DEN MA\u00c7 G\u00dcN\u00dc PAYLA\u015eIMI<\/li>\n<li><img decoding=\"async\" src=\"https:\/\/kamucalisani.net\/wp-content\/uploads\/2025\/10\/mac-ozeti-fenerbahce-tur-kapisini-araladi-lugano-deplasmaninda-4-golle-kazandi-52-1REr2wWj.jpg\"\/><\/img>MAXIMIN KADRODA YOK<\/li>\n<li><img decoding=\"async\" src=\"https:\/\/kamucalisani.net\/wp-content\/uploads\/2025\/10\/mac-ozeti-fenerbahce-tur-kapisini-araladi-lugano-deplasmaninda-4-golle-kazandi-52-1REr2wWj.jpg\"\/><\/img>D-SMART&#8217;TA YAYINLANACAK<\/li>\n<li><img decoding=\"async\" src=\"https:\/\/kamucalisani.net\/wp-content\/uploads\/2025\/10\/mac-ozeti-fenerbahce-tur-kapisini-araladi-lugano-deplasmaninda-4-golle-kazandi-52-1REr2wWj.jpg\"\/><\/img>G\u00d6REV PORTEK\u0130ZL\u0130 HAKEMDE<\/li>\n<li><img decoding=\"async\" src=\"https:\/\/kamucalisani.net\/wp-content\/uploads\/2025\/10\/mac-ozeti-fenerbahce-tur-kapisini-araladi-lugano-deplasmaninda-4-golle-kazandi-52-1REr2wWj.jpg\"\/><\/img>THUN ARENA&#8217;DA OYNANACAK<\/li>\n<li><img decoding=\"async\" src=\"https:\/\/kamucalisani.net\/wp-content\/uploads\/2025\/10\/mac-ozeti-fenerbahce-tur-kapisini-araladi-lugano-deplasmaninda-4-golle-kazandi-52-1REr2wWj.jpg\"\/><\/img>R\u00d6VAN\u015e GELECEK HAFTA<\/li>\n<li><img decoding=\"async\" src=\"https:\/\/kamucalisani.net\/wp-content\/uploads\/2025\/10\/mac-ozeti-fenerbahce-tur-kapisini-araladi-lugano-deplasmaninda-4-golle-kazandi-52-1REr2wWj.jpg\"\/><\/img>DEV KADRO, USTA YORUMCULAR<\/li>\n<li><img decoding=\"async\" src=\"https:\/\/kamucalisani.net\/wp-content\/uploads\/2025\/10\/mac-ozeti-fenerbahce-tur-kapisini-araladi-lugano-deplasmaninda-4-golle-kazandi-52-1REr2wWj.jpg\"\/><\/img>D-SMART&#8217;TA M\u00dcTH\u0130\u015e GECE<\/li>\n<\/ul>\n<\/div>\n<\/section>\n<p><\/p>\n<p>Kaynak :\u00a0<span style=\"background-color: rgb(255, 249, 236); color: rgb(55, 58, 60); font-size: 14px;\">http:\/\/www.milliyet.com.tr\/skorer\/live-fenerbahce-tur-kapisini-araladi-lugano-deplasmaninda-4-golle-kazandi-7160144<\/span><\/p>\n","protected":false},"excerpt":{"rendered":"<p>Jose Mourinho y\u00f6netimindeki Fenerbah\u00e7e, UEFA \u015eampiyonlar Ligi 2. \u00d6n Eleme Turu&#8217;ndaki ilk ma\u00e7\u0131nda Lugano&#8217;yu deplasmanda ma\u011flup etti. Dev heyecan D-Smart&#8217;tan yay\u0131nland\u0131.<\/p>\n","protected":false},"author":1,"featured_media":121171,"comment_status":"open","ping_status":"open","sticky":false,"template":"","format":"standard","meta":{"footnotes":""},"categories":[7],"tags":[7965,184,289,7920,997],"class_list":["post-121170","post","type-post","status-publish","format-standard","has-post-thumbnail","hentry","category-spor","tag-23-temmuz","tag-fenerbahce","tag-gol","tag-lugano","tag-top"],"_links":{"self":[{"href":"https:\/\/kamucalisani.net\/index.php\/wp-json\/wp\/v2\/posts\/121170","targetHints":{"allow":["GET"]}}],"collection":[{"href":"https:\/\/kamucalisani.net\/index.php\/wp-json\/wp\/v2\/posts"}],"about":[{"href":"https:\/\/kamucalisani.net\/index.php\/wp-json\/wp\/v2\/types\/post"}],"author":[{"embeddable":true,"href":"https:\/\/kamucalisani.net\/index.php\/wp-json\/wp\/v2\/users\/1"}],"replies":[{"embeddable":true,"href":"https:\/\/kamucalisani.net\/index.php\/wp-json\/wp\/v2\/comments?post=121170"}],"version-history":[{"count":1,"href":"https:\/\/kamucalisani.net\/index.php\/wp-json\/wp\/v2\/posts\/121170\/revisions"}],"predecessor-version":[{"id":121267,"href":"https:\/\/kamucalisani.net\/index.php\/wp-json\/wp\/v2\/posts\/121170\/revisions\/121267"}],"wp:featuredmedia":[{"embeddable":true,"href":"https:\/\/kamucalisani.net\/index.php\/wp-json\/wp\/v2\/media\/121171"}],"wp:attachment":[{"href":"https:\/\/kamucalisani.net\/index.php\/wp-json\/wp\/v2\/media?parent=121170"}],"wp:term":[{"taxonomy":"category","embeddable":true,"href":"https:\/\/kamucalisani.net\/index.php\/wp-json\/wp\/v2\/categories?post=121170"},{"taxonomy":"post_tag","embeddable":true,"href":"https:\/\/kamucalisani.net\/index.php\/wp-json\/wp\/v2\/tags?post=121170"}],"curies":[{"name":"wp","href":"https:\/\/api.w.org\/{rel}","templated":true}]}}