{"id":121396,"date":"2025-10-06T23:48:13","date_gmt":"2025-10-06T23:48:13","guid":{"rendered":"https:\/\/kamucalisani.net\/?p=121396"},"modified":"2025-10-06T23:48:13","modified_gmt":"2025-10-06T23:48:13","slug":"teror-orgutune-abdden-yeni-kalkan","status":"publish","type":"post","link":"https:\/\/kamucalisani.net\/index.php\/2025\/10\/06\/teror-orgutune-abdden-yeni-kalkan\/","title":{"rendered":"Ter\u00f6r \u00f6rg\u00fct\u00fcne ABD\u2019den yeni kalkan"},"content":{"rendered":"<p><p>ABD ordusu, Suriye\u2019nin kuzeydo\u011fusunda ter\u00f6r \u00f6rg\u00fct\u00fc PKK\u2019nun kolu YPG\u2019nin denetimindeki Haseke ilinde yer alan \u00fcss\u00fcne, askeri takviyede bulundu.\u00a0<\/p>\n<p>B\u00f6lgeden gelen bilgilere g\u00f6re; ABD g\u00fc\u00e7lerine ait konvoy, 14 Temmuz\u2019da Irak ile Suriye aras\u0131ndaki El-Velid S\u0131n\u0131r Kap\u0131s\u0131\u2019ndan Haseke\u2019ye giri\u015f yapt\u0131. Aralar\u0131nda ABD askerlerini ta\u015f\u0131yan \u201cBradley\u201d tipi z\u0131rhl\u0131 ara\u00e7lar\u0131n da bulundu\u011fu 40 ara\u00e7l\u0131k konvoy, Haseke\u2019ye ba\u011fl\u0131 \u015eeddadi il\u00e7esindeki askeri \u00fcsse gitti. Konvoyda m\u00fchimmat, prefabrik odalar ve Avenger Hava Savunma Sistemi silahlar\u0131 y\u00fckl\u00fc ara\u00e7lar yer ald\u0131.<\/p>\n<p><strong>Menzili 443 kilometre<\/strong><\/p>\n<p>Azami menzili 443 km olan 4 adet Avenger Hava Savunma Sistemi, a\u011f\u0131rl\u0131kl\u0131 olarak \u0130HA, al\u00e7ak irtifa u\u00e7aklar\u0131 ve helikopterlere kar\u015f\u0131 kullan\u0131l\u0131yor.<\/p>\n<p><strong>YPG i\u00e7in g\u00f6nderildi<\/strong><\/p>\n<p>Kaynaklar ABD \u00fcss\u00fcne kurulan 4 adet hava savunma sisteminin YPG i\u00e7in g\u00f6nderildi\u011fini belirtiyor. ABD\u2019nin daha \u00f6nce de ter\u00f6r \u00f6gr\u00fct\u00fcn\u00fcn Suriye kolu YPG\u2019ye hava savunma sistemi verdi\u011fi iddia edilmi\u015fti. \u0130ddialar ilgili olarak resmi makamlardan bir a\u00e7\u0131klama yap\u0131lmad\u0131.<\/p>\n<div>\n<div><img decoding=\"async\" src=\"https:\/\/kamucalisani.net\/wp-content\/uploads\/2025\/10\/teror-orgutune-abdden-yeni-kalkan-0-28D2kv7F.jpg\"\/><\/img><\/div>\n<\/div>\n<p><strong>Mazlum Abdi \u00fcss\u00fc kullan\u0131yor<\/strong><\/p>\n<p>T\u00fcrk Silahl\u0131 Kuvvetleri (TSK), Suriye\u2019nin kuzeyinde ter\u00f6rle m\u00fccadelede \u0130HA ile S\u0130HA\u2019lar\u0131 aktif olarak kullan\u0131yor. ABD\u2019nin, Haseke\u2019deki ter\u00f6ristlere e\u011fitim verdi\u011fi, ayr\u0131ca m\u00fchimmat te\u00e7hizat deste\u011fi sa\u011flad\u0131\u011f\u0131 daha \u00f6nce kamuyounun g\u00fcndemine gelmi\u015fti. Ter\u00f6r \u00f6rg\u00fct\u00fc eleba\u015f\u0131 Mazlum Abdi\u2019nin, zaman zaman b\u00f6lgedeki ABD \u00fcslerinde ABD\u2019li komutanlarla toplant\u0131lar yapt\u0131\u011f\u0131 biliniyor. Abdi\u2019nin ABD \u00fcss\u00fcnde kald\u0131\u011f\u0131 da kamuoyuna yans\u0131m\u0131\u015ft\u0131.<\/p>\n<p><strong>Ukrayna\u2019ya da g\u00f6nderdi<\/strong><\/p>\n<p>ABD, Ukrayna\u2019ya yapt\u0131\u011f\u0131 400 milyon dolarl\u0131k askeri yard\u0131m kapsam\u0131nda bu \u00fclkeye de 4 adet Avenger hava savunma sistemi g\u00f6ndermi\u015f, Pentagon\u2019dan yap\u0131lan a\u00e7\u0131klamada sistemin sivil alanlara koruyucu bir a\u011f olu\u015fturmas\u0131 amac\u0131yla Ukrayna\u2019ya g\u00f6nderildi\u011fi belirtilmi\u015fti.<\/p>\n<p><strong>\u2018Yasakl\u0131 \u00f6rg\u00fct\u2019 s\u0131fat\u0131 kullan\u0131lacak<\/strong><\/p>\n<p>Irak h\u00fck\u00fcmeti, devlet kurumlar\u0131ndaki resmi yaz\u0131\u015fmalarda ter\u00f6r \u00f6rg\u00fct\u00fc PKK\u2019n\u0131n \u201cyasakl\u0131 \u00f6rg\u00fct\u201d \u015feklinde tan\u0131mlanmas\u0131 talimat\u0131 verdi. Yerel medyada \u00e7\u0131kan haberlere g\u00f6re, Irak Meclisi\u2019ne ula\u015fan resmi yaz\u0131da, Ba\u015fbakan Muhammed \u015eiya es-Sudani\u2019nin ter\u00f6r \u00f6rg\u00fct\u00fc PKK ile ilgili yeni talimat\u0131 yer ald\u0131. Buna g\u00f6re, Ba\u015fbakan Sudani, resmi kurumlardaki yaz\u0131\u015fmalarda ter\u00f6r \u00f6rg\u00fct\u00fc PKK i\u00e7in \u201cyasakl\u0131 \u00f6rg\u00fct\u201d ifadesinin kullan\u0131lmas\u0131n\u0131 istedi. Irak h\u00fck\u00fcmeti, daha \u00f6nce ter\u00f6r \u00f6rg\u00fct\u00fc PKK\u2019y\u0131 \u201cyasakl\u0131 \u00f6rg\u00fct\u201d ilan etmi\u015fti.<\/p>\n<div>\n<div><img decoding=\"async\" src=\"https:\/\/kamucalisani.net\/wp-content\/uploads\/2025\/10\/teror-orgutune-abdden-yeni-kalkan-1-nVhqaI7H.jpg\"\/><\/img><\/div>\n<\/div>\n<p><strong>\u0130ki bakan g\u00f6r\u00fc\u015ft\u00fc<\/strong><\/p>\n<p>D\u0131\u015fi\u015fleri Bakan\u0131 Hakan Fidan d\u00fcn Milli Savunma Bakan\u0131 Ya\u015far G\u00fcler ile bir araya geldi. D\u0131\u015fi\u015fleri Bakanl\u0131\u011f\u0131, X sosyal medya hesab\u0131ndan yapt\u0131\u011f\u0131 payla\u015f\u0131mda, Fidan ve G\u00fcler\u2019in g\u00f6r\u00fc\u015fmesine ili\u015fkin foto\u011fraf payla\u015f\u0131ld\u0131.<\/p>\n<p><strong>\u2018Ter\u00f6r propagandas\u0131\u2019 i\u00e7eren videoya 9 g\u00f6zalt\u0131<\/strong><\/p>\n<p>Mersin\u2019de ter\u00f6rist ba\u015f\u0131 \u201cAbdullah \u00d6calan\u201d sloganlar\u0131 e\u015fli\u011finde sahil kenar\u0131nda halay \u00e7eken grupta yer alan 11 ki\u015fiden 9\u2019u g\u00f6zalt\u0131na al\u0131nd\u0131. \u0130\u00e7i\u015fleri Bakan\u0131 Ali Yerlikaya, sosyal medyada hesab\u0131ndan yapt\u0131\u011f\u0131 a\u00e7\u0131klamada, s\u00f6z kosunu ki\u015filerin kimliklerin tespitinin yap\u0131ld\u0131\u011f\u0131n\u0131 belirterek \u015funlar\u0131 kaydetti: \u201c1 \u015f\u00fcphelinin olaydan sonra \u2018uyu\u015fturucu madde kullanmak\u2019 su\u00e7undan tutukland\u0131\u011f\u0131 ve cezaevinde oldu\u011fu belirlenmi\u015f, 9 \u015f\u00fcpheli ise yakalanm\u0131\u015ft\u0131r. 1 firari \u015f\u00fcphelinin yakalama \u00e7al\u0131\u015fmalar\u0131 devam etmektedir.\u201d<\/p>\n\n<p><\/p>\n<p>Kaynak :\u00a0<span style=\"background-color: rgb(255, 249, 236); color: rgb(55, 58, 60); font-size: 14px;\">http:\/\/www.milliyet.com.tr\/gundem\/teror-orgutune-abdden-yeni-kalkan-7160455<\/span><\/p>\n","protected":false},"excerpt":{"rendered":"<p>ABD, Suriye\u2019nin kuzeydo\u011fusunda ter\u00f6r \u00f6rg\u00fct\u00fc PKK\/YPG\u2019nin denetimindeki Haseke\u2019deki \u00fcss\u00fcne, askeri takviye yapt\u0131. Ter\u00f6r \u00f6rg\u00fct\u00fc eleba\u015f\u0131 Mazlum Abdi\u2019nin de zaman zaman\u00a0kald\u0131\u011f\u0131\u00a0\u00fcsse kurulan hava savunma sisteminin YPG i\u00e7in g\u00f6nderildi\u011fi belirtiliyor&#8230;<\/p>\n","protected":false},"author":1,"featured_media":121397,"comment_status":"open","ping_status":"open","sticky":false,"template":"","format":"standard","meta":{"footnotes":""},"categories":[3],"tags":[431,224,8047,231,8046],"class_list":["post-121396","post","type-post","status-publish","format-standard","has-post-thumbnail","hentry","category-guncel","tag-abd","tag-bakan","tag-hava-savunma-sistemi","tag-teror","tag-teror-orgutu-pkk"],"_links":{"self":[{"href":"https:\/\/kamucalisani.net\/index.php\/wp-json\/wp\/v2\/posts\/121396","targetHints":{"allow":["GET"]}}],"collection":[{"href":"https:\/\/kamucalisani.net\/index.php\/wp-json\/wp\/v2\/posts"}],"about":[{"href":"https:\/\/kamucalisani.net\/index.php\/wp-json\/wp\/v2\/types\/post"}],"author":[{"embeddable":true,"href":"https:\/\/kamucalisani.net\/index.php\/wp-json\/wp\/v2\/users\/1"}],"replies":[{"embeddable":true,"href":"https:\/\/kamucalisani.net\/index.php\/wp-json\/wp\/v2\/comments?post=121396"}],"version-history":[{"count":1,"href":"https:\/\/kamucalisani.net\/index.php\/wp-json\/wp\/v2\/posts\/121396\/revisions"}],"predecessor-version":[{"id":121400,"href":"https:\/\/kamucalisani.net\/index.php\/wp-json\/wp\/v2\/posts\/121396\/revisions\/121400"}],"wp:featuredmedia":[{"embeddable":true,"href":"https:\/\/kamucalisani.net\/index.php\/wp-json\/wp\/v2\/media\/121397"}],"wp:attachment":[{"href":"https:\/\/kamucalisani.net\/index.php\/wp-json\/wp\/v2\/media?parent=121396"}],"wp:term":[{"taxonomy":"category","embeddable":true,"href":"https:\/\/kamucalisani.net\/index.php\/wp-json\/wp\/v2\/categories?post=121396"},{"taxonomy":"post_tag","embeddable":true,"href":"https:\/\/kamucalisani.net\/index.php\/wp-json\/wp\/v2\/tags?post=121396"}],"curies":[{"name":"wp","href":"https:\/\/api.w.org\/{rel}","templated":true}]}}