{"id":122599,"date":"2025-10-09T08:12:06","date_gmt":"2025-10-09T08:12:06","guid":{"rendered":"https:\/\/kamucalisani.net\/?p=122599"},"modified":"2025-10-09T08:12:06","modified_gmt":"2025-10-09T08:12:06","slug":"son-dakika-iyi-partide-dikkat-ceken-bir-istifa-daha","status":"publish","type":"post","link":"https:\/\/kamucalisani.net\/index.php\/2025\/10\/09\/son-dakika-iyi-partide-dikkat-ceken-bir-istifa-daha\/","title":{"rendered":"Son dakika: \u0130Y\u0130 Parti&#8217;de dikkat \u00e7eken bir istifa daha"},"content":{"rendered":"<p><p>\u0130Y\u0130 Parti \u0130stanbul Milletvekili Nimet \u00d6zdemir partisinden istifa etti. \u0130yi Parti Milletvekili \u00d6zdemir, sosyal medya hesab\u0131ndan a\u00e7\u0131klamada, &#8220;Siyasi hayat\u0131m\u0131n ba\u015flang\u0131\u00e7 noktas\u0131 ve inand\u0131\u011f\u0131m de\u011ferler u\u011fruna b\u00fcy\u00fck m\u00fccadele verdi\u011fim \u0130yi Parti\u2019den, g\u00f6n\u00fcl ba\u011f\u0131m\u0131 kopard\u0131\u011f\u0131m i\u00e7in ayr\u0131lm\u0131\u015f bulunmaktay\u0131m.&#8221; ifadelerini kulland\u0131.<\/p>\n<p>\u0130Y\u0130 Parti \u0130stanbul Milletvekili Nimet \u00d6zdemir&#8217;in sosyal medya hesab\u0131ndan yapt\u0131\u011f\u0131 a\u00e7\u0131klama \u015f\u00f6yle: Siyasi hayat\u0131m\u0131n ba\u015flang\u0131\u00e7 noktas\u0131 ve inand\u0131\u011f\u0131m de\u011ferler u\u011fruna b\u00fcy\u00fck m\u00fccadele verdi\u011fim \u0130Y\u0130 Parti\u2019den, g\u00f6n\u00fcl ba\u011f\u0131m\u0131 kopard\u0131\u011f\u0131m i\u00e7in ayr\u0131lm\u0131\u015f bulunmaktay\u0131m.<\/p>\n<p>Bir Vekil olarak, sadece beni se\u00e7enlerin, se\u00e7im b\u00f6lgemdeki vatanda\u015flar\u0131m\u0131z\u0131n de\u011fil, b\u00fct\u00fcn T\u00fcrkiye\u2019nin Vekili oldu\u011fumun bilincindeyim. Se\u00e7im kampanyam\u0131; Yeti\u015ftirme Yurtlar\u0131ndan \u00e7\u0131kan k\u0131z \u00e7ocuklar\u0131m\u0131z, hem anne hem baba olmak zorunda olan kad\u0131nlar\u0131m\u0131z, engellilerimiz ve sahipsiz hayvanlar\u0131m\u0131za \u00e7are olacak m\u00fccadele i\u00e7in girdi\u011fimi, bu vesileyle de Vekilli\u011fi kazand\u0131\u011f\u0131m\u0131 biliyorum. S\u00f6z\u00fcn\u00fc verdi\u011fim d\u00f6rt ba\u015fl\u0131k ba\u015fta olmak \u00fczere, vatanda\u015flar\u0131m\u0131z\u0131n ya\u015fad\u0131klar\u0131 sorunlara \u00e7are olmak ad\u0131na \u00e7al\u0131\u015fmalar\u0131ma devam edece\u011fimden emin olun.<\/p>\n<p>Benim i\u00e7in \u00f6nemli olan; de\u011ferlerimden, inan\u00e7lar\u0131mdan vazge\u00e7meden bunlar\u0131 savunmak. Bundan sonraki Vekillik hayat\u0131mda bu ilkeler do\u011frultusunda t\u00fcm g\u00fcc\u00fcmle \u00e7al\u0131\u015fmaya devam edece\u011fim. Bana oy verenleri utand\u0131rmayaca\u011f\u0131m.<\/p>\n<p><strong>SANDALYE SAYISI 32 OLDU<\/strong><\/p>\n<p>Nimet \u00d6zdemir istifas\u0131yla \u0130Y\u0130 Parti&#8217;nin Meclis&#8217;teki sandalye say\u0131s\u0131 32&#8217;ye d\u00fc\u015ferken ba\u011f\u0131ms\u0131z milletvekili say\u0131s\u0131 9 oldu.<\/p>\n<p>\u00a0<\/p>\n<p>\u00a0<\/p>\n<p>\u00a0<\/p>\n\n<p><\/p>\n<p>Kaynak :\u00a0<span style=\"background-color: rgb(255, 249, 236); color: rgb(55, 58, 60); font-size: 14px;\">http:\/\/www.milliyet.com.tr\/gundem\/son-dakika-iyi-partide-bir-istifa-daha-7160759<\/span><\/p>\n","protected":false},"excerpt":{"rendered":"<p>\u00a0\u0130Y\u0130 Parti&#8217;de istifa dalgas\u0131 s\u00fcr\u00fcyor. \u0130Y\u0130 Parti \u0130stanbul Milletvekili Nimet \u00d6zdemir de partisinden istifa etti.<\/p>\n","protected":false},"author":1,"featured_media":122600,"comment_status":"open","ping_status":"open","sticky":false,"template":"","format":"standard","meta":{"footnotes":""},"categories":[3],"tags":[1778],"class_list":["post-122599","post","type-post","status-publish","format-standard","has-post-thumbnail","hentry","category-guncel","tag-iyi-parti"],"_links":{"self":[{"href":"https:\/\/kamucalisani.net\/index.php\/wp-json\/wp\/v2\/posts\/122599","targetHints":{"allow":["GET"]}}],"collection":[{"href":"https:\/\/kamucalisani.net\/index.php\/wp-json\/wp\/v2\/posts"}],"about":[{"href":"https:\/\/kamucalisani.net\/index.php\/wp-json\/wp\/v2\/types\/post"}],"author":[{"embeddable":true,"href":"https:\/\/kamucalisani.net\/index.php\/wp-json\/wp\/v2\/users\/1"}],"replies":[{"embeddable":true,"href":"https:\/\/kamucalisani.net\/index.php\/wp-json\/wp\/v2\/comments?post=122599"}],"version-history":[{"count":1,"href":"https:\/\/kamucalisani.net\/index.php\/wp-json\/wp\/v2\/posts\/122599\/revisions"}],"predecessor-version":[{"id":122601,"href":"https:\/\/kamucalisani.net\/index.php\/wp-json\/wp\/v2\/posts\/122599\/revisions\/122601"}],"wp:featuredmedia":[{"embeddable":true,"href":"https:\/\/kamucalisani.net\/index.php\/wp-json\/wp\/v2\/media\/122600"}],"wp:attachment":[{"href":"https:\/\/kamucalisani.net\/index.php\/wp-json\/wp\/v2\/media?parent=122599"}],"wp:term":[{"taxonomy":"category","embeddable":true,"href":"https:\/\/kamucalisani.net\/index.php\/wp-json\/wp\/v2\/categories?post=122599"},{"taxonomy":"post_tag","embeddable":true,"href":"https:\/\/kamucalisani.net\/index.php\/wp-json\/wp\/v2\/tags?post=122599"}],"curies":[{"name":"wp","href":"https:\/\/api.w.org\/{rel}","templated":true}]}}