{"id":122668,"date":"2025-10-09T11:48:17","date_gmt":"2025-10-09T11:48:17","guid":{"rendered":"https:\/\/kamucalisani.net\/?p=122668"},"modified":"2025-10-09T11:48:17","modified_gmt":"2025-10-09T11:48:17","slug":"lenovo-yuvarlanabilir-ekranli-dizustu-bilgisayarini-yakinda-tanitabilir","status":"publish","type":"post","link":"https:\/\/kamucalisani.net\/index.php\/2025\/10\/09\/lenovo-yuvarlanabilir-ekranli-dizustu-bilgisayarini-yakinda-tanitabilir\/","title":{"rendered":"Lenovo, yuvarlanabilir ekranl\u0131 diz\u00fcst\u00fc bilgisayar\u0131n\u0131 yak\u0131nda tan\u0131tabilir"},"content":{"rendered":"<p><figure> <span> <img decoding=\"async\" src=\"https:\/\/kamucalisani.net\/wp-content\/uploads\/2025\/10\/lenovo-yuvarlanabilir-ekranli-dizustu-bilgisayarini-yakinda-tanitabilir-0-2A8a8Okq.jpg\"\/> <\/span> Lenovo ge\u00e7en y\u0131l <strong>yuvarlanabilir\/kayd\u0131r\u0131labilir ekrana <\/strong>sahip bir diz\u00fcst\u00fc bilgisayar konseptini g\u00f6stermi\u015fti. G\u00f6r\u00fcn\u00fc\u015fe g\u00f6re bu konsept ger\u00e7e\u011fe d\u00f6n\u00fc\u015fmek \u00fczere.\u00a0 <\/figure>\n<p><b>CES 2025&#8217;te tan\u0131t\u0131labilir<\/b><\/p>\n<p>Evan Blass isimli s\u0131z\u0131nt\u0131 kayna\u011f\u0131, alt\u0131nc\u0131 nesil <strong>Lenovo ThinkBook Plus<\/strong> olarak belirtti\u011fi yuvarlanabilir ekranl\u0131 bir diz\u00fcst\u00fc bilgisayar\u0131n g\u00f6r\u00fcnt\u00fclerini payla\u015farak bilgisar\u0131n <strong>Ocak ay\u0131ndaki CES 2025 fuar\u0131nda<\/strong> tan\u0131t\u0131laca\u011f\u0131n\u0131 iddia etti.<\/p>\n<p>Ekran\u0131 yukar\u0131 do\u011fru a\u00e7\u0131larak geni\u015fleyebilen bilgisayar, 2023&#8217;te tan\u0131t\u0131lan konsepte olduk\u00e7a benziyor. Uzayabilen ekran\u0131yla laptop, \u00e7oklu g\u00f6revler i\u00e7in ideal bir kullan\u0131m senaryosu olu\u015fturabiliyor.<\/p>\n<p>Bilgisayar\u0131n \u00f6zellikleriyle ilgili \u015fuan i\u00e7in elimizde bir bilgi bulunmuyor, ancak tan\u0131t\u0131m ger\u00e7ekle\u015firse, fuardaki en ilgin\u00e7 ve dikkat \u00e7ekici \u00fcr\u00fcnlerden biri olaca\u011f\u0131 kesin.<\/p>\n\n<p>Kaynak\u00a0 :\u00a0<span style=\"background-color: rgb(255, 249, 236); color: rgb(55, 58, 60); font-size: 14px;\">https:\/\/www.donanimhaber.com\/lenovo-yuvarlanabilir-ekranli-bilgisayarini-yakinda-tanitabilir&#8211;185557<\/span><\/p>\n","protected":false},"excerpt":{"rendered":"<p>Lenovo ge\u00e7en y\u0131l yuvarlanabilir\/kayd\u0131r\u0131labilir ekrana sahip bir diz\u00fcst\u00fc bilgisayar konseptini g\u00f6stermi\u015fti. G\u00f6r\u00fcn\u00fc\u015fe g\u00f6re bu konsept ger\u00e7e\u011fe d\u00f6n\u00fc\u015fmek \u00fczere.\u00a0 CES 2025&#8217;te tan\u0131t\u0131labilir Evan Blass isimli s\u0131z\u0131nt\u0131 kayna\u011f\u0131, alt\u0131nc\u0131 nesil Lenovo &#8230;<\/p>\n","protected":false},"author":1,"featured_media":122669,"comment_status":"open","ping_status":"open","sticky":false,"template":"","format":"standard","meta":{"footnotes":""},"categories":[8],"tags":[1617],"class_list":["post-122668","post","type-post","status-publish","format-standard","has-post-thumbnail","hentry","category-teknoloji","tag-bilgi"],"_links":{"self":[{"href":"https:\/\/kamucalisani.net\/index.php\/wp-json\/wp\/v2\/posts\/122668","targetHints":{"allow":["GET"]}}],"collection":[{"href":"https:\/\/kamucalisani.net\/index.php\/wp-json\/wp\/v2\/posts"}],"about":[{"href":"https:\/\/kamucalisani.net\/index.php\/wp-json\/wp\/v2\/types\/post"}],"author":[{"embeddable":true,"href":"https:\/\/kamucalisani.net\/index.php\/wp-json\/wp\/v2\/users\/1"}],"replies":[{"embeddable":true,"href":"https:\/\/kamucalisani.net\/index.php\/wp-json\/wp\/v2\/comments?post=122668"}],"version-history":[{"count":1,"href":"https:\/\/kamucalisani.net\/index.php\/wp-json\/wp\/v2\/posts\/122668\/revisions"}],"predecessor-version":[{"id":122671,"href":"https:\/\/kamucalisani.net\/index.php\/wp-json\/wp\/v2\/posts\/122668\/revisions\/122671"}],"wp:featuredmedia":[{"embeddable":true,"href":"https:\/\/kamucalisani.net\/index.php\/wp-json\/wp\/v2\/media\/122669"}],"wp:attachment":[{"href":"https:\/\/kamucalisani.net\/index.php\/wp-json\/wp\/v2\/media?parent=122668"}],"wp:term":[{"taxonomy":"category","embeddable":true,"href":"https:\/\/kamucalisani.net\/index.php\/wp-json\/wp\/v2\/categories?post=122668"},{"taxonomy":"post_tag","embeddable":true,"href":"https:\/\/kamucalisani.net\/index.php\/wp-json\/wp\/v2\/tags?post=122668"}],"curies":[{"name":"wp","href":"https:\/\/api.w.org\/{rel}","templated":true}]}}