{"id":122792,"date":"2025-10-09T17:48:12","date_gmt":"2025-10-09T17:48:12","guid":{"rendered":"https:\/\/kamucalisani.net\/?p=122792"},"modified":"2025-10-09T17:48:12","modified_gmt":"2025-10-09T17:48:12","slug":"canli-galatasarayin-hazirlik-macinda-rakibi-lecce","status":"publish","type":"post","link":"https:\/\/kamucalisani.net\/index.php\/2025\/10\/09\/canli-galatasarayin-hazirlik-macinda-rakibi-lecce\/","title":{"rendered":"CANLI | Galatasaray&#8217;\u0131n haz\u0131rl\u0131k ma\u00e7\u0131nda rakibi Lecce"},"content":{"rendered":"<p><p>Ge\u00e7en sezonu \u015fampiyon olarak kapatan Galatasaray, yeni sezon haz\u0131rl\u0131klar\u0131 kapsam\u0131nda Lecce ile kar\u015f\u0131 kar\u015f\u0131ya gelecek. Linz&#8217;deki Raiffeisen Arena&#8217;da oynanacak olan m\u00fccadele 20.30\u2019da ba\u015flayacak.<\/p>\n<p>Galatasaray Lecce m\u00fccadelesi D-Smart ve D-Smart GO ekranlar\u0131nda canl\u0131 olarak yay\u0131nlanacak.<\/p>\n<section>\n<div>\n<div><img decoding=\"async\" src=\"https:\/\/kamucalisani.net\/wp-content\/uploads\/2025\/10\/canli-galatasarayin-hazirlik-macinda-rakibi-lecce-0-IdeNNYmj.jpg\"\/><\/img><\/p>\n<p>Galatasaray&#8217;\u0131n rakibi Lecce<\/p>\n<\/div>\n<div><span>17:06<\/span><span>24 Temmuz 2024<\/span><\/p>\n<div>ICARDI SAHNE ALIYOR<\/div>\n<div>\n<p>Avusturya\u2019da ilk kamp d\u00f6neminde tak\u0131mla birlikte \u00e7al\u0131\u015fsa da Mauro Icardi, Okan Buruk&#8217;un tercihiyle haz\u0131rl\u0131k ma\u00e7lar\u0131nda forma giymemi\u015fti. Taraftar\u0131n sab\u0131rs\u0131zl\u0131kla bekledi\u011fi Mauro Icardi\u2019nin son iki haz\u0131rl\u0131k ma\u00e7\u0131nda tak\u0131mdaki yerini almas\u0131 bekleniyor. \u00d6te yandan Fernando Muslera da forma giymesi beklenen di\u011fer bir isim.<\/p>\n<p><img decoding=\"async\" src=\"https:\/\/kamucalisani.net\/wp-content\/uploads\/2025\/10\/canli-galatasarayin-hazirlik-macinda-rakibi-lecce-1-anDWwa7S.jpg\"\/><\/img><\/p>\n<\/div>\n<div>\n<div>\n<div><span><img decoding=\"async\" src=\"https:\/\/kamucalisani.net\/wp-content\/uploads\/2025\/10\/canli-galatasarayin-hazirlik-macinda-rakibi-lecce-2-PCYEBRcY.jpg\"\/><\/img><\/span><\/div>\n<\/div>\n<\/div>\n<\/div>\n<div><span>17:05<\/span><span>24 Temmuz 2024<\/span><\/p>\n<div>HAZIRLIK MA\u00c7I KARNES\u0130<\/div>\n<div>\n<p>Sar\u0131-k\u0131rm\u0131z\u0131l\u0131lar oynad\u0131\u011f\u0131 ilk iki haz\u0131rl\u0131k ma\u00e7\u0131nda sahadan ma\u011flubiyetle ayr\u0131lm\u0131\u015ft\u0131.Avusturya\u2019daki lk etap kamp\u0131nda LASK Kul\u00fcb\u00fc\u2019n\u00fcn d\u00fczenledi\u011fi Summer Series Upper Austria turnuvas\u0131na kat\u0131lan Galatasaray, burada oynad\u0131\u011f\u0131 haz\u0131rl\u0131k ma\u00e7lar\u0131nda LASK\u2019a 3-2, Fortuna D\u00fcsseldorf\u2019a 5-2 ma\u011flup olurken, Trencin\u2019i 4-1 ma\u011flup etmi\u015fti. Avusturya\u2019da yapaca\u011f\u0131 ikinci kampta \u00f6nce Lecce ard\u0131ndan ise Parma tak\u0131mlar\u0131yla kozlar\u0131n\u0131 payla\u015facak.<\/p>\n<\/div>\n<div>\n<div>\n<div><span><img decoding=\"async\" src=\"https:\/\/kamucalisani.net\/wp-content\/uploads\/2025\/10\/canli-galatasarayin-hazirlik-macinda-rakibi-lecce-2-PCYEBRcY.jpg\"\/><\/img><\/span><\/div>\n<\/div>\n<\/div>\n<\/div>\n<div><span>17:05<\/span><span>24 Temmuz 2024<\/span><\/p>\n<div>MA\u00c7IN HEYECANI D-SMART&#8217;TA<\/div>\n<div>\n<p>Galatasaray &#8211; Lecce haz\u0131rl\u0131k ma\u00e7\u0131 24 Temmuz 2024 \u00c7ar\u015famba g\u00fcn\u00fc saat 20.30\u2019da ba\u015flayacak. Linz&#8217;deki Raiffeisen Arena&#8217;da oynanacak olan Galatasaray Lecce m\u00fccadelesi D-Smart ve D-Smart GO ekranlar\u0131nda canl\u0131 olarak yay\u0131nlanacak.<\/p>\n<p><img decoding=\"async\" src=\"https:\/\/kamucalisani.net\/wp-content\/uploads\/2025\/10\/canli-galatasarayin-hazirlik-macinda-rakibi-lecce-4-8YWaIwMF.jpg\"\/><\/img><\/p>\n<\/div>\n<div>\n<div>\n<div><span><img decoding=\"async\" src=\"https:\/\/kamucalisani.net\/wp-content\/uploads\/2025\/10\/canli-galatasarayin-hazirlik-macinda-rakibi-lecce-2-PCYEBRcY.jpg\"\/><\/img><\/span><\/div>\n<\/div>\n<\/div>\n<\/div>\n<div><span>17:04<\/span><span>24 Temmuz 2024<\/span><\/p>\n<div>4. HAZIRLIK MA\u00c7INDA RAK\u0130P LECCE<\/div>\n<div>\n<p>2023-2024 sezonunu \u00e7ifte kupayla kapatan Galatasaray yeni sezon haz\u0131rl\u0131klar\u0131na t\u00fcm h\u0131z\u0131yla devam ediyor. Avusturya kamp\u0131nda, \u00fc\u00e7 haz\u0131rl\u0131k ma\u00e7\u0131 yapan sar\u0131-k\u0131rm\u0131z\u0131l\u0131lar d\u00f6rd\u00fcnc\u00fc haz\u0131rl\u0131k ma\u00e7\u0131nda, \u0130talya Serie A ekiplerinden Lecce ile kozlar\u0131n\u0131 payla\u015facak.<\/p>\n<p><img decoding=\"async\" src=\"https:\/\/kamucalisani.net\/wp-content\/uploads\/2025\/10\/canli-galatasarayin-hazirlik-macinda-rakibi-lecce-6-aqflsLfJ.jpg\"\/><\/img><\/p>\n<\/div>\n<div>\n<div>\n<div><span><img decoding=\"async\" src=\"https:\/\/kamucalisani.net\/wp-content\/uploads\/2025\/10\/canli-galatasarayin-hazirlik-macinda-rakibi-lecce-2-PCYEBRcY.jpg\"\/><\/img><\/span><\/div>\n<\/div>\n<\/div>\n<\/div>\n<div><span>17:03<\/span><span>24 Temmuz 2024<\/span><\/p>\n<div>HAZIRLIKLAR DEVAM ED\u0130YOR<\/div>\n<div>\n<p>\u0130kinci etap kamp \u00e7al\u0131\u015fmalar\u0131 i\u00e7in Avusturya&#8217;n\u0131n Steiermark eyaletinin Liezen b\u00f6lgesindeki Irdning&#8217;de bulunan sar\u0131-k\u0131rm\u0131z\u0131l\u0131lar, teknik direkt\u00f6r Okan Buruk \u00f6nderli\u011finde haz\u0131rl\u0131klar\u0131n\u0131 s\u00fcrd\u00fcr\u00fcyor.<\/p>\n<p><img decoding=\"async\" src=\"https:\/\/kamucalisani.net\/wp-content\/uploads\/2025\/10\/canli-galatasarayin-hazirlik-macinda-rakibi-lecce-8-XHRguWNN.jpg\"\/><\/img><\/p>\n<\/div>\n<div>\n<div>\n<div><span><img decoding=\"async\" src=\"https:\/\/kamucalisani.net\/wp-content\/uploads\/2025\/10\/canli-galatasarayin-hazirlik-macinda-rakibi-lecce-2-PCYEBRcY.jpg\"\/><\/img><\/span><\/div>\n<\/div>\n<\/div>\n<\/div>\n<\/div>\n<div>\n<div><img decoding=\"async\" src=\"https:\/\/kamucalisani.net\/wp-content\/uploads\/2025\/10\/canli-galatasarayin-hazirlik-macinda-rakibi-lecce-10-lZeMI8ZD.jpg\"\/><\/img><\/p>\n<p><b>Canl\u0131 Anlat\u0131m \u00d6zeti<\/b><\/p>\n<\/div>\n<ul>\n<li><img decoding=\"async\" src=\"https:\/\/kamucalisani.net\/wp-content\/uploads\/2025\/10\/canli-galatasarayin-hazirlik-macinda-rakibi-lecce-11-HH9AfVA7.jpg\"\/><\/img>ICARDI SAHNE ALIYOR<\/li>\n<li><img decoding=\"async\" src=\"https:\/\/kamucalisani.net\/wp-content\/uploads\/2025\/10\/canli-galatasarayin-hazirlik-macinda-rakibi-lecce-11-HH9AfVA7.jpg\"\/><\/img>HAZIRLIK MA\u00c7I KARNES\u0130<\/li>\n<li><img decoding=\"async\" src=\"https:\/\/kamucalisani.net\/wp-content\/uploads\/2025\/10\/canli-galatasarayin-hazirlik-macinda-rakibi-lecce-11-HH9AfVA7.jpg\"\/><\/img>MA\u00c7IN HEYECANI D-SMART&#8217;TA<\/li>\n<li><img decoding=\"async\" src=\"https:\/\/kamucalisani.net\/wp-content\/uploads\/2025\/10\/canli-galatasarayin-hazirlik-macinda-rakibi-lecce-11-HH9AfVA7.jpg\"\/><\/img>4. HAZIRLIK MA\u00c7INDA RAK\u0130P LECCE<\/li>\n<li><img decoding=\"async\" src=\"https:\/\/kamucalisani.net\/wp-content\/uploads\/2025\/10\/canli-galatasarayin-hazirlik-macinda-rakibi-lecce-11-HH9AfVA7.jpg\"\/><\/img>HAZIRLIKLAR DEVAM ED\u0130YOR<\/li>\n<\/ul>\n<\/div>\n<\/section>\n<p><\/p>\n<p>Kaynak :\u00a0<span style=\"background-color: rgb(255, 249, 236); color: rgb(55, 58, 60); font-size: 14px;\">http:\/\/www.milliyet.com.tr\/skorer\/live-galatasarayin-hazirlik-macinda-rakibi-lecce-7160796<\/span><\/p>\n","protected":false},"excerpt":{"rendered":"<p>Yeni sezon haz\u0131rl\u0131klar\u0131na Avusturya&#8217;da devam eden Galatasaray, 4. haz\u0131rl\u0131k ma\u00e7\u0131nda Lecce ile kar\u015f\u0131 kar\u015f\u0131ya gelecek. D-Smart&#8217;tan yay\u0131nlanacak olan kar\u015f\u0131la\u015fman\u0131n t\u00fcm detaylar\u0131 Skorer&#8217;de\u2026<\/p>\n","protected":false},"author":1,"featured_media":122793,"comment_status":"open","ping_status":"open","sticky":false,"template":"","format":"standard","meta":{"footnotes":""},"categories":[7],"tags":[8157,3896,257,1907,8156],"class_list":["post-122792","post","type-post","status-publish","format-standard","has-post-thumbnail","hentry","category-spor","tag-24-temmuz-2024","tag-d-smart","tag-galatasaray","tag-hazirlik","tag-lecce"],"_links":{"self":[{"href":"https:\/\/kamucalisani.net\/index.php\/wp-json\/wp\/v2\/posts\/122792","targetHints":{"allow":["GET"]}}],"collection":[{"href":"https:\/\/kamucalisani.net\/index.php\/wp-json\/wp\/v2\/posts"}],"about":[{"href":"https:\/\/kamucalisani.net\/index.php\/wp-json\/wp\/v2\/types\/post"}],"author":[{"embeddable":true,"href":"https:\/\/kamucalisani.net\/index.php\/wp-json\/wp\/v2\/users\/1"}],"replies":[{"embeddable":true,"href":"https:\/\/kamucalisani.net\/index.php\/wp-json\/wp\/v2\/comments?post=122792"}],"version-history":[{"count":1,"href":"https:\/\/kamucalisani.net\/index.php\/wp-json\/wp\/v2\/posts\/122792\/revisions"}],"predecessor-version":[{"id":122810,"href":"https:\/\/kamucalisani.net\/index.php\/wp-json\/wp\/v2\/posts\/122792\/revisions\/122810"}],"wp:featuredmedia":[{"embeddable":true,"href":"https:\/\/kamucalisani.net\/index.php\/wp-json\/wp\/v2\/media\/122793"}],"wp:attachment":[{"href":"https:\/\/kamucalisani.net\/index.php\/wp-json\/wp\/v2\/media?parent=122792"}],"wp:term":[{"taxonomy":"category","embeddable":true,"href":"https:\/\/kamucalisani.net\/index.php\/wp-json\/wp\/v2\/categories?post=122792"},{"taxonomy":"post_tag","embeddable":true,"href":"https:\/\/kamucalisani.net\/index.php\/wp-json\/wp\/v2\/tags?post=122792"}],"curies":[{"name":"wp","href":"https:\/\/api.w.org\/{rel}","templated":true}]}}