{"id":123653,"date":"2025-10-11T07:00:38","date_gmt":"2025-10-11T07:00:38","guid":{"rendered":"https:\/\/kamucalisani.net\/?p=123653"},"modified":"2025-10-11T07:00:38","modified_gmt":"2025-10-11T07:00:38","slug":"mgk-toplaniyor-iste-gundemdeki-kritik-konular","status":"publish","type":"post","link":"https:\/\/kamucalisani.net\/index.php\/2025\/10\/11\/mgk-toplaniyor-iste-gundemdeki-kritik-konular\/","title":{"rendered":"MGK toplan\u0131yor! \u0130\u015fte g\u00fcndemdeki kritik konular"},"content":{"rendered":"<p><p>Milli G\u00fcvenlik Kurulu (MGK), Cumhurba\u015fkan\u0131 Recep Tayyip Erdo\u011fan&#8217;\u0131n ba\u015fkanl\u0131\u011f\u0131nda bu y\u0131l 4&#8217;\u00fcnc\u00fc kez yine yo\u011fun g\u00fcndemle toplanacak.<\/p>\n<p>Be\u015ftepe&#8217;de yap\u0131lacak toplant\u0131n\u0131n ilk ba\u015fl\u0131\u011f\u0131 ter\u00f6rle m\u00fccadele&#8230; T\u00fcrkiye&#8217;nin hedefi; Irak s\u0131n\u0131rlar\u0131ndaki g\u00fcvenlik \u00e7emberini yaz bitmeden tamamlamak.<\/p>\n<p>Toplant\u0131da Irak&#8217;\u0131n kuzeyindeki PKK hedeflerinin yok edilmesi i\u00e7in hem karadan hem de havadan aral\u0131ks\u0131z devam eden operasyonlar\u0131n \u00fczerinde durulacak. Sahadan gelen askeri ve istihbari bilgilerle birlikte operasyon b\u00f6lgesinde at\u0131lacak ad\u0131mlar ele al\u0131nacak. Kurul \u00fcyeleri, FET\u00d6 ve DEA\u015e gibi di\u011fer ter\u00f6r \u00f6rg\u00fctleriyle m\u00fccadeledeki son durumla ilgili de kurula bilgi sunacak.<\/p>\n<p><strong>SUR\u0130YE \u0130LE NORMALLE\u015eMEYE DA\u0130R ATILMASI PLANLANAN ADIMLAR G\u00d6R\u00dc\u015e\u00dcLECEK<br \/><\/strong><br \/>Milli G\u00fcvenlik Kurulu&#8217;nda, Suriye konusu da g\u00f6r\u00fc\u015f\u00fclecek. Ankara&#8217;n\u0131n iste\u011fi; Suriye&#8217;de kal\u0131c\u0131 bar\u0131\u015f ve istikrar\u0131 tesis etmek, bunun i\u00e7in de \u015eam y\u00f6netimi ile diplomatik ili\u015fkileri yeniden kurmak.<\/p>\n<p>Cumhurba\u015fkan\u0131 Erdo\u011fan&#8217;\u0131n talimat\u0131 do\u011frultusunda Suriye ile normalle\u015fme i\u00e7in ba\u015flat\u0131lan \u00e7al\u0131\u015fmalar ve bu konuda izlenecek yol haritas\u0131yla ilgili MGK&#8217;da de\u011ferlendirmeler yap\u0131lacak.<\/p>\n<p><strong>\u0130SRA\u0130L&#8217;\u0130N F\u0130L\u0130ST\u0130N TOPRAKLARINDAK\u0130 KATL\u0130AM DA MASADA OLACAK<br \/><\/strong><br \/>Kurul&#8217;un bir di\u011fer g\u00fcndem maddesi, \u0130srail&#8217;in Filistin topraklar\u0131nda s\u00fcrd\u00fcrd\u00fc\u011f\u00fc katliamlar olacak.<\/p>\n<p>Gazze&#8217;de ate\u015fkesin sa\u011flanmas\u0131, insani yard\u0131mlar\u0131n kesintisiz ula\u015ft\u0131r\u0131lmas\u0131 ve \u0130srail&#8217;in gerilimi b\u00f6lgeye yayma \u00e7abalar\u0131n\u0131n \u00f6n\u00fcne ge\u00e7ilmesi i\u00e7in y\u00fcr\u00fct\u00fclen diplomasi trafi\u011fi konu\u015fulacak. Uluslararas\u0131 Adalet Divan\u0131&#8217;nda \u0130srail aleyhine a\u00e7\u0131lan soyk\u0131r\u0131m davas\u0131ndaki s\u00fcre\u00e7le ilgili g\u00f6r\u00fc\u015f al\u0131\u015fveri\u015finde bulunulacak.<\/p>\n<p><strong>B\u00d6LGESEL VE ULUSLARARASI G\u00dcVENL\u0130K KONULARI DA G\u00d6R\u00dc\u015e\u00dcLECEK<br \/><\/strong><br \/>MGK toplant\u0131s\u0131nda Rusya-Ukrayna Sava\u015f\u0131, Azerbaycan ile Ermenistan aras\u0131ndaki bar\u0131\u015f s\u00fcreci, K\u0131br\u0131s&#8217;taki geli\u015fmeler ve Yunanistan ile ili\u015fkiler gibi di\u011fer b\u00f6lgesel ve uluslararas\u0131 konular da masada olacak.<\/p>\n\n<p><\/p>\n<p>Kaynak :\u00a0<span style=\"background-color: rgb(255, 249, 236); color: rgb(55, 58, 60); font-size: 14px;\">http:\/\/www.milliyet.com.tr\/gundem\/mgk-toplaniyor-iste-gundemdeki-kritik-konular-7160986<\/span><\/p>\n","protected":false},"excerpt":{"rendered":"<p>Milli G\u00fcvenlik Kurulu, iki ayl\u0131k aran\u0131n ard\u0131ndan bug\u00fcn Be\u015ftepe&#8217;de toplanacak. Toplant\u0131n\u0131n \u00f6ncelikli g\u00fcndemi; T\u00fcrkiye&#8217;nin s\u0131n\u0131r \u00f6tesinde ter\u00f6rle m\u00fccadele operasyonlar\u0131, Suriye ile normalle\u015fme s\u00fcreci ve \u0130srail&#8217;in Filistin&#8217;deki sald\u0131r\u0131lar\u0131. MGK toplant\u0131s\u0131nda, b\u00f6lgesel ve uluslararas\u0131 di\u011fer g\u00fcvenlik konular\u0131 da ele al\u0131nacak.<\/p>\n","protected":false},"author":1,"featured_media":123654,"comment_status":"open","ping_status":"open","sticky":false,"template":"","format":"standard","meta":{"footnotes":""},"categories":[3],"tags":[39],"class_list":["post-123653","post","type-post","status-publish","format-standard","has-post-thumbnail","hentry","category-guncel","tag-kurul"],"_links":{"self":[{"href":"https:\/\/kamucalisani.net\/index.php\/wp-json\/wp\/v2\/posts\/123653","targetHints":{"allow":["GET"]}}],"collection":[{"href":"https:\/\/kamucalisani.net\/index.php\/wp-json\/wp\/v2\/posts"}],"about":[{"href":"https:\/\/kamucalisani.net\/index.php\/wp-json\/wp\/v2\/types\/post"}],"author":[{"embeddable":true,"href":"https:\/\/kamucalisani.net\/index.php\/wp-json\/wp\/v2\/users\/1"}],"replies":[{"embeddable":true,"href":"https:\/\/kamucalisani.net\/index.php\/wp-json\/wp\/v2\/comments?post=123653"}],"version-history":[{"count":1,"href":"https:\/\/kamucalisani.net\/index.php\/wp-json\/wp\/v2\/posts\/123653\/revisions"}],"predecessor-version":[{"id":123655,"href":"https:\/\/kamucalisani.net\/index.php\/wp-json\/wp\/v2\/posts\/123653\/revisions\/123655"}],"wp:featuredmedia":[{"embeddable":true,"href":"https:\/\/kamucalisani.net\/index.php\/wp-json\/wp\/v2\/media\/123654"}],"wp:attachment":[{"href":"https:\/\/kamucalisani.net\/index.php\/wp-json\/wp\/v2\/media?parent=123653"}],"wp:term":[{"taxonomy":"category","embeddable":true,"href":"https:\/\/kamucalisani.net\/index.php\/wp-json\/wp\/v2\/categories?post=123653"},{"taxonomy":"post_tag","embeddable":true,"href":"https:\/\/kamucalisani.net\/index.php\/wp-json\/wp\/v2\/tags?post=123653"}],"curies":[{"name":"wp","href":"https:\/\/api.w.org\/{rel}","templated":true}]}}