{"id":123905,"date":"2025-10-11T19:12:09","date_gmt":"2025-10-11T19:12:09","guid":{"rendered":"https:\/\/kamucalisani.net\/?p=123905"},"modified":"2025-10-11T19:12:09","modified_gmt":"2025-10-11T19:12:09","slug":"filistinli-sporcular-pariste-coskuyla-karsilandi","status":"publish","type":"post","link":"https:\/\/kamucalisani.net\/index.php\/2025\/10\/11\/filistinli-sporcular-pariste-coskuyla-karsilandi\/","title":{"rendered":"Filistinli sporcular Paris\u2019te co\u015fkuyla kar\u015f\u0131land\u0131"},"content":{"rendered":"<p><p>\u00dcrd\u00fcn&#8217;\u00fcn ba\u015fkenti Amman&#8217;dan Paris&#8217;e gelen sporcular\u0131, Filistin destek\u00e7ileri ile ulusal ve uluslararas\u0131 bas\u0131n mensuplar\u0131 kar\u015f\u0131lad\u0131.<br \/>Delegasyonu kar\u015f\u0131lamaya gelen destek\u00e7iler, omuzlar\u0131na ve boyunlar\u0131na Filistin kefiyesi takarken, baz\u0131lar\u0131 da &#8220;\u0130srail i\u015fgalini boykot et&#8221; ve &#8220;Filistin \u00f6zg\u00fcr olmad\u0131k\u00e7a kimse \u00f6zg\u00fcr de\u011fil&#8221; yaz\u0131l\u0131 ti\u015f\u00f6rtler giydi.<\/p>\n<p>Filistin bayraklar\u0131 ta\u015f\u0131yan grup, havaliman\u0131nda &#8220;Ya\u015fas\u0131n Filistin&#8221;, &#8220;\u00d6zg\u00fcr Filistin&#8221;, &#8220;Hepimiz Filistinliyiz&#8221;, &#8220;Ya\u015fas\u0131n Filistin halk\u0131n\u0131n direni\u015fi&#8221; ve &#8220;\u0130\u015fgal son bulsun, \u0130srail bir ter\u00f6r devleti&#8221; sloganlar\u0131 att\u0131. Destek\u00e7iler, \u0130srail&#8217;in olimpiyatlar s\u0131ras\u0131nda boykot edilmesi ve bu \u00fclkeye y\u00f6nelik yapt\u0131r\u0131m uygulanmas\u0131 talebinde bulundu. Filistinli sporcular, kendilerini kar\u015f\u0131lamaya gelen vatanda\u015flara kefiye ve Filistin bayrakl\u0131 atk\u0131 hediye etti.<\/p>\n<div>\n<div><img decoding=\"async\" src=\"https:\/\/kamucalisani.net\/wp-content\/uploads\/2025\/10\/filistinli-sporcular-pariste-coskuyla-karsilandi-0-GZHy3j1X.jpg\"\/><\/img><\/div>\n<\/div>\n<p>Kafileyi kar\u015f\u0131lamaya gelenlerden Sabrine isimli Filistin as\u0131ll\u0131 32 ya\u015f\u0131ndaki vatanda\u015f, Filistin Milli Tak\u0131m\u0131&#8217;na destek vermek i\u00e7in havaliman\u0131nda oldu\u011funu belirterek, &#8220;B\u00f6lgede ya\u015fananlar nedeniyle bug\u00fcn havaliman\u0131nda bulunmak benim i\u00e7in \u00e7ok \u00f6nemli. Olimpiyatlar, Filistinlileri daha g\u00f6r\u00fcn\u00fcr k\u0131lacakt\u0131r.&#8221; ifadelerini kulland\u0131.<\/p>\n<p>Bir ba\u015fka Filistin destek\u00e7isi Meriem ise destek amac\u0131yla alana geldi\u011finin alt\u0131n\u0131 \u00e7izerek, &#8220;Onlar y\u00fcrekleri dolu \u015fekilde buraya geldiler. \u00c7\u00fcnk\u00fc \u0130srail, olimpik bar\u0131\u015fa dahi sayg\u0131 duymuyor. Biz onlar\u0131n \u00f6zg\u00fcrl\u00fc\u011f\u00fcn\u00fc desteklemek i\u00e7in buraday\u0131z. Tarih 7 Ekim 2023&#8217;te ba\u015flamad\u0131. Zaten 76 y\u0131ld\u0131r i\u015fgal s\u00f6z konusu. \u015eu ana kadar \u00e7ok fazla sivil hayat\u0131n\u0131 kaybetti.&#8221; diye konu\u015ftu.<br \/>Filistin Olimpiyat Komitesi Ba\u015fkan\u0131 Jibril Rajoub&#8217;un \u00f6nderlik etti\u011fi kafileyi, Filistin&#8217;in Paris B\u00fcy\u00fckel\u00e7isi Hala Abou-Hassira kar\u015f\u0131lad\u0131.<\/p>\n<p><strong>Paris 2024 Olimpiyatlar\u0131&#8217;nda Filistin&#8217;i temsil edecek 2&#8217;si kad\u0131n 8 sporcu \u015f\u00f6yle:<\/strong><br \/>Wasim Abusal (boks), Yazan Al Bawwab (y\u00fczme), Layla Almasri (atletizm), Fares Barawi (judo), Mohammed Dwedar (atletizm), Antonio Jorge Salhe (at\u0131c\u0131l\u0131k), Rose Valeria Tarazi (y\u00fczme), Omar Yaser Ismail (tekvando).<\/p>\n<p>\u00a0<\/p>\n\n<p><\/p>\n<p>Kaynak :\u00a0<span style=\"background-color: rgb(255, 249, 236); color: rgb(55, 58, 60); font-size: 14px;\">http:\/\/www.milliyet.com.tr\/skorer\/filistinli-sporcular-pariste-coskuyla-karsilandi-7161093<\/span><\/p>\n","protected":false},"excerpt":{"rendered":"<p>Paris 2024 Olimpiyatlar\u0131&#8217;nda m\u00fccadele edecek Filistinli sporcular, Paris Charles de Gaulle Havaliman\u0131&#8217;nda co\u015fkuyla kar\u015f\u0131land\u0131. Filistin bayraklar\u0131 ta\u015f\u0131yan grup, havaliman\u0131nda &#8220;Ya\u015fas\u0131n Filistin&#8221;, &#8220;\u00d6zg\u00fcr Filistin&#8221;, &#8220;Hepimiz Filistinliyiz&#8221;, &#8220;Ya\u015fas\u0131n Filistin halk\u0131n\u0131n direni\u015fi&#8221; ve &#8220;\u0130\u015fgal son bulsun, \u0130srail bir ter\u00f6r devleti&#8221; sloganlar\u0131 att\u0131.<\/p>\n","protected":false},"author":1,"featured_media":123906,"comment_status":"open","ping_status":"open","sticky":false,"template":"","format":"standard","meta":{"footnotes":""},"categories":[7],"tags":[2111,646],"class_list":["post-123905","post","type-post","status-publish","format-standard","has-post-thumbnail","hentry","category-spor","tag-destek","tag-filistin"],"_links":{"self":[{"href":"https:\/\/kamucalisani.net\/index.php\/wp-json\/wp\/v2\/posts\/123905","targetHints":{"allow":["GET"]}}],"collection":[{"href":"https:\/\/kamucalisani.net\/index.php\/wp-json\/wp\/v2\/posts"}],"about":[{"href":"https:\/\/kamucalisani.net\/index.php\/wp-json\/wp\/v2\/types\/post"}],"author":[{"embeddable":true,"href":"https:\/\/kamucalisani.net\/index.php\/wp-json\/wp\/v2\/users\/1"}],"replies":[{"embeddable":true,"href":"https:\/\/kamucalisani.net\/index.php\/wp-json\/wp\/v2\/comments?post=123905"}],"version-history":[{"count":1,"href":"https:\/\/kamucalisani.net\/index.php\/wp-json\/wp\/v2\/posts\/123905\/revisions"}],"predecessor-version":[{"id":123908,"href":"https:\/\/kamucalisani.net\/index.php\/wp-json\/wp\/v2\/posts\/123905\/revisions\/123908"}],"wp:featuredmedia":[{"embeddable":true,"href":"https:\/\/kamucalisani.net\/index.php\/wp-json\/wp\/v2\/media\/123906"}],"wp:attachment":[{"href":"https:\/\/kamucalisani.net\/index.php\/wp-json\/wp\/v2\/media?parent=123905"}],"wp:term":[{"taxonomy":"category","embeddable":true,"href":"https:\/\/kamucalisani.net\/index.php\/wp-json\/wp\/v2\/categories?post=123905"},{"taxonomy":"post_tag","embeddable":true,"href":"https:\/\/kamucalisani.net\/index.php\/wp-json\/wp\/v2\/tags?post=123905"}],"curies":[{"name":"wp","href":"https:\/\/api.w.org\/{rel}","templated":true}]}}