{"id":124080,"date":"2025-10-12T03:48:08","date_gmt":"2025-10-12T03:48:08","guid":{"rendered":"https:\/\/kamucalisani.net\/?p=124080"},"modified":"2025-10-12T03:48:08","modified_gmt":"2025-10-12T03:48:08","slug":"ankarada-can-pazari-8-yasindaki-cocuk-alevlerden-kendini-boyle-korudu","status":"publish","type":"post","link":"https:\/\/kamucalisani.net\/index.php\/2025\/10\/12\/ankarada-can-pazari-8-yasindaki-cocuk-alevlerden-kendini-boyle-korudu\/","title":{"rendered":"Ankara&#8217;da can pazar\u0131! 8 ya\u015f\u0131ndaki \u00e7ocuk alevlerden kendini b\u00f6yle korudu"},"content":{"rendered":"<p><p>\u00c7ankaya il\u00e7esi Ayranc\u0131 Mahallesi Re\u015fat Nuri Caddesi&#8217;ndeki 3 katl\u0131 binan\u0131n en \u00fcst kat\u0131nda saat 09.30 s\u0131ralar\u0131nda yang\u0131n \u00e7\u0131kt\u0131.<\/p>\n<p>K.\u00d6.D.&#8217;nin mutfakta yakt\u0131\u011f\u0131 mumdan \u00e7\u0131kt\u0131\u011f\u0131 iddia edilen yang\u0131n, b\u00fcy\u00fcd\u00fc. Dubleks dairedeki anne H.D. ile k\u00fc\u00e7\u00fck \u00e7ocu\u011fu A.E.D., yan binan\u0131n \u00e7at\u0131s\u0131nda tadilat yapan i\u015f\u00e7i Murat Kocaay taraf\u0131ndan kurtar\u0131ld\u0131.<\/p>\n<p>Murat Kocaay, alevler nedeniyle dubleks dairenin \u00fcst kat\u0131nda bulunan di\u011fer \u00e7ocu\u011fa ula\u015famad\u0131. A.E.D., bu s\u0131rada alevlerin aras\u0131ndan kendisini balkona att\u0131.<\/p>\n<div>\n<div><img decoding=\"async\" src=\"https:\/\/kamucalisani.net\/wp-content\/uploads\/2025\/10\/ankarada-can-pazari-8-yasindaki-cocuk-alevlerden-kendini-boyle-korudu-0-BRsDuSHi.jpg\"\/><\/img><\/div>\n<\/div>\n<p>\u00c7ocuk, balkondayken korku ve panik ya\u015fad\u0131. \u00c7evredekiler, alevlerden korunmas\u0131 i\u00e7in A.E.D.\u2019ye \u0131slak bez par\u00e7alar\u0131 att\u0131. A.E.D., yan\u0131 ba\u015f\u0131ndaki alevlerden, \u00fczerine su d\u00f6kerek ve \u0131slak bezlerle korunmaya \u00e7al\u0131\u015ft\u0131. Murat Kocaay da yanan binan\u0131n \u00e7at\u0131s\u0131na \u00e7\u0131kt\u0131 ancak alevler nedeniyle \u00e7ocu\u011fu kurtaramad\u0131.<\/p>\n<p>Bu s\u0131rada adrese itfaiye ekipleri sevk edildi. Ekipler, alevlere m\u00fcdahale ederken, \u00e7ocu\u011fu kurtarmak i\u00e7in de \u00e7al\u0131\u015fma ba\u015flatt\u0131. A.E.D., itfaiyenin merdivenli arac\u0131yla al\u0131n\u0131p kurtar\u0131ld\u0131. Anne ve \u00e7ocuklar\u0131 ambulansla, kontrol amac\u0131yla hastaneye g\u00f6t\u00fcr\u00fcld\u00fc. Yang\u0131n, itfaiye ekiplerinin \u00e7al\u0131\u015fmas\u0131yla yakla\u015f\u0131k 1 saatte s\u00f6nd\u00fcr\u00fcld\u00fc. \u00c7ankaya Belediye Ba\u015fkan\u0131 H\u00fcseyin Can G\u00fcner de olay yerine gelip, \u00e7al\u0131\u015fmalar hakk\u0131nda bilgi ald\u0131.<\/p>\n<div>\n<div><img decoding=\"async\" src=\"https:\/\/kamucalisani.net\/wp-content\/uploads\/2025\/10\/ankarada-can-pazari-8-yasindaki-cocuk-alevlerden-kendini-boyle-korudu-1-9ujHGE28.jpg\"\/><\/img><\/div>\n<\/div>\n<p>Murat Kocaay, anne ve k\u00fc\u00e7\u00fck \u00e7ocu\u011fu kurtard\u0131ktan sonra di\u011fer \u00e7ocuk i\u00e7in \u00e7at\u0131ya \u00e7\u0131kt\u0131\u011f\u0131n\u0131 s\u00f6yleyerek, &#8220;Elimi uzatt\u0131m, ancak yeti\u015femedim. \u00c7ocuk travma ge\u00e7irmi\u015f, korkmu\u015ftu. Sonra itfaiye geldi, itfaiye ile birlikte kurtard\u0131k&#8221; dedi.<\/p>\n<p>G\u00f6rg\u00fc tan\u0131klar\u0131ndan Ramazan \u00d6zk\u00f6k ise \u00e7ocu\u011fu kurtarmak i\u00e7in \u00e7abalad\u0131klar\u0131n\u0131 ama alevler nedeniyle i\u00e7eriye giremediklerini, itfaiyenin \u00e7ok ge\u00e7 geldi\u011fini ileri s\u00fcrd\u00fc.<\/p>\n<p>Yang\u0131nla ilgili soru\u015fturma ba\u015flat\u0131ld\u0131.<\/p>\n\n<p><\/p>\n<p>Kaynak :\u00a0<span style=\"background-color: rgb(255, 249, 236); color: rgb(55, 58, 60); font-size: 14px;\">http:\/\/www.milliyet.com.tr\/gundem\/ankarada-can-pazari-8-yasindaki-cocuk-alevlerden-kendini-boyle-korudu-7161134<\/span><\/p>\n","protected":false},"excerpt":{"rendered":"<p>Ankara&#8217;da 3 katl\u0131 binan\u0131n \u00fcst kat\u0131nda \u00e7\u0131kan yang\u0131nda 8 ya\u015f\u0131ndaki K.\u00d6.D. balkonda mahsur kald\u0131. K\u00fc\u00e7\u00fck \u00e7ocuk alevlerden \u00fczerine su d\u00f6k\u00fcp, kendisine at\u0131lan \u0131slak bezlerle korunmaya \u00e7al\u0131\u015ft\u0131.<\/p>\n","protected":false},"author":1,"featured_media":124081,"comment_status":"open","ping_status":"open","sticky":false,"template":"","format":"standard","meta":{"footnotes":""},"categories":[3],"tags":[4358,1569,65],"class_list":["post-124080","post","type-post","status-publish","format-standard","has-post-thumbnail","hentry","category-guncel","tag-alevler","tag-itfaiye","tag-yan"],"_links":{"self":[{"href":"https:\/\/kamucalisani.net\/index.php\/wp-json\/wp\/v2\/posts\/124080","targetHints":{"allow":["GET"]}}],"collection":[{"href":"https:\/\/kamucalisani.net\/index.php\/wp-json\/wp\/v2\/posts"}],"about":[{"href":"https:\/\/kamucalisani.net\/index.php\/wp-json\/wp\/v2\/types\/post"}],"author":[{"embeddable":true,"href":"https:\/\/kamucalisani.net\/index.php\/wp-json\/wp\/v2\/users\/1"}],"replies":[{"embeddable":true,"href":"https:\/\/kamucalisani.net\/index.php\/wp-json\/wp\/v2\/comments?post=124080"}],"version-history":[{"count":1,"href":"https:\/\/kamucalisani.net\/index.php\/wp-json\/wp\/v2\/posts\/124080\/revisions"}],"predecessor-version":[{"id":124084,"href":"https:\/\/kamucalisani.net\/index.php\/wp-json\/wp\/v2\/posts\/124080\/revisions\/124084"}],"wp:featuredmedia":[{"embeddable":true,"href":"https:\/\/kamucalisani.net\/index.php\/wp-json\/wp\/v2\/media\/124081"}],"wp:attachment":[{"href":"https:\/\/kamucalisani.net\/index.php\/wp-json\/wp\/v2\/media?parent=124080"}],"wp:term":[{"taxonomy":"category","embeddable":true,"href":"https:\/\/kamucalisani.net\/index.php\/wp-json\/wp\/v2\/categories?post=124080"},{"taxonomy":"post_tag","embeddable":true,"href":"https:\/\/kamucalisani.net\/index.php\/wp-json\/wp\/v2\/tags?post=124080"}],"curies":[{"name":"wp","href":"https:\/\/api.w.org\/{rel}","templated":true}]}}