{"id":124138,"date":"2025-10-12T06:24:12","date_gmt":"2025-10-12T06:24:12","guid":{"rendered":"https:\/\/kamucalisani.net\/?p=124138"},"modified":"2025-10-12T06:24:12","modified_gmt":"2025-10-12T06:24:12","slug":"turk-telekom-corumda-akilli-5g-tarim-sebekesini-hayata-gecirdi","status":"publish","type":"post","link":"https:\/\/kamucalisani.net\/index.php\/2025\/10\/12\/turk-telekom-corumda-akilli-5g-tarim-sebekesini-hayata-gecirdi\/","title":{"rendered":"T\u00fcrk Telekom, \u00c7orum&#8217;da ak\u0131ll\u0131 5G tar\u0131m \u015febekesini hayata ge\u00e7irdi"},"content":{"rendered":"<p><figure> <span> <img decoding=\"async\" src=\"https:\/\/kamucalisani.net\/wp-content\/uploads\/2025\/10\/turk-telekom-corumda-akilli-5g-tarim-sebekesini-hayata-gecirdi-0-GD8qa1yb.jpg\"\/> <\/span> <strong>T\u00fcrk Telekom<\/strong>, 5G teknolojisini tar\u0131m alan\u0131nda kullanmaya ba\u015flad\u0131. T\u00fcrk Telekom ve ZTE i\u015f birli\u011fi ile hayata ge\u00e7irilen proje ile \u00c7orum\u2019da 5G ak\u0131ll\u0131 tar\u0131m sistemi hayata ge\u00e7irildi. Pilot 5G a\u011f\u0131 \u00fczerinden dronelar ve ak\u0131ll\u0131 tar\u0131m makineleri kontrol edilerek 5G\u2019nin y\u00fcksek h\u0131z ve d\u00fc\u015f\u00fck gecikmeli ba\u011flant\u0131 \u00f6zelliklerinden yararlan\u0131l\u0131yor. <\/figure>\n<p><b>5G&#8217;den nas\u0131l yararlan\u0131l\u0131yor?<\/b><\/p>\n<p>\u00c7orum&#8217;da hayata ge\u00e7irilen <strong>5G ak\u0131ll\u0131 tar\u0131m projesi<\/strong> ile makineler 5G a\u011f\u0131 \u00fczerinden kontrol edilerek otomatik ila\u00e7lama, g\u00fcbreleme ve hassas sulama gibi g\u00f6revler ba\u015far\u0131yla yerine getirildi. T\u00fcrk Telekom ve ZTE proje kapsam\u0131nda, b\u00f6lgede y\u00fcksek h\u0131zl\u0131, d\u00fc\u015f\u00fck gecikmeli bir 5G a\u011f\u0131 kurarken, bu a\u011f\u0131 drone\u2019lar ve ak\u0131ll\u0131 tar\u0131m makineleri gibi ileri teknolojilerle entegre etti. 5G a\u011f\u0131n\u0131n sundu\u011fu ba\u011flant\u0131 sayesinde, art\u0131k yerel drone\u2019lar otomatik pestisit ve g\u00fcbre p\u00fcsk\u00fcrtme, verimli su kullan\u0131m\u0131 sa\u011flamak i\u00e7in hassas sulama gibi g\u00f6revleri yerine getiriyor. Ayr\u0131ca, <strong>otonom s\u00fcr\u00fc\u015f<\/strong> teknolojisini benimseyen \u00e7ift\u00e7ilerin, \u00f6zellikle yo\u011fun tar\u0131m sezonlar\u0131nda ekim ve hasat s\u00fcre\u00e7lerini otomatikle\u015ftirmeleri sa\u011fland\u0131. 5G ak\u0131ll\u0131 tar\u0131m teknolojilerinin daha fazla b\u00f6lgeye yay\u0131lmas\u0131 planlan\u0131rken, tar\u0131mda verimlilik ve kaynak tasarrufu hedefleniyor.<\/p>\n<p>T\u00fcrk Telekom Network Genel M\u00fcd\u00fcr Yard\u0131mc\u0131s\u0131 <strong>Zafer Orhan<\/strong>, \u201c\u00c7orum\u2019da ZTE ile yak\u0131n i\u015f birli\u011fimiz sayesinde, tar\u0131m\u0131n dijital d\u00f6n\u00fc\u015f\u00fcm\u00fcnde \u00f6nemli ad\u0131mlar att\u0131k. 5G\u2019nin getirdi\u011fi hassasiyet ve veri odakl\u0131 yetenekler, modern tar\u0131m\u0131n zorluklar\u0131n\u0131 a\u015fmam\u0131za, verimlili\u011fi art\u0131rmam\u0131za ve s\u00fcrd\u00fcr\u00fclebilir b\u00fcy\u00fcmeyi desteklememize yard\u0131mc\u0131 olacak. Bu \u00f6nc\u00fc proje arac\u0131l\u0131\u011f\u0131yla, yaln\u0131zca teknolojik yeteneklerimizi g\u00fc\u00e7lendirmekle kalm\u0131yor, i\u015f hedeflerimizin merkezine yerle\u015ftirdi\u011fimiz s\u00fcrd\u00fcr\u00fclebilirlik konusunda g\u00fc\u00e7l\u00fc bir ad\u0131m daha atarken, ayn\u0131 zamanda tar\u0131m\u0131 teknolojiyle g\u00fc\u00e7lendirme, ya\u015fam standartlar\u0131n\u0131 iyile\u015ftirme ve sosyo-ekonomik kalk\u0131nmay\u0131 destekleme vizyonumuzu ortaya koyuyoruz\u201d dedi.<\/p>\n<p>5G teknolojisinin en b\u00fcy\u00fck getirisi d\u00fc\u015f\u00fck gecikme s\u00fcresinde olacak. Tar\u0131m, sanayi, ula\u015f\u0131m, t\u0131p gibi alanlarda uzaktan kontrol ve makineler aras\u0131 ileti\u015fimde 5G kullan\u0131lacak.<\/p>\n<p><b>5G ne zaman kullan\u0131ma sunulacak?<\/b><\/p>\n<p>T\u00fcrkiye\u2019de 5G i\u00e7in 2025 y\u0131l\u0131nda ihale yap\u0131lmas\u0131 planlan\u0131yor. \u0130halede 700 MHz, 3,5 GHz ve 26 GHz frekanslar\u0131 tahsis edilecek. 2026 y\u0131l\u0131nda ise T\u00fcrkiye\u2019de 5G kullan\u0131ma sunulacak.<\/p>\n\n<p>Kaynak\u00a0 :\u00a0<span style=\"background-color: rgb(255, 249, 236); color: rgb(55, 58, 60); font-size: 14px;\">https:\/\/www.donanimhaber.com\/turk-telekom-corum-da-akilli-5g-tarim-sebekesini-hayata-gecirdi&#8211;185804<\/span><\/p>\n","protected":false},"excerpt":{"rendered":"<p>T\u00fcrk Telekom, 5G teknolojisini tar\u0131m alan\u0131nda kullanmaya ba\u015flad\u0131. T\u00fcrk Telekom ve ZTE i\u015f birli\u011fi ile hayata ge\u00e7irilen proje ile \u00c7orum\u2019da 5G ak\u0131ll\u0131 tar\u0131m sistemi hayata ge\u00e7irildi. Pilot 5G a\u011f\u0131 \u00fczerinden dronelar ve ak\u0131ll\u0131 tar\u0131m makineleri kontrol &#8230;<\/p>\n","protected":false},"author":1,"featured_media":124139,"comment_status":"open","ping_status":"open","sticky":false,"template":"","format":"standard","meta":{"footnotes":""},"categories":[8],"tags":[3357,8248,631,221],"class_list":["post-124138","post","type-post","status-publish","format-standard","has-post-thumbnail","hentry","category-teknoloji","tag-agi","tag-akilli-tarim","tag-tarim","tag-turk"],"_links":{"self":[{"href":"https:\/\/kamucalisani.net\/index.php\/wp-json\/wp\/v2\/posts\/124138","targetHints":{"allow":["GET"]}}],"collection":[{"href":"https:\/\/kamucalisani.net\/index.php\/wp-json\/wp\/v2\/posts"}],"about":[{"href":"https:\/\/kamucalisani.net\/index.php\/wp-json\/wp\/v2\/types\/post"}],"author":[{"embeddable":true,"href":"https:\/\/kamucalisani.net\/index.php\/wp-json\/wp\/v2\/users\/1"}],"replies":[{"embeddable":true,"href":"https:\/\/kamucalisani.net\/index.php\/wp-json\/wp\/v2\/comments?post=124138"}],"version-history":[{"count":1,"href":"https:\/\/kamucalisani.net\/index.php\/wp-json\/wp\/v2\/posts\/124138\/revisions"}],"predecessor-version":[{"id":124141,"href":"https:\/\/kamucalisani.net\/index.php\/wp-json\/wp\/v2\/posts\/124138\/revisions\/124141"}],"wp:featuredmedia":[{"embeddable":true,"href":"https:\/\/kamucalisani.net\/index.php\/wp-json\/wp\/v2\/media\/124139"}],"wp:attachment":[{"href":"https:\/\/kamucalisani.net\/index.php\/wp-json\/wp\/v2\/media?parent=124138"}],"wp:term":[{"taxonomy":"category","embeddable":true,"href":"https:\/\/kamucalisani.net\/index.php\/wp-json\/wp\/v2\/categories?post=124138"},{"taxonomy":"post_tag","embeddable":true,"href":"https:\/\/kamucalisani.net\/index.php\/wp-json\/wp\/v2\/tags?post=124138"}],"curies":[{"name":"wp","href":"https:\/\/api.w.org\/{rel}","templated":true}]}}