{"id":124266,"date":"2025-10-12T12:24:12","date_gmt":"2025-10-12T12:24:12","guid":{"rendered":"https:\/\/kamucalisani.net\/?p=124266"},"modified":"2025-10-12T12:24:12","modified_gmt":"2025-10-12T12:24:12","slug":"balikesirde-orman-yangini-mudahale-ediliyor","status":"publish","type":"post","link":"https:\/\/kamucalisani.net\/index.php\/2025\/10\/12\/balikesirde-orman-yangini-mudahale-ediliyor\/","title":{"rendered":"Bal\u0131kesir&#8217;de orman yang\u0131n\u0131! M\u00fcdahale ediliyor"},"content":{"rendered":"<p><p>\u0130vrindi il\u00e7esi k\u0131rsal G\u00fcmeli Mahallesi Madra Da\u011f\u0131&#8217;ndaki ormanda, saat 13.00 s\u0131ralar\u0131nda yang\u0131n \u00e7\u0131kt\u0131. Duman\u0131 g\u00f6renlerin ihbar\u0131yla olay yerine Bal\u0131kesir Orman B\u00f6lge M\u00fcd\u00fcrl\u00fc\u011f\u00fc ekipleri sevk edildi.<\/p>\n<p>Yang\u0131na havadan ve karadan m\u00fcdahale s\u00fcr\u00fcyor.<\/p>\n\n<p><\/p>\n<p>Kaynak :\u00a0<span style=\"background-color: rgb(255, 249, 236); color: rgb(55, 58, 60); font-size: 14px;\">http:\/\/www.milliyet.com.tr\/gundem\/balikesirde-orman-yangini-mudahale-ediliyor-7161215<\/span><\/p>\n","protected":false},"excerpt":{"rendered":"<p>Bal\u0131kesir\u2019in \u0130vrindi il\u00e7esinde orman yang\u0131n\u0131 \u00e7\u0131kt\u0131. Alevlere havadan ve karadan m\u00fcdahale devam ediyor.<\/p>\n","protected":false},"author":1,"featured_media":124267,"comment_status":"open","ping_status":"open","sticky":false,"template":"","format":"standard","meta":{"footnotes":""},"categories":[3],"tags":[],"class_list":["post-124266","post","type-post","status-publish","format-standard","has-post-thumbnail","hentry","category-guncel"],"_links":{"self":[{"href":"https:\/\/kamucalisani.net\/index.php\/wp-json\/wp\/v2\/posts\/124266","targetHints":{"allow":["GET"]}}],"collection":[{"href":"https:\/\/kamucalisani.net\/index.php\/wp-json\/wp\/v2\/posts"}],"about":[{"href":"https:\/\/kamucalisani.net\/index.php\/wp-json\/wp\/v2\/types\/post"}],"author":[{"embeddable":true,"href":"https:\/\/kamucalisani.net\/index.php\/wp-json\/wp\/v2\/users\/1"}],"replies":[{"embeddable":true,"href":"https:\/\/kamucalisani.net\/index.php\/wp-json\/wp\/v2\/comments?post=124266"}],"version-history":[{"count":1,"href":"https:\/\/kamucalisani.net\/index.php\/wp-json\/wp\/v2\/posts\/124266\/revisions"}],"predecessor-version":[{"id":124268,"href":"https:\/\/kamucalisani.net\/index.php\/wp-json\/wp\/v2\/posts\/124266\/revisions\/124268"}],"wp:featuredmedia":[{"embeddable":true,"href":"https:\/\/kamucalisani.net\/index.php\/wp-json\/wp\/v2\/media\/124267"}],"wp:attachment":[{"href":"https:\/\/kamucalisani.net\/index.php\/wp-json\/wp\/v2\/media?parent=124266"}],"wp:term":[{"taxonomy":"category","embeddable":true,"href":"https:\/\/kamucalisani.net\/index.php\/wp-json\/wp\/v2\/categories?post=124266"},{"taxonomy":"post_tag","embeddable":true,"href":"https:\/\/kamucalisani.net\/index.php\/wp-json\/wp\/v2\/tags?post=124266"}],"curies":[{"name":"wp","href":"https:\/\/api.w.org\/{rel}","templated":true}]}}