{"id":124359,"date":"2025-10-12T15:48:07","date_gmt":"2025-10-12T15:48:07","guid":{"rendered":"https:\/\/kamucalisani.net\/?p=124359"},"modified":"2025-10-12T15:48:07","modified_gmt":"2025-10-12T15:48:07","slug":"son-dakika-gumushanenin-kelkit-ilcesinde-3-7-buyuklugunde-deprem","status":"publish","type":"post","link":"https:\/\/kamucalisani.net\/index.php\/2025\/10\/12\/son-dakika-gumushanenin-kelkit-ilcesinde-3-7-buyuklugunde-deprem\/","title":{"rendered":"Son dakika&#8230; G\u00fcm\u00fc\u015fhane&#8217;nin Kelkit il\u00e7esinde 3.7 b\u00fcy\u00fckl\u00fc\u011f\u00fcnde deprem"},"content":{"rendered":"<p><p>Kandilli Rasathanesi ve Deprem Ara\u015ft\u0131rma Enstit\u00fcs\u00fc\u2019n\u00fcn internet sitesinde yer alan bilgiye g\u00f6re, saat 14.17\u2019de merkez \u00fcss\u00fc G\u00fcm\u00fc\u015fhane&#8217;nin Kelkit il\u00e7esi olan 3.7 b\u00fcy\u00fckl\u00fc\u011f\u00fcnde sars\u0131nt\u0131 kaydedildi.<\/p>\n<p>Depremin 4.3 kilometre derinlikte oldu\u011fu tespit edildi.<\/p>\n\n<p><\/p>\n<p>Kaynak :\u00a0<span style=\"background-color: rgb(255, 249, 236); color: rgb(55, 58, 60); font-size: 14px;\">http:\/\/www.milliyet.com.tr\/gundem\/son-dakika-gumushanenin-kelkit-ilcesinde-3-7-buyuklugunde-deprem-7161231<\/span><\/p>\n","protected":false},"excerpt":{"rendered":"<p>G\u00fcm\u00fc\u015fhane&#8217;nin Kelkit il\u00e7esinde 3.7 b\u00fcy\u00fckl\u00fc\u011f\u00fcnde bir deprem meydana geldi.<\/p>\n","protected":false},"author":1,"featured_media":124360,"comment_status":"open","ping_status":"open","sticky":false,"template":"","format":"standard","meta":{"footnotes":""},"categories":[3],"tags":[],"class_list":["post-124359","post","type-post","status-publish","format-standard","has-post-thumbnail","hentry","category-guncel"],"_links":{"self":[{"href":"https:\/\/kamucalisani.net\/index.php\/wp-json\/wp\/v2\/posts\/124359","targetHints":{"allow":["GET"]}}],"collection":[{"href":"https:\/\/kamucalisani.net\/index.php\/wp-json\/wp\/v2\/posts"}],"about":[{"href":"https:\/\/kamucalisani.net\/index.php\/wp-json\/wp\/v2\/types\/post"}],"author":[{"embeddable":true,"href":"https:\/\/kamucalisani.net\/index.php\/wp-json\/wp\/v2\/users\/1"}],"replies":[{"embeddable":true,"href":"https:\/\/kamucalisani.net\/index.php\/wp-json\/wp\/v2\/comments?post=124359"}],"version-history":[{"count":1,"href":"https:\/\/kamucalisani.net\/index.php\/wp-json\/wp\/v2\/posts\/124359\/revisions"}],"predecessor-version":[{"id":124361,"href":"https:\/\/kamucalisani.net\/index.php\/wp-json\/wp\/v2\/posts\/124359\/revisions\/124361"}],"wp:featuredmedia":[{"embeddable":true,"href":"https:\/\/kamucalisani.net\/index.php\/wp-json\/wp\/v2\/media\/124360"}],"wp:attachment":[{"href":"https:\/\/kamucalisani.net\/index.php\/wp-json\/wp\/v2\/media?parent=124359"}],"wp:term":[{"taxonomy":"category","embeddable":true,"href":"https:\/\/kamucalisani.net\/index.php\/wp-json\/wp\/v2\/categories?post=124359"},{"taxonomy":"post_tag","embeddable":true,"href":"https:\/\/kamucalisani.net\/index.php\/wp-json\/wp\/v2\/tags?post=124359"}],"curies":[{"name":"wp","href":"https:\/\/api.w.org\/{rel}","templated":true}]}}