{"id":126618,"date":"2025-10-17T08:00:12","date_gmt":"2025-10-17T08:00:12","guid":{"rendered":"https:\/\/kamucalisani.net\/?p=126618"},"modified":"2025-10-17T08:00:12","modified_gmt":"2025-10-17T08:00:12","slug":"beren-sunun-asansordeki-olumunde-akilalmaz-detay-can-alan-termos-ihmali","status":"publish","type":"post","link":"https:\/\/kamucalisani.net\/index.php\/2025\/10\/17\/beren-sunun-asansordeki-olumunde-akilalmaz-detay-can-alan-termos-ihmali\/","title":{"rendered":"Beren Su&#8217;nun asans\u00f6rdeki \u00f6l\u00fcm\u00fcnde ak\u0131lalmaz detay! Can alan &#8216;termos&#8217; ihmali"},"content":{"rendered":"<p><p>Beren Su Bolat, sal\u0131 g\u00fcn\u00fc Sincan il\u00e7esi Fevzi \u00c7akmak Mahallesi 4&#8217;\u00fcnc\u00fc Cadde&#8217;de s\u0131n\u0131f arkada\u015f\u0131n\u0131n oturdu\u011fu apartmana gitti. Beren Su ile arkada\u015f\u0131, 5 ve 6&#8217;nc\u0131 katlar aras\u0131nda duran asans\u00f6rde mahsur kald\u0131. \u0130hbar \u00fczerine gelen itfaiyenin \u00e7al\u0131\u015fmas\u0131 s\u0131ras\u0131nda Beren Su, asans\u00f6r bo\u015flu\u011funa d\u00fc\u015ferek hayat\u0131n\u0131 kaybederken, arkada\u015f\u0131 kurtar\u0131ld\u0131.<\/p>\n<div>\n<div><img decoding=\"async\" src=\"https:\/\/kamucalisani.net\/wp-content\/uploads\/2025\/10\/beren-sunun-asansordeki-olumunde-akilalmaz-detay-can-alan-termos-ihmali-0-B7uWqIyt.jpg\"\/><\/img><\/div>\n<\/div>\n<p>Beren Su&#8217;nun \u00f6l\u00fcm\u00fcne ili\u015fkin haz\u0131rlanan bilirki\u015fi raporu do\u011frultusunda itfaiye g\u00f6revlileri hakk\u0131nda Ankara Bat\u0131 Ba\u015fsavc\u0131l\u0131\u011f\u0131&#8217;nca &#8216;Taksirle \u00f6l\u00fcme neden olma su\u00e7lamas\u0131yla&#8217; adli soru\u015fturma, Ankara B\u00fcy\u00fck\u015fehir Belediyesi (ABB) taraf\u0131ndan ise idari soru\u015fturma ba\u015flat\u0131ld\u0131.<\/p>\n<p>\u00d6te yandan Beren Su ile arkada\u015f\u0131n\u0131n kurtar\u0131lma \u00e7al\u0131\u015fmas\u0131 s\u0131ras\u0131nda \u00e7ekilen bir foto\u011fraf da soru\u015fturma dosyas\u0131na girdi. Foto\u011frafta Beren Su, iki kat aras\u0131nda kalan asans\u00f6rden arkas\u0131 d\u00f6n\u00fck bir \u015fekilde indi\u011fi s\u0131rada, kendisini tutmas\u0131 gereken itfaiye personelinin bir elinde termos oldu\u011fu g\u00f6r\u00fcld\u00fc. Beren Su&#8217;nun, asans\u00f6rden indi\u011fi s\u0131rada alttaki bo\u015flu\u011fa d\u00fc\u015ft\u00fc\u011f\u00fc belirtildi.<\/p>\n<div>\n<div><img decoding=\"async\" src=\"https:\/\/kamucalisani.net\/wp-content\/uploads\/2025\/10\/beren-sunun-asansordeki-olumunde-akilalmaz-detay-can-alan-termos-ihmali-1-auWyEicv.jpg\"\/><\/img><\/div>\n<\/div>\n<p><strong>BELED\u0130YEDEN A\u00c7IKLAMA<\/strong><\/p>\n<p>ABB&#8217;den yap\u0131lan yaz\u0131l\u0131 a\u00e7\u0131klamada, &#8220;23 Temmuz 2024 tarihinde Sincan il\u00e7esi Fevzi \u00c7akmak Mahallesi&#8217;nde bulunan bir binada meydana gelen asans\u00f6rde mahsur kalma vakas\u0131nda yap\u0131lan kurtarma \u00e7al\u0131\u015fmalar\u0131 esnas\u0131nda meydana gelen \u00fcz\u00fcc\u00fc kazada 13 ya\u015f\u0131nda bir k\u0131z \u00e7ocu\u011funun hayat\u0131n\u0131 kaybetmesi \u00fczerine; gerek savc\u0131l\u0131k makam\u0131nca gerekse Ankara B\u00fcy\u00fck\u015fehir Belediyesi ilgili makamlar\u0131nca olaya m\u00fcdahale eden personeller hakk\u0131nda adli ve idari soru\u015fturma ba\u015flat\u0131lm\u0131\u015ft\u0131r. Devam eden hukuki s\u00fcre\u00e7ler ve a\u00e7\u0131lan soru\u015fturmalar neticesinde ilgili makamlarca \u00fcz\u00fcc\u00fc olaydaki sorumlulu\u011fun Ankara B\u00fcy\u00fck\u015fehir Belediyesi&#8217;nde oldu\u011funun tespiti halinde ise t\u00fcm yasal i\u015flemlerin hassasiyetle takip edilece\u011fini ve uygulanaca\u011f\u0131n\u0131 bildiririz&#8221; denildi.<\/p>\n\n<p><\/p>\n<p>Kaynak :\u00a0<span style=\"background-color: rgb(255, 249, 236); color: rgb(55, 58, 60); font-size: 14px;\">http:\/\/www.milliyet.com.tr\/gundem\/beren-sunun-asansordeki-olumunde-akilalmaz-detay-can-alan-termos-ihmali-7161929<\/span><\/p>\n","protected":false},"excerpt":{"rendered":"<p>Ankara&#8217;da, asans\u00f6rde mahsur kalan Beren Su Bolat&#8217;\u0131n (13), itfaiye ekibinin kurtarma \u00e7al\u0131\u015fmas\u0131 s\u0131ras\u0131nda asans\u00f6r bo\u015flu\u011funa d\u00fc\u015ferek hayat\u0131n\u0131 kaybetmesiyle ilgili itfaiye personeli hakk\u0131nda adli ve idari soru\u015fturma ba\u015flat\u0131ld\u0131. Beren Su, asans\u00f6rden indi\u011fi s\u0131rada kendisini tutmas\u0131 gereken itfaiye g\u00f6revlisinin elinde termos oldu\u011fu ortaya \u00e7\u0131kt\u0131. Bu ana ili\u015fkin foto\u011fraf, soru\u015fturma dosyas\u0131na girdi.<\/p>\n","protected":false},"author":1,"featured_media":126619,"comment_status":"open","ping_status":"open","sticky":false,"template":"","format":"standard","meta":{"footnotes":""},"categories":[3],"tags":[249,512],"class_list":["post-126618","post","type-post","status-publish","format-standard","has-post-thumbnail","hentry","category-guncel","tag-asansor","tag-sorusturma"],"_links":{"self":[{"href":"https:\/\/kamucalisani.net\/index.php\/wp-json\/wp\/v2\/posts\/126618","targetHints":{"allow":["GET"]}}],"collection":[{"href":"https:\/\/kamucalisani.net\/index.php\/wp-json\/wp\/v2\/posts"}],"about":[{"href":"https:\/\/kamucalisani.net\/index.php\/wp-json\/wp\/v2\/types\/post"}],"author":[{"embeddable":true,"href":"https:\/\/kamucalisani.net\/index.php\/wp-json\/wp\/v2\/users\/1"}],"replies":[{"embeddable":true,"href":"https:\/\/kamucalisani.net\/index.php\/wp-json\/wp\/v2\/comments?post=126618"}],"version-history":[{"count":1,"href":"https:\/\/kamucalisani.net\/index.php\/wp-json\/wp\/v2\/posts\/126618\/revisions"}],"predecessor-version":[{"id":126622,"href":"https:\/\/kamucalisani.net\/index.php\/wp-json\/wp\/v2\/posts\/126618\/revisions\/126622"}],"wp:featuredmedia":[{"embeddable":true,"href":"https:\/\/kamucalisani.net\/index.php\/wp-json\/wp\/v2\/media\/126619"}],"wp:attachment":[{"href":"https:\/\/kamucalisani.net\/index.php\/wp-json\/wp\/v2\/media?parent=126618"}],"wp:term":[{"taxonomy":"category","embeddable":true,"href":"https:\/\/kamucalisani.net\/index.php\/wp-json\/wp\/v2\/categories?post=126618"},{"taxonomy":"post_tag","embeddable":true,"href":"https:\/\/kamucalisani.net\/index.php\/wp-json\/wp\/v2\/tags?post=126618"}],"curies":[{"name":"wp","href":"https:\/\/api.w.org\/{rel}","templated":true}]}}