{"id":126634,"date":"2025-10-17T08:48:10","date_gmt":"2025-10-17T08:48:10","guid":{"rendered":"https:\/\/kamucalisani.net\/?p=126634"},"modified":"2025-10-17T08:48:10","modified_gmt":"2025-10-17T08:48:10","slug":"kocaelisporda-amaralla-yollar-ayrildi","status":"publish","type":"post","link":"https:\/\/kamucalisani.net\/index.php\/2025\/10\/17\/kocaelisporda-amaralla-yollar-ayrildi\/","title":{"rendered":"Kocaelispor&#8217;da Amaral&#8217;la yollar ayr\u0131ld\u0131!"},"content":{"rendered":"<p><p>Trendyol 1. Lig tak\u0131mlar\u0131ndan Kocaelispor&#8217;da, orta saha oyuncusu Joao Pedro Reis Amaral&#8217;\u0131n s\u00f6zle\u015fmesi feshedildi.<\/p>\n<p>Kul\u00fcb\u00fcn sosyal medya hesab\u0131ndan yap\u0131lan a\u00e7\u0131klamada, &#8220;Profesyonel futbolcumuz Joao Pedro Reis Amaral&#8217;\u0131n s\u00f6zle\u015fmesi kar\u015f\u0131l\u0131kl\u0131 olarak feshedilmi\u015ftir. Kendisine bug\u00fcne kadar verdi\u011fi emekler i\u00e7in te\u015fekk\u00fcr eder, bundan sonraki kariyerinde ba\u015far\u0131lar dileriz.&#8221; ifadelerine yer verildi.<\/p>\n\n<p><\/p>\n<p>Kaynak :\u00a0<span style=\"background-color: rgb(255, 249, 236); color: rgb(55, 58, 60); font-size: 14px;\">http:\/\/www.milliyet.com.tr\/skorer\/kocaelisporda-amaralla-yollar-ayrildi-7161831<\/span><\/p>\n","protected":false},"excerpt":{"rendered":"<p>Kocaelispor&#8217;da tecr\u00fcbeli futbolcu Amaral ile kar\u015f\u0131l\u0131kl\u0131 anla\u015fma sonucunda yollar ayr\u0131ld\u0131.<\/p>\n","protected":false},"author":1,"featured_media":126635,"comment_status":"open","ping_status":"open","sticky":false,"template":"","format":"standard","meta":{"footnotes":""},"categories":[7],"tags":[],"class_list":["post-126634","post","type-post","status-publish","format-standard","has-post-thumbnail","hentry","category-spor"],"_links":{"self":[{"href":"https:\/\/kamucalisani.net\/index.php\/wp-json\/wp\/v2\/posts\/126634","targetHints":{"allow":["GET"]}}],"collection":[{"href":"https:\/\/kamucalisani.net\/index.php\/wp-json\/wp\/v2\/posts"}],"about":[{"href":"https:\/\/kamucalisani.net\/index.php\/wp-json\/wp\/v2\/types\/post"}],"author":[{"embeddable":true,"href":"https:\/\/kamucalisani.net\/index.php\/wp-json\/wp\/v2\/users\/1"}],"replies":[{"embeddable":true,"href":"https:\/\/kamucalisani.net\/index.php\/wp-json\/wp\/v2\/comments?post=126634"}],"version-history":[{"count":1,"href":"https:\/\/kamucalisani.net\/index.php\/wp-json\/wp\/v2\/posts\/126634\/revisions"}],"predecessor-version":[{"id":126636,"href":"https:\/\/kamucalisani.net\/index.php\/wp-json\/wp\/v2\/posts\/126634\/revisions\/126636"}],"wp:featuredmedia":[{"embeddable":true,"href":"https:\/\/kamucalisani.net\/index.php\/wp-json\/wp\/v2\/media\/126635"}],"wp:attachment":[{"href":"https:\/\/kamucalisani.net\/index.php\/wp-json\/wp\/v2\/media?parent=126634"}],"wp:term":[{"taxonomy":"category","embeddable":true,"href":"https:\/\/kamucalisani.net\/index.php\/wp-json\/wp\/v2\/categories?post=126634"},{"taxonomy":"post_tag","embeddable":true,"href":"https:\/\/kamucalisani.net\/index.php\/wp-json\/wp\/v2\/tags?post=126634"}],"curies":[{"name":"wp","href":"https:\/\/api.w.org\/{rel}","templated":true}]}}